{"id":132955,"date":"2026-01-08T17:41:51","date_gmt":"2026-01-08T17:41:51","guid":{"rendered":"https:\/\/rdnews.al\/?p=132955"},"modified":"2026-01-08T17:41:51","modified_gmt":"2026-01-08T17:41:51","slug":"superfosfati-i-tiranes","status":"publish","type":"post","link":"https:\/\/rdnews.al\/index.php\/2026\/01\/08\/superfosfati-i-tiranes\/","title":{"rendered":"Superfosfati&#8221; i Tiran\u00ebs&#8230;"},"content":{"rendered":"<p><strong>Nga Iva V.GRILLO<\/strong><\/p>\n<p>Kushdo q\u00eb ka pas kaluar nga zona e La\u00e7it dikur, duhet t&#8217;i mbaj\u00eb mend nd\u00ebrtesat e m\u00ebdha n\u00eb form\u00eb oxhaku t\u00eb Superfosfatit t\u00eb cilat ngriheshin mbi sfondin e kodrave t\u00eb buta t\u00eb qytetit.<\/p>\n<p>Thuhej q\u00eb di\u00e7ka prodhonin&#8230; por pamja e qytetit ishte e mjerueshme dhe ndotja e mjedisit e dukshme.<\/p>\n<p>K\u00ebt\u00eb ndjesi t\u00eb krijon pamja e Tiran\u00ebs k\u00ebto m\u00ebngjese dimri, ku &#8220;superfosfati&#8221; prej betoni na hak\u00ebrrehet nga \u00e7do cep i Tiran\u00ebs duke ndotur pamjen, prishur humorin e duke i b\u00ebr\u00eb karshill\u00ebk edhe Dajtit t\u00eb madh\u00ebrish\u00ebm, njer\u00ebzis\u00eb dhe ndoshta edhe Per\u00ebndis\u00eb&#8230;<\/p>\n<p><img decoding=\"async\" src=\"https:\/\/scontent.ftia5-1.fna.fbcdn.net\/v\/t39.30808-6\/611760943_1420982263183882_5269942686363173806_n.jpg?stp=dst-jpg_s590x590_tt6&amp;_nc_cat=105&amp;ccb=1-7&amp;_nc_sid=833d8c&amp;_nc_ohc=8z23LR9V3AAQ7kNvwFPGhiw&amp;_nc_oc=AdmJUm2_jAagDeL1wqHaJLBC4-GDVnzckXbARABoZPGkTuVasQT41MS1b6qtl1wbjw4&amp;_nc_zt=23&amp;_nc_ht=scontent.ftia5-1.fna&amp;_nc_gid=_0pVOtYDdo0FJ1GrN7AAfA&amp;oh=00_Afplpq11nnCghcykyl1S7ME57BVU4mGla7R4bfLujTVvEg&amp;oe=6965C838\" \/><img decoding=\"async\" src=\"https:\/\/scontent.ftia5-1.fna.fbcdn.net\/v\/t39.30808-6\/612578736_1420982319850543_1504538204220886676_n.jpg?stp=dst-jpg_s590x590_tt6&amp;_nc_cat=110&amp;ccb=1-7&amp;_nc_sid=833d8c&amp;_nc_ohc=2ICzlHSOk3YQ7kNvwFXRLlZ&amp;_nc_oc=Adkq15eKNmZpWU0lckm7pmS0P60y7PqX4RJj7AmUBD5PTaWdcvCBvM_hfdLM8w7L8E4&amp;_nc_zt=23&amp;_nc_ht=scontent.ftia5-1.fna&amp;_nc_gid=_0pVOtYDdo0FJ1GrN7AAfA&amp;oh=00_AfohTTfWb_2dr36bN0qiUd8_vgjAwZhQOBVVVYuQi7iQ4Q&amp;oe=6965AB90\" \/><\/p>\n","protected":false},"excerpt":{"rendered":"<p>Nga Iva V.GRILLO Kushdo q\u00eb ka pas kaluar nga zona e La\u00e7it dikur, duhet t&#8217;i mbaj\u00eb mend nd\u00ebrtesat e m\u00ebdha n\u00eb form\u00eb oxhaku t\u00eb Superfosfatit t\u00eb cilat ngriheshin mbi sfondin e kodrave t\u00eb buta t\u00eb qytetit. Thuhej q\u00eb di\u00e7ka prodhonin&#8230; por pamja e qytetit ishte e mjerueshme dhe ndotja e mjedisit e dukshme. K\u00ebt\u00eb ndjesi &hellip;<\/p>\n","protected":false},"author":4,"featured_media":51216,"comment_status":"closed","ping_status":"closed","sticky":false,"template":"","format":"standard","meta":{"footnotes":""},"categories":[44],"tags":[],"class_list":["post-132955","post","type-post","status-publish","format-standard","has-post-thumbnail","","category-editorial"],"_links":{"self":[{"href":"https:\/\/rdnews.al\/index.php\/wp-json\/wp\/v2\/posts\/132955","targetHints":{"allow":["GET"]}}],"collection":[{"href":"https:\/\/rdnews.al\/index.php\/wp-json\/wp\/v2\/posts"}],"about":[{"href":"https:\/\/rdnews.al\/index.php\/wp-json\/wp\/v2\/types\/post"}],"author":[{"embeddable":true,"href":"https:\/\/rdnews.al\/index.php\/wp-json\/wp\/v2\/users\/4"}],"replies":[{"embeddable":true,"href":"https:\/\/rdnews.al\/index.php\/wp-json\/wp\/v2\/comments?post=132955"}],"version-history":[{"count":1,"href":"https:\/\/rdnews.al\/index.php\/wp-json\/wp\/v2\/posts\/132955\/revisions"}],"predecessor-version":[{"id":132956,"href":"https:\/\/rdnews.al\/index.php\/wp-json\/wp\/v2\/posts\/132955\/revisions\/132956"}],"wp:featuredmedia":[{"embeddable":true,"href":"https:\/\/rdnews.al\/index.php\/wp-json\/wp\/v2\/media\/51216"}],"wp:attachment":[{"href":"https:\/\/rdnews.al\/index.php\/wp-json\/wp\/v2\/media?parent=132955"}],"wp:term":[{"taxonomy":"category","embeddable":true,"href":"https:\/\/rdnews.al\/index.php\/wp-json\/wp\/v2\/categories?post=132955"},{"taxonomy":"post_tag","embeddable":true,"href":"https:\/\/rdnews.al\/index.php\/wp-json\/wp\/v2\/tags?post=132955"}],"curies":[{"name":"wp","href":"https:\/\/api.w.org\/{rel}","templated":true}]}}