{"id":132969,"date":"2026-01-08T18:57:58","date_gmt":"2026-01-08T18:57:58","guid":{"rendered":"https:\/\/rdnews.al\/?p=132969"},"modified":"2026-01-08T18:57:58","modified_gmt":"2026-01-08T18:57:58","slug":"protesta-para-bashkise-se-durresit-qytetaret-sna-mbyti-shiu-por-korrupsioni-i-ballukut-dhe-vjedhjet-e-sakos","status":"publish","type":"post","link":"https:\/\/rdnews.al\/index.php\/2026\/01\/08\/protesta-para-bashkise-se-durresit-qytetaret-sna-mbyti-shiu-por-korrupsioni-i-ballukut-dhe-vjedhjet-e-sakos\/","title":{"rendered":"Protesta para bashkis\u00eb s\u00eb Durr\u00ebsit, qytetar\u00ebt: S\u2019na mbyti shiu, por korrupsioni i Ballukut dhe vjedhjet e Sakos!"},"content":{"rendered":"<p>Katastrofa natyrore q\u00eb ka goditur Durr\u00ebsin p\u00ebr shkak t\u00eb motit t\u00eb keq, por edhe investimeve jo t\u00eb duhura p\u00ebr p\u00ebrballimin e k\u00ebtyre situatave, kan\u00eb b\u00ebr\u00eb q\u00eb banor\u00ebt e qytetit t\u00eb dalin sot (8 janar) n\u00eb protest\u00eb.<\/p>\n<p>Qindra qytetar\u00eb t\u00eb grupuar jan\u00eb mbledhur n\u00eb sheshin kryesor duke marshuar rrug\u00ebve t\u00eb Durr\u00ebsit dhe hedhur thirrje kund\u00ebr Bashkis\u00eb dhe Qeveris\u00eb si shkaktar\u00eb kryesore t\u00eb situat\u00ebs dhe d\u00ebmeve q\u00eb kan\u00eb p\u00ebsuar.<\/p>\n<p>Nuk munguan edhe thirrjet\u00a0<em>\u201cPosht\u00eb qeveria\u201d,<\/em>\u00a0<em>\u201cPosht\u00eb kryeministri<\/em>\u201d apo \u201c<em>Durr\u00ebsi n\u00eb uj\u00eb\u201d.<\/em><\/p>\n<p><img loading=\"lazy\" decoding=\"async\" class=\"alignnone size-medium wp-image-1645599\" src=\"https:\/\/boldnews.al\/wp-content\/uploads\/2026\/01\/protestA-durres1-640x368.jpg\" sizes=\"auto, (max-width: 640px) 100vw, 640px\" srcset=\"https:\/\/boldnews.al\/wp-content\/uploads\/2026\/01\/protestA-durres1-640x368.jpg 640w, https:\/\/boldnews.al\/wp-content\/uploads\/2026\/01\/protestA-durres1-750x431.jpg 750w, https:\/\/boldnews.al\/wp-content\/uploads\/2026\/01\/protestA-durres1.jpg 914w\" alt=\"\" width=\"640\" height=\"368\" data-pin-no-hover=\"true\" \/><\/p>\n<p>Madje ata kan\u00eb marshuar drejt Bashkis\u00eb, duke k\u00ebrkuar llogari te drejtuesit, por aty jan\u00eb penguar nga Policia Bashkiake. Ata jan\u00eb p\u00ebrplasur fizikisht dhe shtyre me efektiv\u00ebt p\u00ebr disa minuta.<\/p>\n<p><em>\u201cI bashkohemi Durr\u00ebsit. Ne jemi n\u00eb mes t\u00eb ujit dhe p\u00ebrmbytjeve, kurse k\u00ebta jan\u00eb n\u00eb mes t\u00eb kolltuqeve dhe zyrave. P\u00ebrgjegj\u00ebsi e kryetares Emiriana Sako. I b\u00ebj thirrje rinis\u00eb t\u00eb mos rrij\u00eb lokaleve se \u00ebsht\u00eb turp, un\u00eb jam e moshuar dhe kam dal\u00eb t\u2019u bashkohem k\u00ebtu\u201d, tha nj\u00eb prej protestueseve prezente.<\/em><\/p>\n<p><img loading=\"lazy\" decoding=\"async\" class=\"alignnone size-medium wp-image-1645600\" src=\"https:\/\/boldnews.al\/wp-content\/uploads\/2026\/01\/protesta-durres-bashkiaaaaa-640x367.jpg\" sizes=\"auto, (max-width: 640px) 100vw, 640px\" srcset=\"https:\/\/boldnews.al\/wp-content\/uploads\/2026\/01\/protesta-durres-bashkiaaaaa-640x367.jpg 640w, https:\/\/boldnews.al\/wp-content\/uploads\/2026\/01\/protesta-durres-bashkiaaaaa-750x430.jpg 750w, https:\/\/boldnews.al\/wp-content\/uploads\/2026\/01\/protesta-durres-bashkiaaaaa.jpg 918w\" alt=\"\" width=\"640\" height=\"367\" data-pin-no-hover=\"true\" \/><\/p>\n<p><em>\u201cKush na ka p\u00ebrmbyt? Qeveria!\u201d, \u201cRama ik!\u201d<\/em>\u00a0dhe \u201c<em>Durr\u00ebsi shpella e krimit\u201d<\/em>\u00a0ishin disa nga thirrjet e tjera t\u00eb hedhura nga qytetar\u00ebt.<\/p>\n<p><img loading=\"lazy\" decoding=\"async\" class=\"alignnone size-medium wp-image-1645602\" src=\"https:\/\/boldnews.al\/wp-content\/uploads\/2026\/01\/protesta-durres-bashkia-640x361.jpg\" sizes=\"auto, (max-width: 640px) 100vw, 640px\" srcset=\"https:\/\/boldnews.al\/wp-content\/uploads\/2026\/01\/protesta-durres-bashkia-640x361.jpg 640w, https:\/\/boldnews.al\/wp-content\/uploads\/2026\/01\/protesta-durres-bashkia-750x423.jpg 750w, https:\/\/boldnews.al\/wp-content\/uploads\/2026\/01\/protesta-durres-bashkia.jpg 920w\" alt=\"\" width=\"640\" height=\"361\" data-pin-no-hover=\"true\" \/><\/p>\n<p>Kryesisht kan\u00eb qen\u00eb banor\u00ebt e zon\u00ebs s\u00eb ish-K\u00ebnet\u00ebs, q\u00eb \u00ebsht\u00eb edhe m\u00eb e prekura nga kjo situat\u00eb dhe jo vet\u00ebm.<\/p>\n<p>Bashk\u00eb me ta kan\u00eb qen\u00eb edhe qytetar\u00eb nga lagje t\u00eb ndryshme, si Shkozetit, Plazhit dhe deri n\u00eb Sukth.<\/p>\n<p>Durr\u00ebsi \u00ebsht\u00eb paralizuar totalisht nga reshjet e dendura t\u00eb shiut, dhe banor\u00ebt kan\u00eb shprehur shqet\u00ebsimin pasi banesat e tyre jan\u00eb n\u00ebn uj\u00eb, po ashtu edhe shum\u00eb biznese p\u00ebrballen me probleme.<\/p>\n<p><em>\u201cK\u00ebto 30 vite asnj\u00ebher\u00eb nuk ka pasur p\u00ebrmbytje t\u00eb k\u00ebtyre p\u00ebrmasave n\u00eb qytetin e Durr\u00ebsit. \u00cbsht\u00eb mbytur, plazhi, Shkozeti, Spitalla, lagja 1, po p\u00ebr Velier\u00ebn kush e kishte fajin q\u00eb u mbyt Veliera\u201d, tha nj\u00eb tjet\u00ebr qytetar.<\/em><\/p>\n","protected":false},"excerpt":{"rendered":"<p>Katastrofa natyrore q\u00eb ka goditur Durr\u00ebsin p\u00ebr shkak t\u00eb motit t\u00eb keq, por edhe investimeve jo t\u00eb duhura p\u00ebr p\u00ebrballimin e k\u00ebtyre situatave, kan\u00eb b\u00ebr\u00eb q\u00eb banor\u00ebt e qytetit t\u00eb dalin sot (8 janar) n\u00eb protest\u00eb. Qindra qytetar\u00eb t\u00eb grupuar jan\u00eb mbledhur n\u00eb sheshin kryesor duke marshuar rrug\u00ebve t\u00eb Durr\u00ebsit dhe hedhur thirrje kund\u00ebr Bashkis\u00eb &hellip;<\/p>\n","protected":false},"author":4,"featured_media":132970,"comment_status":"closed","ping_status":"closed","sticky":false,"template":"","format":"standard","meta":{"footnotes":""},"categories":[37],"tags":[],"class_list":["post-132969","post","type-post","status-publish","format-standard","has-post-thumbnail","","category-politike"],"_links":{"self":[{"href":"https:\/\/rdnews.al\/index.php\/wp-json\/wp\/v2\/posts\/132969","targetHints":{"allow":["GET"]}}],"collection":[{"href":"https:\/\/rdnews.al\/index.php\/wp-json\/wp\/v2\/posts"}],"about":[{"href":"https:\/\/rdnews.al\/index.php\/wp-json\/wp\/v2\/types\/post"}],"author":[{"embeddable":true,"href":"https:\/\/rdnews.al\/index.php\/wp-json\/wp\/v2\/users\/4"}],"replies":[{"embeddable":true,"href":"https:\/\/rdnews.al\/index.php\/wp-json\/wp\/v2\/comments?post=132969"}],"version-history":[{"count":1,"href":"https:\/\/rdnews.al\/index.php\/wp-json\/wp\/v2\/posts\/132969\/revisions"}],"predecessor-version":[{"id":132971,"href":"https:\/\/rdnews.al\/index.php\/wp-json\/wp\/v2\/posts\/132969\/revisions\/132971"}],"wp:featuredmedia":[{"embeddable":true,"href":"https:\/\/rdnews.al\/index.php\/wp-json\/wp\/v2\/media\/132970"}],"wp:attachment":[{"href":"https:\/\/rdnews.al\/index.php\/wp-json\/wp\/v2\/media?parent=132969"}],"wp:term":[{"taxonomy":"category","embeddable":true,"href":"https:\/\/rdnews.al\/index.php\/wp-json\/wp\/v2\/categories?post=132969"},{"taxonomy":"post_tag","embeddable":true,"href":"https:\/\/rdnews.al\/index.php\/wp-json\/wp\/v2\/tags?post=132969"}],"curies":[{"name":"wp","href":"https:\/\/api.w.org\/{rel}","templated":true}]}}