{"id":132972,"date":"2026-01-08T19:09:43","date_gmt":"2026-01-08T19:09:43","guid":{"rendered":"https:\/\/rdnews.al\/?p=132972"},"modified":"2026-01-08T19:10:38","modified_gmt":"2026-01-08T19:10:38","slug":"leskaj-ne-terren-papergjegjshmeri-e-qeverise-kerkohet-nderhyrje-e-menjehershme-dhe-shpallja-e-fatkeqesise-natyrore","status":"publish","type":"post","link":"https:\/\/rdnews.al\/index.php\/2026\/01\/08\/leskaj-ne-terren-papergjegjshmeri-e-qeverise-kerkohet-nderhyrje-e-menjehershme-dhe-shpallja-e-fatkeqesise-natyrore\/","title":{"rendered":"Leskaj pran\u00eb banor\u00ebve: Pap\u00ebrgjegjshm\u00ebri e qeveris\u00eb, k\u00ebrkohet nd\u00ebrhyrje e menj\u00ebhershme dhe shpallja e fatkeq\u00ebsis\u00eb natyrore"},"content":{"rendered":"<p>Deputeti i PD, Bujar Leskaj, s\u00eb bashku me kryetarin e PD Vlor\u00eb, Hysni Sharra, Atird Hoxha dhe kryetarin e grup-seksionit t\u00eb Novosel\u00ebs, Sulo Peshtani ishin sot pran\u00eb banor\u00ebve n\u00eb zonat e prekura nga p\u00ebrmbytjet, duke u njohur nga af\u00ebr me situat\u00ebn e v\u00ebshtir\u00eb t\u00eb banor\u00ebve.<\/p>\n<p>Gjat\u00eb prononcimit t\u00eb tij, Leskaj denoncoi refuzimin e qeveris\u00eb p\u00ebr t\u00eb shpallur gjendjen e fatkeq\u00ebsis\u00eb natyrore, duke mos zbatuar as ligjin e vitit 2019 p\u00ebr mbrojtjen nga fatkeq\u00ebsit\u00eb natyrore.<\/p>\n<p>Ai theksoi se kjo pap\u00ebrgjegjshm\u00ebri ka l\u00ebn\u00eb familjet, bizneset dhe pronat e d\u00ebmtuara pa d\u00ebmshp\u00ebrblim, nd\u00ebrkoh\u00eb q\u00eb shum\u00eb banor\u00eb nuk kan\u00eb marr\u00eb ende kompensimet e m\u00ebparshme.<\/p>\n<p>Leskaj e cil\u00ebsoi situat\u00ebn si nj\u00eb prov\u00eb t\u00eb qart\u00eb t\u00eb munges\u00ebs s\u00eb p\u00ebrgjegjshm\u00ebris\u00eb s\u00eb qeveris\u00eb duke k\u00ebrkuar nd\u00ebrhyrje t\u00eb menj\u00ebhershme p\u00ebr t\u00eb mb\u00ebshtetur banor\u00ebt e zonave t\u00eb prekura.<\/p>\n<p><iframe loading=\"lazy\" style=\"border: none; overflow: hidden;\" src=\"https:\/\/www.facebook.com\/plugins\/video.php?height=316&amp;href=https%3A%2F%2Fwww.facebook.com%2Freel%2F3506606479490078%2F&amp;show_text=false&amp;width=560&amp;t=0\" width=\"560\" height=\"316\" frameborder=\"0\" scrolling=\"no\" allowfullscreen=\"allowfullscreen\"><\/iframe><\/p>\n","protected":false},"excerpt":{"rendered":"<p>Deputeti i PD, Bujar Leskaj, s\u00eb bashku me kryetarin e PD Vlor\u00eb, Hysni Sharra, Atird Hoxha dhe kryetarin e grup-seksionit t\u00eb Novosel\u00ebs, Sulo Peshtani ishin sot pran\u00eb banor\u00ebve n\u00eb zonat e prekura nga p\u00ebrmbytjet, duke u njohur nga af\u00ebr me situat\u00ebn e v\u00ebshtir\u00eb t\u00eb banor\u00ebve. Gjat\u00eb prononcimit t\u00eb tij, Leskaj denoncoi refuzimin e qeveris\u00eb p\u00ebr &hellip;<\/p>\n","protected":false},"author":4,"featured_media":132973,"comment_status":"closed","ping_status":"closed","sticky":false,"template":"","format":"standard","meta":{"footnotes":""},"categories":[37],"tags":[],"class_list":["post-132972","post","type-post","status-publish","format-standard","has-post-thumbnail","","category-politike"],"_links":{"self":[{"href":"https:\/\/rdnews.al\/index.php\/wp-json\/wp\/v2\/posts\/132972","targetHints":{"allow":["GET"]}}],"collection":[{"href":"https:\/\/rdnews.al\/index.php\/wp-json\/wp\/v2\/posts"}],"about":[{"href":"https:\/\/rdnews.al\/index.php\/wp-json\/wp\/v2\/types\/post"}],"author":[{"embeddable":true,"href":"https:\/\/rdnews.al\/index.php\/wp-json\/wp\/v2\/users\/4"}],"replies":[{"embeddable":true,"href":"https:\/\/rdnews.al\/index.php\/wp-json\/wp\/v2\/comments?post=132972"}],"version-history":[{"count":2,"href":"https:\/\/rdnews.al\/index.php\/wp-json\/wp\/v2\/posts\/132972\/revisions"}],"predecessor-version":[{"id":132975,"href":"https:\/\/rdnews.al\/index.php\/wp-json\/wp\/v2\/posts\/132972\/revisions\/132975"}],"wp:featuredmedia":[{"embeddable":true,"href":"https:\/\/rdnews.al\/index.php\/wp-json\/wp\/v2\/media\/132973"}],"wp:attachment":[{"href":"https:\/\/rdnews.al\/index.php\/wp-json\/wp\/v2\/media?parent=132972"}],"wp:term":[{"taxonomy":"category","embeddable":true,"href":"https:\/\/rdnews.al\/index.php\/wp-json\/wp\/v2\/categories?post=132972"},{"taxonomy":"post_tag","embeddable":true,"href":"https:\/\/rdnews.al\/index.php\/wp-json\/wp\/v2\/tags?post=132972"}],"curies":[{"name":"wp","href":"https:\/\/api.w.org\/{rel}","templated":true}]}}