{"id":132989,"date":"2026-01-08T20:49:48","date_gmt":"2026-01-08T20:49:48","guid":{"rendered":"https:\/\/rdnews.al\/?p=132989"},"modified":"2026-01-08T20:49:48","modified_gmt":"2026-01-08T20:49:48","slug":"kater-llogarite-bankare-te-rames","status":"publish","type":"post","link":"https:\/\/rdnews.al\/index.php\/2026\/01\/08\/kater-llogarite-bankare-te-rames\/","title":{"rendered":"Kat\u00ebr llogarit\u00eb bankare t\u00eb Ram\u00ebs"},"content":{"rendered":"<p><strong>\u00c7im Peka: Problemi nuk \u00ebsht\u00eb se ju ka dal\u00eb di\u00e7ka, problemi \u00ebsht\u00eb q\u00eb ju ju hetojn\u00eb dhe t\u00eb tjer\u00ebt nuk i hetojn\u00eb.<\/strong><\/p>\n<p><strong>Arben Ahmetaj:<\/strong>\u00a0Po ja ta them pse. Edi Rama, kreu i organizat\u00ebs, ka kat\u00ebr depozita, t\u00eb interesave t\u00eb veta kriminalo-financiare. Bashkia e Tiran\u00ebs, Ministria e Infrastruktur\u00ebs me pla\u00e7kitsen, AKSH-i, kopshti privat i tij, dhe 7-8 vitet e fundit, sh\u00ebndet\u00ebsia. P\u00ebr sh\u00ebndet\u00ebsin\u00eb do flasim her\u00ebs tjet\u00ebr, si\u00e7 e diskutuam. Edhe p\u00ebr thagm\u00ebn e tokave. Ju e dini, un\u00eb jua tregova, sot n\u00eb emailin tim 1000 Nest Angoni d\u00ebrgojn\u00eb denoncime.<\/p>\n<p><strong>\u00c7im Peka: Pra ju po thoni, Erion Veliaj, Belinda Balluku, AKSH-i dhe Ogerta Manastirliu jan\u00eb depozita&#8230;<\/strong><\/p>\n<p><strong>Arben Ahmetaj:<\/strong>\u00a0Kjo \u00ebsht\u00eb arsyeja pse ka, \u00ebsht\u00eb sjell\u00eb ndryshe me ata dhe ndryshe me mua. Kjo. Pyetja jote ishte pse ata i mbron? Un\u00eb do isha i turp\u00ebruar t\u00eb m\u00eb mbronte kreu i organizat\u00ebs. Mua po t\u00eb m\u00eb mbronte kreu i organizat\u00ebs, po jua them shqiptar\u00ebve, i bie q\u00eb isha pjes\u00eb e organizat\u00ebs s\u00eb tij kriminale.<\/p>\n<p><strong>\u00c7im Peka: Po si ka mund\u00ebsi q\u00eb 4 depozita t\u00eb Edi Ram\u00ebs dy jan\u00eb n\u00eb burg, ose nj\u00eb \u00ebsht\u00eb n\u00eb burg, tre t\u00eb tjer\u00ebt jan\u00eb rrug\u00ebs p\u00ebr aty dhe Edi Rama nuk i ka mbrojtur kur ju thoni q\u00eb ai kontrollon SPAK-un?<\/strong><\/p>\n<p><strong>Arben Ahmetaj:<\/strong>\u00a0Ta mbaroj k\u00ebt\u00eb dhe do vij se \u00ebsht\u00eb e r\u00ebnd\u00ebsishme. Pra, si\u00e7 ju thash\u00eb, tentojn\u00eb t\u00eb akuzojn\u00eb p\u00ebr asete private t\u00eb v\u00ebna para em\u00ebrimit tim n\u00eb qeveri. Un\u00eb e b\u00ebra nj\u00eb sfid\u00eb. Nj\u00eb veting hetim pasuror. Dhe do t&#8217;ju lutem q\u00eb t\u00eb dali p\u00ebrball\u00eb shqiptar\u00ebve dhe t\u00eb thot\u00eb q\u00eb po, Ben Ahmetaj i \u00ebsht\u00eb shtuar pasuria. Ja \u00e7far\u00eb ka v\u00ebn\u00eb, ja \u00e7far\u00eb ka v\u00ebn\u00eb, ja \u00e7far\u00eb ka v\u00ebn\u00eb. Dhe pastaj t\u00eb m\u00eb krahasojn\u00eb me t\u00eb tjer\u00ebt. Po. Sfid\u00eb! Jo nj\u00eb sjellje ndryshe aty, nj\u00eb sjellje ndryshe k\u00ebtu. K\u00ebt\u00eb e fusim n\u00eb burg, k\u00ebt\u00eb nuk e fusim. K\u00ebt\u00eb i k\u00ebrkojm\u00eb pezullim nga detyra, pezullim nga detyra, me k\u00eb talleni ju? \u00c7&#8217;\u00ebsht\u00eb kjo pezullim nga detyra? Pse kaloni nga shkalla n\u00eb shkall\u00eb ju? Po do vijm\u00eb aty.<\/p>\n<p><strong>\u00c7im Peka: Ta mbarojm\u00eb me ty nj\u00ebher\u00eb.<\/strong><\/p>\n<p><strong>Arben Ahmetaj:<\/strong>\u00a0Tentojn\u00eb t\u00eb akuzojn\u00eb bashk\u00ebshorten dhe ish-bashk\u00ebshorten p\u00ebr procese profesionale pa asnj\u00eb lidhje. Po e di p\u00ebr \u00e7far\u00eb akuzohet Eriola? Akuzohet Eriola se ka kontrata me kompani jasht\u00eb Shqip\u00ebrie q\u00eb s&#8217;kan\u00eb lidhje me Shqip\u00ebrin\u00eb fare, q\u00eb s&#8217;kan\u00eb lidhje me pun\u00eb publike, q\u00eb s&#8217;kan\u00eb lidhje me incenerator\u00ebt, t\u00eb v\u00ebrtetuara. Jan\u00eb pun\u00eb fiktive, thot\u00eb zoti Dumani. Se i do qejfi i tij. Dometh\u00ebn\u00eb, me k\u00ebt\u00eb logjik\u00eb, \u00e7do profesionist, \u00e7do konsulent n\u00eb Republik\u00ebn e Shqip\u00ebris\u00eb mund t\u00eb akuzohet p\u00ebr pastrim parash. N\u00eb nj\u00eb vit e gjys\u00ebm, a dy vjet, diku te 60 e ca, 70 mij\u00eb euro pun\u00eb. Dakord? N\u00eb profesionin e saj. Pra, k\u00ebto jan\u00eb, q\u00eb ta din\u00eb shqiptar\u00ebt se d\u00ebgjojn\u00eb ndonj\u00ebher\u00eb me t\u00eb drejt\u00eb at\u00eb Bushatin q\u00eb thot\u00eb, ore Saliu doli dhe argumentoi dosjen e vet. Po mo mir\u00eb e ka b\u00ebr\u00eb kushdo q\u00eb e ka b\u00ebr\u00eb. Po kjo \u00ebsht\u00eb. Dhe e fundit fare se nuk dua t&#8217;i lodh shqiptar\u00ebt dhe i k\u00ebrkoj shum\u00eb t\u00eb falur.<\/p>\n<p><strong>\u00c7im Peka: Po.<\/strong><\/p>\n<p><strong>Arben Ahmetaj:<\/strong>\u00a0A \u00ebsht\u00eb normale? Kjo \u00e7\u00ebshtja e Buka, q\u00eb \u00ebsht\u00eb nj\u00eb nga \u00e7\u00ebshtjet m\u00eb qesharake, por do futet n\u00eb Gines p\u00ebr \u00e7\u00ebshtje qesharake. Sot \u00ebsht\u00eb n\u00eb gjykat\u00eb, n\u00eb gjykim, \u00ebsht\u00eb qesharake. Q\u00eb shkon prokurori i \u00e7\u00ebshtjes, q\u00eb ka b\u00ebr\u00eb thagma. Thagma, un\u00eb nuk e di, un\u00eb s&#8217;e konceptoj dot si mund t\u00eb b\u00ebj\u00eb nga ato gj\u00ebra. Nj\u00eb dit\u00eb t\u00eb bukur, deklaron n\u00eb gjykat\u00eb q\u00eb, akuza q\u00eb kam, n\u00eb qoft\u00eb se do duan shqiptar\u00ebt, t&#8217;jua d\u00ebrgoj, e kam futur n\u00eb Facebook.<\/p>\n<p><strong>\u00c7im Peka: E kam nxjerr\u00eb at\u00eb.<\/strong><\/p>\n<p><strong>Arben Ahmetaj:<\/strong>\u00a0Po, dhe ka dal\u00eb. Thot\u00eb, shiko, akuza q\u00eb ky ka d\u00ebmtuar interesat e shtetit, \u00ebsht\u00eb lapsus. Po mir\u00eb mo, KLP-ja, kur i b\u00ebn pyetje kandidat\u00ebve, e pyet \u00e7far\u00eb ndodh. \u00c7&#8217;jan\u00eb pyetjet k\u00ebto? Cilat jan\u00eb karakteristikat n\u00eb KLP? Cilat jan\u00eb karakteristikat q\u00eb juve i p\u00eblqeni paraardh\u00ebsit? Aman o burr\u00eb, po tash \u00ebsht\u00eb trup kushtetuese. Trupa kushtetuese praktikisht, un\u00eb nga trupat kushtetuese, n\u00eb filozofin\u00eb e edukimit tim dhe t\u00eb thelbit t\u00eb shtetit, un\u00eb mbaj sh\u00ebnim. \u00c7&#8217;\u00ebsht\u00eb sh\u00ebnimi t\u00eb mbaj un\u00eb? Nj\u00ebri, nj\u00eb zonj\u00eb i b\u00ebri, nj\u00eb pyetje p\u00ebr karakteristikat, nj\u00eb kandidat i kthehet me tallje p\u00ebr karakteristikat fizike e ke fjal\u00ebn. Po si mo, kjo \u00ebsht\u00eb trupa kushtetuese? Po kjo \u00ebsht\u00eb drejt\u00ebsia? Po ai \u00ebsht\u00eb drejt\u00ebsia, ajo \u00ebsht\u00eb. Dhe prokurori thot\u00eb, ky thot\u00eb, momentin e par\u00eb, i ka b\u00ebr\u00eb d\u00ebm shtetit thot\u00eb 7 milion\u00eb euro, q\u00eb \u00ebsht\u00eb idiotiz\u00ebm ekstrem n\u00eb aspektin profesional. Nj\u00eb dit\u00eb t\u00eb bukur thot\u00eb \u00ebsht\u00eb lapsus. Dhe gjyqtari e kalon p\u00ebr gjykim dhe kur i ka dh\u00ebn\u00eb urdh\u00ebr vet\u00eb gjyqtari q\u00eb bashkoje \u00e7\u00ebshtjen. \u00c7far\u00eb kan\u00eb k\u00ebt\u00eb stilin e, ke parasysh k\u00ebt\u00eb stilin me, me fraksione? Fraksionet i kan\u00eb vet\u00ebm p\u00ebr t\u00eb frik\u00ebsuar, p\u00ebr t\u00eb mbajtur pezull, \u00eb dhe p\u00ebr t\u00eb k\u00ebrc\u00ebnuar t\u00eb gjith\u00eb ata q\u00eb nuk sillen sipas d\u00ebshir\u00ebs s\u00eb disa prokuror\u00ebve. Jo t\u00eb gjith\u00ebve. E mbylla pjes\u00ebn time, un\u00eb betej\u00ebn e kam sa \u00e7&#8217;e kam personale, familjare, e kam me t\u00eb gjith\u00eb.<\/p>\n<p><strong>\u00c7im Peka: Tani t\u00eb vazhdojm\u00eb.<\/strong><\/p>\n<p><strong>Arben Ahmetaj:<\/strong>\u00a0Deri n\u00eb Strasburg. Dhe, edhe nj\u00eb gj\u00eb tjet\u00ebr. Do p\u00ebrballem un\u00eb me drejt\u00ebsin\u00eb, se e thon\u00eb, un\u00eb do p\u00ebrballem me drejt\u00ebsin\u00eb kur kreu i organizat\u00ebs t\u00eb mos i ket\u00eb, t\u00eb mos i ket\u00eb duart n\u00eb fyt.<\/p>\n","protected":false},"excerpt":{"rendered":"<p>\u00c7im Peka: Problemi nuk \u00ebsht\u00eb se ju ka dal\u00eb di\u00e7ka, problemi \u00ebsht\u00eb q\u00eb ju ju hetojn\u00eb dhe t\u00eb tjer\u00ebt nuk i hetojn\u00eb. Arben Ahmetaj:\u00a0Po ja ta them pse. Edi Rama, kreu i organizat\u00ebs, ka kat\u00ebr depozita, t\u00eb interesave t\u00eb veta kriminalo-financiare. Bashkia e Tiran\u00ebs, Ministria e Infrastruktur\u00ebs me pla\u00e7kitsen, AKSH-i, kopshti privat i tij, dhe &hellip;<\/p>\n","protected":false},"author":3,"featured_media":132990,"comment_status":"closed","ping_status":"closed","sticky":false,"template":"","format":"standard","meta":{"footnotes":""},"categories":[37],"tags":[],"class_list":["post-132989","post","type-post","status-publish","format-standard","has-post-thumbnail","","category-politike"],"_links":{"self":[{"href":"https:\/\/rdnews.al\/index.php\/wp-json\/wp\/v2\/posts\/132989","targetHints":{"allow":["GET"]}}],"collection":[{"href":"https:\/\/rdnews.al\/index.php\/wp-json\/wp\/v2\/posts"}],"about":[{"href":"https:\/\/rdnews.al\/index.php\/wp-json\/wp\/v2\/types\/post"}],"author":[{"embeddable":true,"href":"https:\/\/rdnews.al\/index.php\/wp-json\/wp\/v2\/users\/3"}],"replies":[{"embeddable":true,"href":"https:\/\/rdnews.al\/index.php\/wp-json\/wp\/v2\/comments?post=132989"}],"version-history":[{"count":1,"href":"https:\/\/rdnews.al\/index.php\/wp-json\/wp\/v2\/posts\/132989\/revisions"}],"predecessor-version":[{"id":132991,"href":"https:\/\/rdnews.al\/index.php\/wp-json\/wp\/v2\/posts\/132989\/revisions\/132991"}],"wp:featuredmedia":[{"embeddable":true,"href":"https:\/\/rdnews.al\/index.php\/wp-json\/wp\/v2\/media\/132990"}],"wp:attachment":[{"href":"https:\/\/rdnews.al\/index.php\/wp-json\/wp\/v2\/media?parent=132989"}],"wp:term":[{"taxonomy":"category","embeddable":true,"href":"https:\/\/rdnews.al\/index.php\/wp-json\/wp\/v2\/categories?post=132989"},{"taxonomy":"post_tag","embeddable":true,"href":"https:\/\/rdnews.al\/index.php\/wp-json\/wp\/v2\/tags?post=132989"}],"curies":[{"name":"wp","href":"https:\/\/api.w.org\/{rel}","templated":true}]}}