{"id":133008,"date":"2026-01-09T09:37:45","date_gmt":"2026-01-09T09:37:45","guid":{"rendered":"https:\/\/rdnews.al\/?p=133008"},"modified":"2026-01-09T09:37:45","modified_gmt":"2026-01-09T09:37:45","slug":"ahmetaj-kompania-kayo-eshte-krijuar-per-te-perfituar-biznesmenet-e-lidhur-me-ramen","status":"publish","type":"post","link":"https:\/\/rdnews.al\/index.php\/2026\/01\/09\/ahmetaj-kompania-kayo-eshte-krijuar-per-te-perfituar-biznesmenet-e-lidhur-me-ramen\/","title":{"rendered":"Ahmetaj: Kompania KAYO \u00ebsht\u00eb krijuar p\u00ebr t\u00eb p\u00ebrfituar biznesmen\u00ebt e lidhur me Ram\u00ebn"},"content":{"rendered":"<p>Ish-zv.kryeministri Arben Ahmetaj ka artikuluar akuza t\u00eb reja t\u00eb r\u00ebnda ndaj kryeministrit Edi Rama, k\u00ebt\u00eb her\u00eb lidhur me kompanin\u00eb shtet\u00ebrore t\u00eb arm\u00ebve KAYO, duke e cil\u00ebsuar at\u00eb si nj\u00eb instrument t\u00eb nd\u00ebrtuar p\u00ebr t\u00eb transferuar prona publike t\u00eb Forcave t\u00eb Armatosura n\u00eb duar private.<\/p>\n<div class=\"jeg_ad jeg_ad_article jnews_content_inline_ads  \">\n<div class=\"ads-wrapper align-center \">\n<div class=\"ads_code\">N\u00eb emisionin \u00c7im Peka Live n\u00eb Syri TV, Ahmetaj deklaroi se kompania KAYO \u00ebsht\u00eb krijuar nga qeveria jo p\u00ebr interesa strategjike t\u00eb mbrojtjes, por p\u00ebr t\u2019i hapur rrug\u00eb p\u00ebrfitimit t\u00eb biznesmen\u00ebve t\u00eb lidhur me pushtetin. Sipas tij, pas krijimit t\u00eb kompanis\u00eb shtet\u00ebrore, jan\u00eb marr\u00eb vendime ekstraligjore p\u00ebr t\u00eb futur si aksioner biznesmenin izraelit Ron Yeffet, i cil\u00ebsuar prej Ahmetajt si mik i af\u00ebrt personal i kryeministrit Rama.<\/div>\n<\/div>\n<\/div>\n<p><em>\u201cVet\u00ebm nj\u00eb mendje perverse, se kur thot\u00eb \u201ce bardha zem\u00ebr dhe e mira mendje\u201d e ka p\u00ebr \u201ce zeza zem\u00ebr dhe perversja mendje\u201d.<\/em>\u00a0tha Ahmetaj duke vazhduar: \u201c<em>\u00c7far\u00eb roli ka Yeffet n\u00eb biznes, ve\u00e7 miq\u00ebsis\u00eb me kryeministrin?\u201d<\/em><\/p>\n<p>Ahmetaj e p\u00ebrshkroi k\u00ebt\u00eb skem\u00eb si nj\u00eb afer\u00eb t\u00eb past\u00ebr korruptive, duke theksuar se nuk b\u00ebhet fjal\u00eb p\u00ebr nj\u00eb rast t\u00eb izoluar. Sipas tij, Ron Yeffet \u00ebsht\u00eb futur m\u00eb her\u00ebt si aksioner n\u00eb Air Albania, ka pasur tentativa p\u00ebr t\u2019i dh\u00ebn\u00eb tok\u00ebn e ambasad\u00ebs shqiptare n\u00eb SHBA p\u00ebr nd\u00ebrtim dhe tashm\u00eb, sipas Ahmetajt, po p\u00ebrfshihet edhe n\u00eb biznesin e arm\u00ebve p\u00ebrmes nj\u00eb kompanie publike, \u00e7ka p\u00ebrb\u00ebn konflikt t\u00eb hapur interesi dhe rrezik p\u00ebr sigurin\u00eb komb\u00ebtare.<\/p>\n<p>Ish z\u00ebvend\u00ebskryeministri solli n\u00eb v\u00ebmendje edhe nj\u00eb tjet\u00ebr episod q\u00eb e cil\u00ebsoi problematik, kontrat\u00ebn me kompanin\u00eb ELBI SYSTEM, e lidhur sipas tij me Ron Yeffet dhe e marr\u00eb n\u00ebn hetim nga disa vende t\u00eb NATO-s p\u00ebr tendera n\u00eb fush\u00ebn e arm\u00ebve.<\/p>\n<p>Ahmetaj sugjeroi se p\u00ebrfshirja e k\u00ebsaj kompanie n\u00eb projekte t\u00eb lidhura me shtetin shqiptar ngre pik\u00ebpyetje serioze p\u00ebr standardet e siguris\u00eb dhe p\u00ebrzgjedhjen e partner\u00ebve strategjik\u00eb.<\/p>\n<p>N\u00eb vijim, Ahmetaj denoncoi edhe nj\u00eb zhvillim t\u00eb fundit n\u00eb strukturat ushtarake, duke deklaruar se kreu i Forcave t\u00eb Armatosura \u00ebsht\u00eb nd\u00ebrruar pak koh\u00eb m\u00eb par\u00eb dhe se personi i em\u00ebruar \u00ebsht\u00eb v\u00ebllai i nj\u00eb miku t\u00eb af\u00ebrt t\u00eb kryeministrit Rama.<\/p>\n<p><em>\u201cE bukura \u00ebsht\u00eb q\u00eb k\u00ebta kan\u00eb nd\u00ebrruar komandantin e forcave tok\u00ebsore dhe kan\u00eb v\u00ebn\u00eb v\u00ebllain e nj\u00eb miku t\u00eb af\u00ebrt t\u00eb familjes, t\u00eb p\u00ebrmendur n\u00eb media. E dini pse? Se duan t\u00eb b\u00ebjn\u00eb rrush e kumbulla parat\u00eb e shqiptar\u00ebve me Ron Yeffet. Po ku e gjeti k\u00ebt\u00eb?\u201d<\/em>\u00a0tha Ahmetaj.<\/p>\n<p>Sipas tij, kjo l\u00ebvizje nuk \u00ebsht\u00eb rast\u00ebsore, por lidhet me plane p\u00ebr p\u00ebrvet\u00ebsimin e pronave t\u00eb ushtris\u00eb, duke p\u00ebrdorur strukturat shtet\u00ebrore si mbules\u00eb ligjore.<\/p>\n","protected":false},"excerpt":{"rendered":"<p>Ish-zv.kryeministri Arben Ahmetaj ka artikuluar akuza t\u00eb reja t\u00eb r\u00ebnda ndaj kryeministrit Edi Rama, k\u00ebt\u00eb her\u00eb lidhur me kompanin\u00eb shtet\u00ebrore t\u00eb arm\u00ebve KAYO, duke e cil\u00ebsuar at\u00eb si nj\u00eb instrument t\u00eb nd\u00ebrtuar p\u00ebr t\u00eb transferuar prona publike t\u00eb Forcave t\u00eb Armatosura n\u00eb duar private. N\u00eb emisionin \u00c7im Peka Live n\u00eb Syri TV, Ahmetaj deklaroi se &hellip;<\/p>\n","protected":false},"author":4,"featured_media":133009,"comment_status":"closed","ping_status":"closed","sticky":false,"template":"","format":"standard","meta":{"footnotes":""},"categories":[37],"tags":[],"class_list":["post-133008","post","type-post","status-publish","format-standard","has-post-thumbnail","","category-politike"],"_links":{"self":[{"href":"https:\/\/rdnews.al\/index.php\/wp-json\/wp\/v2\/posts\/133008","targetHints":{"allow":["GET"]}}],"collection":[{"href":"https:\/\/rdnews.al\/index.php\/wp-json\/wp\/v2\/posts"}],"about":[{"href":"https:\/\/rdnews.al\/index.php\/wp-json\/wp\/v2\/types\/post"}],"author":[{"embeddable":true,"href":"https:\/\/rdnews.al\/index.php\/wp-json\/wp\/v2\/users\/4"}],"replies":[{"embeddable":true,"href":"https:\/\/rdnews.al\/index.php\/wp-json\/wp\/v2\/comments?post=133008"}],"version-history":[{"count":1,"href":"https:\/\/rdnews.al\/index.php\/wp-json\/wp\/v2\/posts\/133008\/revisions"}],"predecessor-version":[{"id":133010,"href":"https:\/\/rdnews.al\/index.php\/wp-json\/wp\/v2\/posts\/133008\/revisions\/133010"}],"wp:featuredmedia":[{"embeddable":true,"href":"https:\/\/rdnews.al\/index.php\/wp-json\/wp\/v2\/media\/133009"}],"wp:attachment":[{"href":"https:\/\/rdnews.al\/index.php\/wp-json\/wp\/v2\/media?parent=133008"}],"wp:term":[{"taxonomy":"category","embeddable":true,"href":"https:\/\/rdnews.al\/index.php\/wp-json\/wp\/v2\/categories?post=133008"},{"taxonomy":"post_tag","embeddable":true,"href":"https:\/\/rdnews.al\/index.php\/wp-json\/wp\/v2\/tags?post=133008"}],"curies":[{"name":"wp","href":"https:\/\/api.w.org\/{rel}","templated":true}]}}