{"id":133107,"date":"2026-01-09T18:28:24","date_gmt":"2026-01-09T18:28:24","guid":{"rendered":"https:\/\/rdnews.al\/?p=133107"},"modified":"2026-01-09T18:29:02","modified_gmt":"2026-01-09T18:29:02","slug":"protesta-ne-durres-qytetaret-sako-kukull-korrupsioni-dalin-per-show-nuk-pastrojne-asnje-pusete","status":"publish","type":"post","link":"https:\/\/rdnews.al\/index.php\/2026\/01\/09\/protesta-ne-durres-qytetaret-sako-kukull-korrupsioni-dalin-per-show-nuk-pastrojne-asnje-pusete\/","title":{"rendered":"Shp\u00ebthen revolta n\u00eb Durr\u00ebs, qytetar\u00ebt: Sako kukull korrupsioni! Dalin p\u00ebr show, nuk pastrojn\u00eb asnj\u00eb puset\u00eb"},"content":{"rendered":"<p>Qytetar\u00eb t\u00eb revoltuar protestuan k\u00ebt\u00eb t\u00eb premte para Bashkis\u00eb s\u00eb Durr\u00ebsit, n\u00eb shenj\u00eb pak\u00ebnaq\u00ebsie dhe zem\u00ebrimi pas p\u00ebrmbytjeve masive q\u00eb p\u00ebrfshin\u00eb qytetin bregdetar.<\/p>\n<p>Protestuesit akuzuan kryetaren e bashkis\u00eb, Emirjana Sako, p\u00ebr paaft\u00ebsi, munges\u00eb investimesh dhe korrupsion, duke e cil\u00ebsuar si \u201ckukull politike q\u00eb del vet\u00ebm p\u00ebr show\u201d.<\/p>\n<p>Ata thane se p\u00ebrmbytjet n\u00eb qytet jan\u00eb pasoj\u00eb e mosfunksionimit t\u00eb sh\u00ebrbimeve baz\u00eb, munges\u00ebs s\u00eb pastrimit t\u00eb kanaleve dhe mosmir\u00ebmbajtjes s\u00eb pusetave. \u201c<em>Nuk kan\u00eb pastruar asnj\u00eb puset\u00eb, nuk kan\u00eb investuar, vet\u00ebm kan\u00eb vjedhur parat\u00eb e qytetar\u00ebve\u201d,<\/em>\u00a0shprehen protestuesit.<\/p>\n<p>Nj\u00eb prej qytetar\u00ebve u shpreh se taksat paguhen rregullisht, nd\u00ebrsa sh\u00ebrbimi mungon:<br \/>\n<em>\u201cNe paguajm\u00eb miliona euro q\u00eb bashkia i mbledh \u00e7do vit. Njoftojm\u00eb p\u00ebr pusetat e bllokuara dhe nuk vjen njeri. Currila \u00ebsht\u00eb e gjitha e mbytur. Erdhi nj\u00ebher\u00eb me pun\u00ebtor\u00ebt, b\u00ebri 3-4 foto dhe iku. Kemi administrat\u00eb t\u00eb bler\u00eb, patronazhist\u00eb q\u00eb marrin rrogat dhe s\u2019punojn\u00eb. Duhet t\u00eb largojm\u00eb edhe ujin, edhe k\u00ebta hajdut\u00eb. Nuk ka investime, nuk ka pastrim \u2014 vet\u00ebm show,\u201d<\/em>\u00a0deklaroi ai.<\/p>\n<p>Reshjet e dit\u00ebve t\u00eb fundit kan\u00eb goditur pothuajse gjith\u00eb vendin, duke sjell\u00eb situata emergjente nga veriu n\u00eb jug. N\u00eb Shkod\u00ebr, Lezh\u00eb, Kurbin dhe Durr\u00ebs, dhjet\u00ebra lagje jan\u00eb p\u00ebrmbytur, nd\u00ebrsa n\u00eb Fier, Lushnje dhe Vlor\u00eb prurjet e lumenjve kan\u00eb p\u00ebrmbytur sera, sip\u00ebrfaqe bujq\u00ebsore dhe dhjet\u00ebra banesa.<br \/>\nN\u00eb zonat malore, bora e trash\u00eb ka izoluar fshatra t\u00eb t\u00ebra, nd\u00ebrsa mungesa e energjis\u00eb \u00ebsht\u00eb p\u00ebrs\u00ebritur n\u00eb disa qarqe.<\/p>\n","protected":false},"excerpt":{"rendered":"<p>Qytetar\u00eb t\u00eb revoltuar protestuan k\u00ebt\u00eb t\u00eb premte para Bashkis\u00eb s\u00eb Durr\u00ebsit, n\u00eb shenj\u00eb pak\u00ebnaq\u00ebsie dhe zem\u00ebrimi pas p\u00ebrmbytjeve masive q\u00eb p\u00ebrfshin\u00eb qytetin bregdetar. Protestuesit akuzuan kryetaren e bashkis\u00eb, Emirjana Sako, p\u00ebr paaft\u00ebsi, munges\u00eb investimesh dhe korrupsion, duke e cil\u00ebsuar si \u201ckukull politike q\u00eb del vet\u00ebm p\u00ebr show\u201d. Ata thane se p\u00ebrmbytjet n\u00eb qytet jan\u00eb pasoj\u00eb &hellip;<\/p>\n","protected":false},"author":4,"featured_media":133108,"comment_status":"closed","ping_status":"closed","sticky":false,"template":"","format":"standard","meta":{"footnotes":""},"categories":[37],"tags":[],"class_list":["post-133107","post","type-post","status-publish","format-standard","has-post-thumbnail","","category-politike"],"_links":{"self":[{"href":"https:\/\/rdnews.al\/index.php\/wp-json\/wp\/v2\/posts\/133107","targetHints":{"allow":["GET"]}}],"collection":[{"href":"https:\/\/rdnews.al\/index.php\/wp-json\/wp\/v2\/posts"}],"about":[{"href":"https:\/\/rdnews.al\/index.php\/wp-json\/wp\/v2\/types\/post"}],"author":[{"embeddable":true,"href":"https:\/\/rdnews.al\/index.php\/wp-json\/wp\/v2\/users\/4"}],"replies":[{"embeddable":true,"href":"https:\/\/rdnews.al\/index.php\/wp-json\/wp\/v2\/comments?post=133107"}],"version-history":[{"count":2,"href":"https:\/\/rdnews.al\/index.php\/wp-json\/wp\/v2\/posts\/133107\/revisions"}],"predecessor-version":[{"id":133110,"href":"https:\/\/rdnews.al\/index.php\/wp-json\/wp\/v2\/posts\/133107\/revisions\/133110"}],"wp:featuredmedia":[{"embeddable":true,"href":"https:\/\/rdnews.al\/index.php\/wp-json\/wp\/v2\/media\/133108"}],"wp:attachment":[{"href":"https:\/\/rdnews.al\/index.php\/wp-json\/wp\/v2\/media?parent=133107"}],"wp:term":[{"taxonomy":"category","embeddable":true,"href":"https:\/\/rdnews.al\/index.php\/wp-json\/wp\/v2\/categories?post=133107"},{"taxonomy":"post_tag","embeddable":true,"href":"https:\/\/rdnews.al\/index.php\/wp-json\/wp\/v2\/tags?post=133107"}],"curies":[{"name":"wp","href":"https:\/\/api.w.org\/{rel}","templated":true}]}}