{"id":133111,"date":"2026-01-09T18:47:17","date_gmt":"2026-01-09T18:47:17","guid":{"rendered":"https:\/\/rdnews.al\/?p=133111"},"modified":"2026-01-09T18:47:17","modified_gmt":"2026-01-09T18:47:17","slug":"nuk-ka-ligj-prokurori-apo-gjykate-qe-mund-ta-nxjerrin-ramen-nga-humnera-per-ku-eshte-nisur","status":"publish","type":"post","link":"https:\/\/rdnews.al\/index.php\/2026\/01\/09\/nuk-ka-ligj-prokurori-apo-gjykate-qe-mund-ta-nxjerrin-ramen-nga-humnera-per-ku-eshte-nisur\/","title":{"rendered":"Nuk ka ligj, Prokurori apo Gjykat\u00eb q\u00eb mund ta nxjerrin Ram\u00ebn nga humnera p\u00ebr ku \u00ebsht\u00eb nisur!"},"content":{"rendered":"<p><strong>Nga Haris VONGLI<\/strong><\/p>\n<p>Po, Ahmetaj flet si nj\u00eb i penduar, nj\u00eb nd\u00ebr ish-zyrtar\u00ebt m\u00eb t\u00eb af\u00ebrt t\u00eb Edi Ram\u00ebs, i cili nga arratia ka zb\u00ebrthyer me detaje disa mega afera korruptive q\u00eb p\u00ebrfshijn\u00eb figurat ky\u00e7e n\u00eb pushtet. Ahmetaj \u00ebsht\u00eb gjithashtu nj\u00ebher\u00ebsh fajtor p\u00ebr shp\u00ebrdorim detyre dhe p\u00ebrfshirje n\u00eb afera korruptive t\u00eb m\u00ebparshme. Por, pavar\u00ebsisht pozicionit t\u00eb Ahmetaj, interesave dhe sikleteve t\u00eb tij, rr\u00ebfimet dhe akuzat e b\u00ebra dje n\u00eb emision jan\u00eb t\u00eb v\u00ebrteta, jan\u00eb realiteti se si \u00ebsht\u00eb qeverisur dhe po qeveriset ky vend. Socialist\u00ebt mbase nuk e \u201cduan\u201d m\u00eb ish-drejtuesin e bugjetit t\u00eb shtetit shqiptar, dhe e kryq\u00ebzojn\u00eb at\u00eb, por \u00e7\u00ebshtja \u00ebsht\u00eb q\u00eb mll\u00ebfi ndaj rr\u00ebfyesit nuk i zhb\u00ebn aspak faktet q\u00eb ul\u00ebrasin dhe duhet t\u00eb fundosin qeverin\u00eb Rama m\u00eb keq se \u00e7e kan\u00eb fundosur gjer m\u00eb sot.<\/p>\n<p>N\u00eb nj\u00eb vend normal, qeveria duhet t\u00eb kishte r\u00ebn\u00eb<\/p>\n<p>brenda 24 or\u00ebve dhe Rama do ishte thirrur jo vet\u00ebm si person n\u00eb dijeni por do ishte marr\u00eb si i pandehur nga SPAK!<\/p>\n<p>Ahmetaj e quan kryeministrin tuaj t\u00eb dashur (sepse i imi nuk \u00ebsht\u00eb) si kreun e organizat\u00ebs, t\u00eb p\u00ebrlyer me miliarda para t\u00eb vjedhura, mashtrime t\u00eb nj\u00ebpasnj\u00ebshme, krim t\u00eb organizuar, kartele droge, arbitrazhe t\u00eb mundshme e gjer n\u00eb rrezikshm\u00ebri t\u00eb siguris\u00eb komb\u00ebtare. Portet, aeroportet, doganat, infrastruktura, teknologjia, siguria e mbrojtja, nd\u00ebrtimet, sh\u00ebndet\u00ebsia, arsimi, turizmi e kultura, etj, jan\u00eb t\u00eb gjitha t\u00eb zhytura n\u00eb korrupsion marramend\u00ebs, kon\u00e7ensione, tendera e krim q\u00eb Shqip\u00ebria nuk i ka par\u00eb kurr\u00eb m\u00eb par\u00eb n\u00eb k\u00ebto 35 vite tranzicion e propagand\u00eb. T\u00eb gjitha t\u00eb lartp\u00ebrmendurat jan\u00eb t\u00eb z\u00ebna n\u00ebn kthetrat e nj\u00eb njeriu t\u00eb vet\u00ebm, dhe ai \u00ebsht\u00eb Edi Rama, kreu i shtetit shqiptar q\u00eb merr peng biznesmen\u00eb e punonj\u00ebs t\u00eb shtetit, nj\u00ebjt\u00eb si n\u00eb Palermon e viteve 60.<\/p>\n<p>T\u00eb majt\u00ebt, marksist\u00ebt, sorosian\u00ebt, t\u00eb djatht\u00ebt e p\u00ebrlyer t\u00ebrthorazi, e shum\u00eb sekser\u00eb q\u00eb operojn\u00eb lart\u00eb e posht\u00eb n\u00ebn direktivat e Ram\u00ebs, nuk kan\u00eb m\u00eb \u00e7\u2019t\u00eb b\u00ebjn\u00eb p\u00ebr t\u00eb mbuluar zgjyr\u00ebn e pangopur t\u00eb cilin kan\u00eb p\u00ebr drejtues. Nuk ka ligj, Prokurori apo Gjykat\u00eb q\u00eb ta mbuloj\u00eb m\u00eb; nuk ka media, gazetar e funksionar t\u00eb qeveris\u00eb q\u00eb ta mbulojn\u00eb m\u00eb dhe t\u00eb mund ta nxjerrin Ram\u00ebn nga humnera p\u00ebr ku \u00ebsht\u00eb nisur. Jan\u00eb nj\u00ebher\u00ebsh fajtor, mbuluesit dhe mbrojt\u00ebsit e kok\u00ebs s\u00eb organizat\u00ebs kriminale, me dhe pa ideologji. Nuk kan\u00eb m\u00eb shp\u00ebtim!<\/p>\n<p>N\u00eb nj\u00eb vend normal, qeveria duhet t\u00eb kishte r\u00ebn\u00eb n\u00eb m\u00ebnyr\u00eb t\u00eb menj\u00ebhershme, jo prej intervist\u00ebs s\u00eb djeshme t\u00eb Ben Ahmetaj (intervista e 4), por q\u00eb n\u00eb daljen e tij t\u00eb par\u00eb publike. Ai ishte serioz n\u00eb denoncimet e tij, pavar\u00ebsisht pesh\u00ebsh s\u00eb fajit. \u00c7do gazetar investigativ, si edhe SPAK, i kan\u00eb t\u00eb gjitha dosjet aty, me fakte, me shkrim, z\u00eb dhe figur\u00eb, mjafton t\u2019i futen pun\u00ebs seriozisht.<\/p>\n<p>Shqip\u00ebria duhet t\u00eb shp\u00ebtoj\u00eb nga kreu i organizat\u00ebs, dhe kjo duhet t\u00eb ndodh\u00eb nj\u00eb or\u00eb e m\u00eb par\u00eb. \u00c7do dit\u00eb q\u00eb kalon p\u00ebrb\u00ebn rrezik p\u00ebr Shqip\u00ebrin\u00eb s\u00eb cil\u00ebs do i duhen dekada p\u00ebr t\u00eb ngritur kok\u00ebn, pas shpalljes fajtor t\u00eb rr\u00ebnuesit kryesor, Ram\u00ebs!<\/p>\n","protected":false},"excerpt":{"rendered":"<p>Nga Haris VONGLI Po, Ahmetaj flet si nj\u00eb i penduar, nj\u00eb nd\u00ebr ish-zyrtar\u00ebt m\u00eb t\u00eb af\u00ebrt t\u00eb Edi Ram\u00ebs, i cili nga arratia ka zb\u00ebrthyer me detaje disa mega afera korruptive q\u00eb p\u00ebrfshijn\u00eb figurat ky\u00e7e n\u00eb pushtet. Ahmetaj \u00ebsht\u00eb gjithashtu nj\u00ebher\u00ebsh fajtor p\u00ebr shp\u00ebrdorim detyre dhe p\u00ebrfshirje n\u00eb afera korruptive t\u00eb m\u00ebparshme. Por, pavar\u00ebsisht pozicionit &hellip;<\/p>\n","protected":false},"author":4,"featured_media":122916,"comment_status":"closed","ping_status":"closed","sticky":false,"template":"","format":"standard","meta":{"footnotes":""},"categories":[44],"tags":[],"class_list":["post-133111","post","type-post","status-publish","format-standard","has-post-thumbnail","","category-editorial"],"_links":{"self":[{"href":"https:\/\/rdnews.al\/index.php\/wp-json\/wp\/v2\/posts\/133111","targetHints":{"allow":["GET"]}}],"collection":[{"href":"https:\/\/rdnews.al\/index.php\/wp-json\/wp\/v2\/posts"}],"about":[{"href":"https:\/\/rdnews.al\/index.php\/wp-json\/wp\/v2\/types\/post"}],"author":[{"embeddable":true,"href":"https:\/\/rdnews.al\/index.php\/wp-json\/wp\/v2\/users\/4"}],"replies":[{"embeddable":true,"href":"https:\/\/rdnews.al\/index.php\/wp-json\/wp\/v2\/comments?post=133111"}],"version-history":[{"count":1,"href":"https:\/\/rdnews.al\/index.php\/wp-json\/wp\/v2\/posts\/133111\/revisions"}],"predecessor-version":[{"id":133112,"href":"https:\/\/rdnews.al\/index.php\/wp-json\/wp\/v2\/posts\/133111\/revisions\/133112"}],"wp:featuredmedia":[{"embeddable":true,"href":"https:\/\/rdnews.al\/index.php\/wp-json\/wp\/v2\/media\/122916"}],"wp:attachment":[{"href":"https:\/\/rdnews.al\/index.php\/wp-json\/wp\/v2\/media?parent=133111"}],"wp:term":[{"taxonomy":"category","embeddable":true,"href":"https:\/\/rdnews.al\/index.php\/wp-json\/wp\/v2\/categories?post=133111"},{"taxonomy":"post_tag","embeddable":true,"href":"https:\/\/rdnews.al\/index.php\/wp-json\/wp\/v2\/tags?post=133111"}],"curies":[{"name":"wp","href":"https:\/\/api.w.org\/{rel}","templated":true}]}}