{"id":133116,"date":"2026-01-09T20:58:33","date_gmt":"2026-01-09T20:58:33","guid":{"rendered":"https:\/\/rdnews.al\/?p=133116"},"modified":"2026-01-09T20:58:33","modified_gmt":"2026-01-09T20:58:33","slug":"komunizmi-i-vjeter-me-fytyra-te-reja","status":"publish","type":"post","link":"https:\/\/rdnews.al\/index.php\/2026\/01\/09\/komunizmi-i-vjeter-me-fytyra-te-reja\/","title":{"rendered":"Komunizmi i vjet\u00ebr me fytyra t\u00eb reja"},"content":{"rendered":"<div class=\"xdj266r x14z9mp xat24cr x1lziwak x1vvkbs x126k92a\">\n<div dir=\"auto\"><strong>Agustin M. MIRAKA<\/strong><\/div>\n<\/div>\n<div class=\"x14z9mp xat24cr x1lziwak x1vvkbs xtlvy1s x126k92a\">\n<div dir=\"auto\"><\/div>\n<div dir=\"auto\">K\u00ebto koh\u00eb po shoh nj\u00eb gj\u00eb shqet\u00ebsuese:<\/div>\n<div dir=\"auto\">mediat shqiptare po e shtyjn\u00eb Lea Ypi-n si nj\u00eb lloj \u201cfytyre t\u00eb re\u201d, madje deri aty sa disa e paraqesin si \u201ckryeministre e ardhshme\u201d.<\/div>\n<\/div>\n<div class=\"x14z9mp xat24cr x1lziwak x1vvkbs xtlvy1s x126k92a\">\n<div dir=\"auto\">Kjo nuk \u00ebsht\u00eb rast\u00ebsi. N\u00eb Shqip\u00ebri komunizmi nuk u zhduk, ai u rivesh me kostum mediatik. Sistemi \u00ebsht\u00eb i nj\u00ebjti: media zgjedh nj\u00eb fytyr\u00eb, e ambalazhon bukur, e shet si \u201ct\u00eb re\u201d, si \u201cintelektuale\u201d, si \u201cndryshim\u201d, dhe pastaj ia imponon publikut derisa t\u00eb b\u00ebhet fakt i kryer. Ashtu si n\u00eb raftet e supermarketeve: nuk zgjedh gjithmon\u00eb \u00e7far\u00eb sheh, ta kan\u00eb v\u00ebn\u00eb para syve. Kur nj\u00eb person q\u00eb relativizon Enver Hoxh\u00ebn, justifikon Stalinin, ose shfaq nostalgji p\u00ebr diktatur\u00ebn paraqitet si e ardhmja e Shqip\u00ebris\u00eb, kjo nuk \u00ebsht\u00eb pluraliz\u00ebm. \u00cbsht\u00eb riciklim i ideologjis\u00eb. Shqip\u00ebria nuk ka nevoj\u00eb p\u00ebr diktatur\u00eb me fytyr\u00eb akademike. Ka nevoj\u00eb p\u00ebr t\u00eb v\u00ebrtet\u00eb, p\u00ebr p\u00ebrgjegj\u00ebsi dhe p\u00ebr nj\u00eb ndarje t\u00eb plot\u00eb nga komunizmi.<\/div>\n<\/div>\n<div class=\"x14z9mp xat24cr x1lziwak x1vvkbs xtlvy1s x126k92a\">\n<div dir=\"auto\">Un\u00eb dhe familja ime si she shum\u00eb shqiptar\u00eb bij e bija n\u00ebnash e kemi vuajtur at\u00eb sistem e njohim kur e shohim, edhe kur vjen i paketuar me libra dhe intervista.<\/div>\n<\/div>\n<div class=\"x14z9mp xat24cr x1lziwak x1vvkbs xtlvy1s x126k92a\">\n<div dir=\"auto\">Un\u00eb nuk kam asgj\u00eb personale kund\u00ebr Lea Ypi apo familjes s\u00eb saj. Askush nuk zgjedh prind\u00ebrit e vet dhe askush nuk duhet t\u00eb gjykohet p\u00ebr prejardhjen. Por kam nj\u00eb problem serioz me at\u00eb q\u00eb ajo p\u00ebrfaq\u00ebson sot publikisht. Kur e d\u00ebgjova n\u00eb nj\u00eb bised\u00eb publike t\u00eb thoshte se nuk do t\u00eb ishte dakord q\u00eb Amerika ta kishte rr\u00ebmbyer Enver Hoxh\u00ebn, u ndala.<\/div>\n<\/div>\n<div class=\"x14z9mp xat24cr x1lziwak x1vvkbs xtlvy1s x126k92a\">\n<div dir=\"auto\">Kur lexova librin e saj Free, ku ajo p\u00ebrshkruan se si si f\u00ebmij\u00eb vraponte dhe gjente siguri duke u fshehur dhe p\u00ebrqafuar statuj\u00ebn e Stalinit, e kuptova se kjo nuk ishte nj\u00eb shkarje. Ishte nj\u00eb bot\u00eb e brendshme e formuar nga kulti i diktatur\u00ebs. Stalini dhe Enver Hoxha nuk jan\u00eb figura neutrale historike. Jan\u00eb p\u00ebrgjegj\u00ebs p\u00ebr miliona t\u00eb vrar\u00eb, kampe, internime, tortura dhe shkat\u00ebrrimin e jet\u00ebs s\u00eb mij\u00ebra familjeve, p\u00ebrfshir\u00eb edhe timen. Kur dikush flet me \u201cmir\u00ebkuptim\u201d ose relativizon k\u00ebto figura, kjo nuk \u00ebsht\u00eb analiz\u00eb kritike. \u00cbsht\u00eb vazhdim i nj\u00eb ideologjie q\u00eb ka shkaktuar trauma reale. Lea Ypi mund t\u00eb jet\u00eb akademike, por ideologjia nuk zhduket me diplom\u00eb. Marksizmi i paketuar si \u201cteori kritike\u201d nuk e b\u00ebn m\u00eb pak t\u00eb rreziksh\u00ebm. Me k\u00ebt\u00eb shkrim nuk po sulmoj nj\u00eb person. Po kund\u00ebrshtoj nj\u00eb mend\u00ebsi q\u00eb vazhdon t\u00eb minimizoj\u00eb krimet e diktatur\u00ebs dhe t\u00eb romantizoj\u00eb xhelat\u00ebt.<\/div>\n<\/div>\n<div class=\"x14z9mp xat24cr x1lziwak x1vvkbs xtlvy1s x126k92a\">\n<div dir=\"auto\">Dhe p\u00ebr ne q\u00eb kemi kaluar internime, kampe dhe humbje, kjo nuk \u00ebsht\u00eb teori.<\/div>\n<div dir=\"auto\">\u00cbsht\u00eb jet\u00eb.<\/div>\n<\/div>\n","protected":false},"excerpt":{"rendered":"<p>Agustin M. MIRAKA K\u00ebto koh\u00eb po shoh nj\u00eb gj\u00eb shqet\u00ebsuese: mediat shqiptare po e shtyjn\u00eb Lea Ypi-n si nj\u00eb lloj \u201cfytyre t\u00eb re\u201d, madje deri aty sa disa e paraqesin si \u201ckryeministre e ardhshme\u201d. Kjo nuk \u00ebsht\u00eb rast\u00ebsi. N\u00eb Shqip\u00ebri komunizmi nuk u zhduk, ai u rivesh me kostum mediatik. Sistemi \u00ebsht\u00eb i nj\u00ebjti: media &hellip;<\/p>\n","protected":false},"author":3,"featured_media":133117,"comment_status":"closed","ping_status":"closed","sticky":false,"template":"","format":"standard","meta":{"footnotes":""},"categories":[44],"tags":[],"class_list":["post-133116","post","type-post","status-publish","format-standard","has-post-thumbnail","","category-editorial"],"_links":{"self":[{"href":"https:\/\/rdnews.al\/index.php\/wp-json\/wp\/v2\/posts\/133116","targetHints":{"allow":["GET"]}}],"collection":[{"href":"https:\/\/rdnews.al\/index.php\/wp-json\/wp\/v2\/posts"}],"about":[{"href":"https:\/\/rdnews.al\/index.php\/wp-json\/wp\/v2\/types\/post"}],"author":[{"embeddable":true,"href":"https:\/\/rdnews.al\/index.php\/wp-json\/wp\/v2\/users\/3"}],"replies":[{"embeddable":true,"href":"https:\/\/rdnews.al\/index.php\/wp-json\/wp\/v2\/comments?post=133116"}],"version-history":[{"count":1,"href":"https:\/\/rdnews.al\/index.php\/wp-json\/wp\/v2\/posts\/133116\/revisions"}],"predecessor-version":[{"id":133118,"href":"https:\/\/rdnews.al\/index.php\/wp-json\/wp\/v2\/posts\/133116\/revisions\/133118"}],"wp:featuredmedia":[{"embeddable":true,"href":"https:\/\/rdnews.al\/index.php\/wp-json\/wp\/v2\/media\/133117"}],"wp:attachment":[{"href":"https:\/\/rdnews.al\/index.php\/wp-json\/wp\/v2\/media?parent=133116"}],"wp:term":[{"taxonomy":"category","embeddable":true,"href":"https:\/\/rdnews.al\/index.php\/wp-json\/wp\/v2\/categories?post=133116"},{"taxonomy":"post_tag","embeddable":true,"href":"https:\/\/rdnews.al\/index.php\/wp-json\/wp\/v2\/tags?post=133116"}],"curies":[{"name":"wp","href":"https:\/\/api.w.org\/{rel}","templated":true}]}}