{"id":133119,"date":"2026-01-09T21:09:12","date_gmt":"2026-01-09T21:09:12","guid":{"rendered":"https:\/\/rdnews.al\/?p=133119"},"modified":"2026-01-09T21:09:12","modified_gmt":"2026-01-09T21:09:12","slug":"edi-rama-ti-po-del-nga-politika-sic-jetove-si-nje-hajdut-vulgar-cfare-turpi","status":"publish","type":"post","link":"https:\/\/rdnews.al\/index.php\/2026\/01\/09\/edi-rama-ti-po-del-nga-politika-sic-jetove-si-nje-hajdut-vulgar-cfare-turpi\/","title":{"rendered":"EDI RAMA, ti po del nga politika si\u00e7 jetove: si nj\u00eb hajdut vulgar! \u00c7far\u00eb turpi!"},"content":{"rendered":"<p><strong>Nga Tomor ALIZOTI<\/strong><\/p>\n<p>Rishfaqja e Belinda Ballukut n\u00eb ekrane, si \u201cpun\u00ebtore e qeveris\u00eb\u201d, \u00ebsht\u00eb pasqyra m\u00eb e qart\u00eb e dhun\u00ebs me t\u00eb cil\u00ebn Edi Rama po p\u00ebrpiqet t\u00eb b\u00ebj\u00eb politik\u00eb. Edhe para se t\u00eb dilte dosja e vog\u00ebl e SPAK-ut, t\u00eb gjith\u00eb e dinim se \u00e7far\u00eb abuzuese ishte Balluku. Por p\u00ebrgjimet e nxor\u00ebn n\u00eb shesh sa makute ishte realisht z\u00ebvend\u00ebsja e Ram\u00ebs.<\/p>\n<p>Kur vjedhja b\u00ebhet publike, ka vet\u00ebm dy rrug\u00eb: ose e justifikon, ose e mohon. Rama dhe Balluku zgjodh\u00ebn rrug\u00ebn m\u00eb t\u00eb ndyr\u00eb, bashk\u00ebjetes\u00ebn me vjedhjen. Nuk e refuzojn\u00eb krimin, nuk e shpjegojn\u00eb. Sillen sikur \u00ebsht\u00eb gj\u00eb normale.<\/p>\n<p>N\u00eb \u00e7do vend me nj\u00eb grimc\u00eb demokracie kjo sjellje do ishte e papranueshme. Por t\u00eb rrethuar nga interesa mafioze, t\u00eb marr\u00eb peng nga aferat e regjistruara, ata po p\u00ebrpiqen t\u00eb marrin peng edhe votuesit e tyre, t\u00eb b\u00ebjn\u00eb pis gjith\u00eb shoq\u00ebrin\u00eb.<\/p>\n<p>Refuzimi p\u00ebr t\u2019u larguar, shfaqja e \u00e7iftit t\u00eb kapur mat\u00eb n\u00eb TV duke dh\u00ebn\u00eb leksione morali, nuk ka m\u00eb lidhje me karakterin e tyre. Ka lidhje me moralin ton\u00eb si shoq\u00ebri. Ata duan t\u00eb na m\u00ebsojn\u00eb se lider\u00ebt duhen t\u00eb jen\u00eb hajdut\u00eb, se populli i do k\u00ebshtu, t\u00eb zhytur n\u00eb llum e me duart n\u00eb xhepat e shtetit.<\/p>\n<p>Ata po p\u00ebrpiqen t\u00eb tregojn\u00eb se edhe kur je i kapur me prova, prap\u00eb mund t\u00eb sundosh. T\u00eb b\u00ebjn\u00eb pis t\u00eb gjith\u00eb vendin bashk\u00eb me veten e tyre. Kjo ndodh vet\u00ebm kur zullumi t\u00eb ka ngr\u00ebn\u00eb \u00e7do qeliz\u00eb.<\/p>\n<p>Sot as nuk dihet kush \u00ebsht\u00eb kryeminist\u00ebr e kush vart\u00ebs. Rama dhe Balluku jan\u00eb nj\u00eb trup i vet\u00ebm, i lidhur me frik\u00eb, dosje dhe interesa kriminale.<\/p>\n<p>Ata mendojn\u00eb se Shqip\u00ebria meriton fatin e vendeve pa ligj, se shqiptar\u00ebt jan\u00eb t\u00eb gatsh\u00ebm t\u00eb qeverisen nga hajdut\u00eb e trafikant\u00eb. Si diktator\u00ebt q\u00eb mbajn\u00eb pushtetin me para, frik\u00eb dhe pazare t\u00eb pista, mendojn\u00eb se do p\u00ebrziejn\u00eb qytetar\u00ebt me aferat e tyre dhe do mbeten \u201czgjidhja\u201d.<\/p>\n<p>Por publikimi i mesazheve ua ka mbyllur rrug\u00ebn. \u00cbndrra p\u00ebr ta mbuluar zullumin me heshtje dhe para ka marr\u00eb fund. Rama \u00ebsht\u00eb n\u00eb agoni. P\u00ebrpiqet t\u00eb blej\u00eb koh\u00eb, por fati i tij \u00ebsht\u00eb shkruar prej vet\u00eb tij. I kapur disa her\u00eb n\u00eb bashk\u00ebpunim me kartele droge, me grupe kriminale dhe n\u00eb vjedhje, sot nuk ka m\u00eb ask\u00ebnd q\u00eb ta shp\u00ebtoj\u00eb. Ne mund t\u00eb mos kemi tradit\u00eb t\u00eb gjat\u00eb demokracie, por jemi popull evropian.<\/p>\n<p>Prandaj shfaqja e Ram\u00ebs dhe Ballukut n\u00eb TV \u00ebsht\u00eb shpenzim i kot\u00eb. Koha e kartelit politiko-kriminal q\u00eb p\u00ebrfaq\u00ebsojn\u00eb ka mbaruar.<\/p>\n<p>EDI RAMA, ti po del nga politika si\u00e7 jetove:<br \/>\nsi nj\u00eb hajdut vulgar.<br \/>\n\u00c7far\u00eb turpi!<\/p>\n","protected":false},"excerpt":{"rendered":"<p>Nga Tomor ALIZOTI Rishfaqja e Belinda Ballukut n\u00eb ekrane, si \u201cpun\u00ebtore e qeveris\u00eb\u201d, \u00ebsht\u00eb pasqyra m\u00eb e qart\u00eb e dhun\u00ebs me t\u00eb cil\u00ebn Edi Rama po p\u00ebrpiqet t\u00eb b\u00ebj\u00eb politik\u00eb. Edhe para se t\u00eb dilte dosja e vog\u00ebl e SPAK-ut, t\u00eb gjith\u00eb e dinim se \u00e7far\u00eb abuzuese ishte Balluku. Por p\u00ebrgjimet e nxor\u00ebn n\u00eb shesh &hellip;<\/p>\n","protected":false},"author":4,"featured_media":75600,"comment_status":"closed","ping_status":"closed","sticky":false,"template":"","format":"standard","meta":{"footnotes":""},"categories":[44],"tags":[],"class_list":["post-133119","post","type-post","status-publish","format-standard","has-post-thumbnail","","category-editorial"],"_links":{"self":[{"href":"https:\/\/rdnews.al\/index.php\/wp-json\/wp\/v2\/posts\/133119","targetHints":{"allow":["GET"]}}],"collection":[{"href":"https:\/\/rdnews.al\/index.php\/wp-json\/wp\/v2\/posts"}],"about":[{"href":"https:\/\/rdnews.al\/index.php\/wp-json\/wp\/v2\/types\/post"}],"author":[{"embeddable":true,"href":"https:\/\/rdnews.al\/index.php\/wp-json\/wp\/v2\/users\/4"}],"replies":[{"embeddable":true,"href":"https:\/\/rdnews.al\/index.php\/wp-json\/wp\/v2\/comments?post=133119"}],"version-history":[{"count":1,"href":"https:\/\/rdnews.al\/index.php\/wp-json\/wp\/v2\/posts\/133119\/revisions"}],"predecessor-version":[{"id":133121,"href":"https:\/\/rdnews.al\/index.php\/wp-json\/wp\/v2\/posts\/133119\/revisions\/133121"}],"wp:featuredmedia":[{"embeddable":true,"href":"https:\/\/rdnews.al\/index.php\/wp-json\/wp\/v2\/media\/75600"}],"wp:attachment":[{"href":"https:\/\/rdnews.al\/index.php\/wp-json\/wp\/v2\/media?parent=133119"}],"wp:term":[{"taxonomy":"category","embeddable":true,"href":"https:\/\/rdnews.al\/index.php\/wp-json\/wp\/v2\/categories?post=133119"},{"taxonomy":"post_tag","embeddable":true,"href":"https:\/\/rdnews.al\/index.php\/wp-json\/wp\/v2\/tags?post=133119"}],"curies":[{"name":"wp","href":"https:\/\/api.w.org\/{rel}","templated":true}]}}