{"id":133218,"date":"2026-01-11T22:09:22","date_gmt":"2026-01-11T22:09:22","guid":{"rendered":"https:\/\/rdnews.al\/?p=133218"},"modified":"2026-01-11T22:18:23","modified_gmt":"2026-01-11T22:18:23","slug":"reaguam-ne-menyre-shembullore-reagimi-prej-psikopati-i-njeriut-qe-permbyti-vendin","status":"publish","type":"post","link":"https:\/\/rdnews.al\/index.php\/2026\/01\/11\/reaguam-ne-menyre-shembullore-reagimi-prej-psikopati-i-njeriut-qe-permbyti-vendin\/","title":{"rendered":"&#8220;Reaguam n\u00eb m\u00ebnyr\u00eb shembullore&#8230;&#8221;\/ Reagimi prej psikopati i njeriut q\u00eb p\u00ebrmbyt shqiptar\u00ebt"},"content":{"rendered":"<div class=\"chapo\">Teksa p\u00ebrmbytjet vijojn\u00eb t\u00eb mbajn\u00eb n\u00ebn uj\u00eb nj\u00eb pjes\u00eb t\u00eb konsiderueshme t\u00eb vendit, kryeministri Edi Rama ka zgjedhur edhe sot t\u2019i kushtoj\u00eb pak minutazh tek podkasti i tij \u201cFlasim\u201d.<\/div>\n<p>Ashtu si her\u00ebt e tjera, Rama i ka p\u00ebrshkruar p\u00ebrmbytjet si nj\u00eb fenomen \u201cnormal\u201d dhe t\u00eb pashmangsh\u00ebm, duke theksuar se k\u00ebto ngjarje nuk jan\u00eb as ekskluzivitet shqiptar, por nj\u00eb dukuri globale. Sipas tij, shteti shqiptar ka reaguar n\u00eb m\u00ebnyr\u00eb shembullore, aq sa kryeministri u shpreh se ndihet krenar p\u00ebr m\u00ebnyr\u00ebn se si situata \u00ebsht\u00eb menaxhuar.<\/p>\n<p>P\u00ebr ta forcuar argumentin, kryeministri solli n\u00eb v\u00ebmendje faktin se moti ekstrem ka prekur nj\u00eb territor t\u00eb gjer\u00eb, duke p\u00ebrfshir\u00eb edhe Stambollin, ku, sipas tij, pamjet kan\u00eb qen\u00eb \u201capokaliptike\u201d. Ai shpjegoi se p\u00ebrplasja e masave ajrore t\u00eb ftohta me ato t\u00eb ngrohta ka prodhuar k\u00ebt\u00eb realitet, nd\u00ebrsa ndryshimet klimatike nuk n\u00ebnkuptojn\u00eb vet\u00ebm ver\u00ebra p\u00ebrv\u00ebluese, por edhe dimra t\u00eb paq\u00ebndruesh\u00ebm, me m\u00eb shum\u00eb p\u00ebrmbytje e zjarre.<\/p>\n<p>\u201cNj\u00eb mas\u00eb ajri e ftoht\u00eb nga veriu \u00ebsht\u00eb p\u00ebrplasur me nj\u00eb val\u00eb t\u00eb ngroht\u00eb nga Mesdheu q\u00eb ka sjell\u00eb k\u00ebt\u00eb situat\u00eb.\u00a0Ndryshimi klimatik nuk do t\u00eb thot\u00eb vet\u00ebm ver\u00ebra t\u00eb nxehta, por edhe stin\u00eb t\u00eb pa qendrueshme dhe mot k\u00ebmb\u00ebngul\u00ebs. M\u00eb shum\u00eb zjarre dhe p\u00ebrmbytje, \u00ebsht\u00eb tashm\u00eb nj\u00eb kuadrat i ri i klim\u00ebs ku jetojm\u00eb, por jam krenar q\u00eb n\u00eb \u00e7do situat\u00eb emergjence jemi m\u00eb t\u00eb p\u00ebrgatitur fal\u00eb investimeve t\u00eb b\u00ebra\u201d,\u00a0tha Rama.<\/p>\n<p>Edhe pse mij\u00ebra qytetar\u00eb kan\u00eb kaluar dit\u00eb t\u00eb t\u00ebra mes ujit dhe pasiguris\u00eb, Rama ka k\u00ebmb\u00ebngulur se problemi nuk q\u00ebndron te hidrovoret jasht\u00eb funksionit apo te kanalet e bllokuara, por te ndryshimet klimatike, t\u00eb cilat sipas tij,bjan\u00eb \u201cfajtori i vet\u00ebm\u201d i k\u00ebsaj situate.<\/p>\n","protected":false},"excerpt":{"rendered":"<p>Teksa p\u00ebrmbytjet vijojn\u00eb t\u00eb mbajn\u00eb n\u00ebn uj\u00eb nj\u00eb pjes\u00eb t\u00eb konsiderueshme t\u00eb vendit, kryeministri Edi Rama ka zgjedhur edhe sot t\u2019i kushtoj\u00eb pak minutazh tek podkasti i tij \u201cFlasim\u201d. Ashtu si her\u00ebt e tjera, Rama i ka p\u00ebrshkruar p\u00ebrmbytjet si nj\u00eb fenomen \u201cnormal\u201d dhe t\u00eb pashmangsh\u00ebm, duke theksuar se k\u00ebto ngjarje nuk jan\u00eb as ekskluzivitet &hellip;<\/p>\n","protected":false},"author":3,"featured_media":133219,"comment_status":"closed","ping_status":"closed","sticky":false,"template":"","format":"standard","meta":{"footnotes":""},"categories":[40,37],"tags":[],"class_list":["post-133218","post","type-post","status-publish","format-standard","has-post-thumbnail","","category-aktualitet","category-politike"],"_links":{"self":[{"href":"https:\/\/rdnews.al\/index.php\/wp-json\/wp\/v2\/posts\/133218","targetHints":{"allow":["GET"]}}],"collection":[{"href":"https:\/\/rdnews.al\/index.php\/wp-json\/wp\/v2\/posts"}],"about":[{"href":"https:\/\/rdnews.al\/index.php\/wp-json\/wp\/v2\/types\/post"}],"author":[{"embeddable":true,"href":"https:\/\/rdnews.al\/index.php\/wp-json\/wp\/v2\/users\/3"}],"replies":[{"embeddable":true,"href":"https:\/\/rdnews.al\/index.php\/wp-json\/wp\/v2\/comments?post=133218"}],"version-history":[{"count":2,"href":"https:\/\/rdnews.al\/index.php\/wp-json\/wp\/v2\/posts\/133218\/revisions"}],"predecessor-version":[{"id":133221,"href":"https:\/\/rdnews.al\/index.php\/wp-json\/wp\/v2\/posts\/133218\/revisions\/133221"}],"wp:featuredmedia":[{"embeddable":true,"href":"https:\/\/rdnews.al\/index.php\/wp-json\/wp\/v2\/media\/133219"}],"wp:attachment":[{"href":"https:\/\/rdnews.al\/index.php\/wp-json\/wp\/v2\/media?parent=133218"}],"wp:term":[{"taxonomy":"category","embeddable":true,"href":"https:\/\/rdnews.al\/index.php\/wp-json\/wp\/v2\/categories?post=133218"},{"taxonomy":"post_tag","embeddable":true,"href":"https:\/\/rdnews.al\/index.php\/wp-json\/wp\/v2\/tags?post=133218"}],"curies":[{"name":"wp","href":"https:\/\/api.w.org\/{rel}","templated":true}]}}