{"id":133222,"date":"2026-01-11T22:15:42","date_gmt":"2026-01-11T22:15:42","guid":{"rendered":"https:\/\/rdnews.al\/?p=133222"},"modified":"2026-01-11T22:15:42","modified_gmt":"2026-01-11T22:15:42","slug":"revolta-popullore-ne-iran-raportohet-per-mbi-2-mije-protestues-te-vrare","status":"publish","type":"post","link":"https:\/\/rdnews.al\/index.php\/2026\/01\/11\/revolta-popullore-ne-iran-raportohet-per-mbi-2-mije-protestues-te-vrare\/","title":{"rendered":"Revolta popullore n\u00eb Iran\/ Raportohet p\u00ebr mbi 2 mij\u00eb protestues t\u00eb vrar\u00eb"},"content":{"rendered":"<p>Organizata p\u00ebr t\u00eb Drejtat e Njeriut n\u00eb Iran (IHRNGO) tha se shtypja e ashp\u00ebr e protestave n\u00eb Iran \u00ebsht\u00eb intensifikuar ndjesh\u00ebm dhe se raportet \u201ctregojn\u00eb vrasje t\u00eb p\u00ebrhapura t\u00eb protestuesve n\u00eb pjes\u00eb t\u00eb ndryshme t\u00eb vendit, ve\u00e7an\u00ebrisht n\u00eb Teheran\u201d.<\/p>\n<p>Sipas k\u00ebsaj organizate, me seli n\u00eb Norvegji, jan\u00eb konfirmuar t\u00eb pakt\u00ebn 192 protestues t\u00eb vdekur q\u00eb nga nisja e protestave n\u00eb Iran m\u00eb 28 dhjetor, n\u00ebnt\u00eb prej t\u00eb cil\u00ebve ishin n\u00ebn mosh\u00ebn 18-vje\u00e7are.<\/p>\n<p>Kjo organizat\u00eb paralajm\u00ebroi se ka raportime t\u00eb pakonfirmuara q\u00eb l\u00ebn\u00eb t\u00eb kuptohet se numri i viktimave mund t\u00eb jet\u00eb disa qindra. Sipas vler\u00ebsimeve t\u00eb disa burimeve, numri i t\u00eb vdekurve \u00ebsht\u00eb mbi 2.000, shtoi IHRNGO.<\/p>\n<p>P\u00ebr shkak t\u00eb nd\u00ebrprerjes s\u00eb plot\u00eb t\u00eb internetit n\u00eb Iran dhe kufizimeve n\u00eb qasje deri tek informacionet, IHRNGO theksoi se verifikimi n\u00eb m\u00ebnyr\u00eb t\u00eb pavarur i k\u00ebtyre raportimeve \u201cmbetet sfid\u00eb serioze\u201d.<\/p>\n<p>Kjo organizat\u00eb po ashtu shprehu shqet\u00ebsim t\u00eb madh p\u00ebr k\u00ebrc\u00ebnimet nga zyrtar\u00ebt e sistemit gjyq\u00ebsor t\u00eb Republik\u00ebs Islame p\u00ebr t\u00eb dh\u00ebn\u00eb d\u00ebnime me vdekje ndaj protestuesve me akuz\u00ebn e \u201cmoharebeh\u201d (luft\u00eb kund\u00ebr Zotit), dhe b\u00ebri thirrje p\u00ebr nj\u00eb reagim t\u00eb menj\u00ebhersh\u00ebm t\u00eb komunitetit nd\u00ebrkomb\u00ebtar p\u00ebr t\u00eb parandaluar vazhdimin e vrasjeve dhe rrezikun e ekzekutimeve masive t\u00eb t\u00eb arrestuarve.<\/p>\n<p>\u201cK\u00ebrc\u00ebnimet nga autoritetet iraniane p\u00ebr t\u00eb d\u00ebnuar protestuesit me vdekje p\u00ebr akuza si moharebeh duhet t\u00eb merren shum\u00eb seriozisht\u201d, tha drejtori i IHRNGO-s\u00eb, Mahmood Amiry-Moghaddam.<\/p>\n<p>\u201cAta q\u00eb jan\u00eb n\u00eb pushtet sot jan\u00eb t\u00eb nj\u00ebjtit individ\u00eb q\u00eb n\u00eb vitet \u201880 kryen krime kund\u00ebr njer\u00ebzimit duke ekzekutuar mij\u00ebra t\u00eb burgosur politik\u00eb pa gjyq. Rreziku i nj\u00eb p\u00ebrs\u00ebritjeje t\u00eb atyre krimeve \u00ebsht\u00eb plot\u00ebsisht real\u201d.<\/p>\n<div class=\"wsw__embed\">\n<div class=\"media-pholder media-pholder--video media-pholder--embed\">\n<div class=\"c-sticky-container\" data-poster=\"https:\/\/gdb.rferl.org\/1915cf84-3ccc-4549-2ec2-08de3c92853e_cx0_cy1_cw0_w250_r1_l1tr6016271.jpg\">\n<div id=\"sp-1\" class=\"c-sticky-element c-sticky-element--initialised\" data-sp_api=\"pangea-video\" data-persistent=\"\" data-persistent-browse-out=\"\" data-sp_instance_id=\"1\">\n<div id=\"player33640625\" class=\"c-mmp c-mmp--enabled c-mmp--video c-mmp--embed c-mmp--embed-vertical c-mmp--has-poster c-sticky-element__swipe-el c-mmp--paused c-mmp--can-play c-mmp--s c-mmp--rendered\" data-player_id=\"1\" data-title=\"Forcat iraniane q\u00ebllojn\u00eb drejt protestuesve \" data-hide-title=\"False\" data-breakpoint_s=\"320\" data-breakpoint_m=\"640\" data-breakpoint_l=\"992\" data-hlsjs-src=\"\/Scripts\/responsive\/hls.bundle.js\" data-bypass-dash-for-vod=\"true\" data-bypass-dash-for-live-video=\"true\" data-bypass-dash-for-live-audio=\"true\"><\/div>\n<\/div>\n<\/div>\n<\/div>\n<\/div>\n<p>Nd\u00ebrkaq, agjencia e lajmeve Tasnim, e af\u00ebrt me Gard\u00ebn Revolucionare Islamike, pretendoi m\u00eb 11 janar se nj\u00eb num\u00ebr i konsideruesh\u00ebm i punonj\u00ebsve t\u00eb siguris\u00eb dhe forcave t\u00eb zbatimit t\u00eb ligjit jan\u00eb vrar\u00eb gjat\u00eb p\u00ebrleshjeve me protestuesit gjat\u00eb net\u00ebve t\u00eb fundit.<\/p>\n<p>Duke cituar nj\u00eb \u201cburim t\u00eb informuar\u201d, Tasnim tha se veprimet kund\u00ebr forcave t\u00eb siguris\u00eb kishin rezultuar n\u00eb \u201cmartirizimin\u201d e shum\u00eb punonj\u00ebsve, nd\u00ebrsa nj\u00eb num\u00ebr i konsideruesh\u00ebm polic\u00ebsh gjithashtu jan\u00eb plagosur.<\/p>\n<p>N\u00eb vler\u00ebsimin e saj m\u00eb t\u00eb fundit mbi situat\u00ebn n\u00eb Iran, HRANA, nj\u00eb agjenci lajmesh iraniane q\u00eb fokusohet n\u00eb t\u00eb drejtat e njeriut, raportoi se 37 nga t\u00eb vrar\u00ebt n\u00eb p\u00ebrleshje ishin an\u00ebtar\u00eb t\u00eb forcave ushtarake ose t\u00eb siguris\u00eb, dhe se nj\u00eb prokuror gjithashtu ishte vrar\u00eb.<\/p>\n<p>Aktualisht, vet\u00ebm disa agjenci lajmesh t\u00eb lidhura me shtetin kan\u00eb qasje n\u00eb internet dhe po publikojn\u00eb ekskluzivisht narrativ\u00eb t\u00eb forcave t\u00eb siguris\u00eb dhe zbatimit t\u00eb ligjit. Republika Islame ka nd\u00ebrprer\u00eb qasjen n\u00eb internet n\u00eb t\u00eb gjith\u00eb Iranin p\u00ebr m\u00eb shum\u00eb se 60 or\u00eb, nd\u00ebrsa protestat antiqeveritare vazhdojn\u00eb p\u00ebr dit\u00ebn e 15-t\u00eb radhazi.<\/p>\n<p>Protestat nuk kan\u00eb t\u00eb ndalur n\u00eb Iran. Pak\u00ebnaq\u00ebsit\u00eb nis\u00ebn p\u00ebr shkak t\u00eb kriz\u00ebs ekonomike, zhvler\u00ebsimit t\u00eb valut\u00ebs komb\u00ebtare dhe kriz\u00ebs s\u00eb energjis\u00eb dhe protestat jan\u00eb p\u00ebrhapur n\u00eb shum\u00eb qytete iraniane.<\/p>\n<p>Presidenti amerikan, Donald Trump, ka shprehur mb\u00ebshtetje p\u00ebr protestuesit iranian\u00eb dhe ka rritur presionin ndaj regjimit autoritar n\u00eb Teheran, q\u00eb ka qeverisur me vendin q\u00eb nga Revolucioni Islamik i vitit 1979.<\/p>\n<p>Nj\u00eb dit\u00eb m\u00eb par\u00eb, udh\u00ebheq\u00ebsi amerikan p\u00ebrs\u00ebriti se SHBA-ja \u201c\u00ebsht\u00eb e gatshme t\u00eb ndihmoj\u00eb\u201d, teksa disa her\u00eb Trump ka l\u00ebshuar paralajm\u00ebrime p\u00ebr pushtetin n\u00eb Republik\u00ebn Islamike.<\/p>\n<p>Trump disa her\u00eb ka deklaruar se n\u00ebse Irani vret protestues, SHBA-ja do t\u00eb p\u00ebrfshihet dhe do ta \u201cgodas\u00eb fort\u00eb\u201d Iranin.<\/p>\n","protected":false},"excerpt":{"rendered":"<p>Organizata p\u00ebr t\u00eb Drejtat e Njeriut n\u00eb Iran (IHRNGO) tha se shtypja e ashp\u00ebr e protestave n\u00eb Iran \u00ebsht\u00eb intensifikuar ndjesh\u00ebm dhe se raportet \u201ctregojn\u00eb vrasje t\u00eb p\u00ebrhapura t\u00eb protestuesve n\u00eb pjes\u00eb t\u00eb ndryshme t\u00eb vendit, ve\u00e7an\u00ebrisht n\u00eb Teheran\u201d. Sipas k\u00ebsaj organizate, me seli n\u00eb Norvegji, jan\u00eb konfirmuar t\u00eb pakt\u00ebn 192 protestues t\u00eb vdekur q\u00eb &hellip;<\/p>\n","protected":false},"author":3,"featured_media":133223,"comment_status":"closed","ping_status":"closed","sticky":false,"template":"","format":"standard","meta":{"footnotes":""},"categories":[38],"tags":[],"class_list":["post-133222","post","type-post","status-publish","format-standard","has-post-thumbnail","","category-bota"],"_links":{"self":[{"href":"https:\/\/rdnews.al\/index.php\/wp-json\/wp\/v2\/posts\/133222","targetHints":{"allow":["GET"]}}],"collection":[{"href":"https:\/\/rdnews.al\/index.php\/wp-json\/wp\/v2\/posts"}],"about":[{"href":"https:\/\/rdnews.al\/index.php\/wp-json\/wp\/v2\/types\/post"}],"author":[{"embeddable":true,"href":"https:\/\/rdnews.al\/index.php\/wp-json\/wp\/v2\/users\/3"}],"replies":[{"embeddable":true,"href":"https:\/\/rdnews.al\/index.php\/wp-json\/wp\/v2\/comments?post=133222"}],"version-history":[{"count":1,"href":"https:\/\/rdnews.al\/index.php\/wp-json\/wp\/v2\/posts\/133222\/revisions"}],"predecessor-version":[{"id":133224,"href":"https:\/\/rdnews.al\/index.php\/wp-json\/wp\/v2\/posts\/133222\/revisions\/133224"}],"wp:featuredmedia":[{"embeddable":true,"href":"https:\/\/rdnews.al\/index.php\/wp-json\/wp\/v2\/media\/133223"}],"wp:attachment":[{"href":"https:\/\/rdnews.al\/index.php\/wp-json\/wp\/v2\/media?parent=133222"}],"wp:term":[{"taxonomy":"category","embeddable":true,"href":"https:\/\/rdnews.al\/index.php\/wp-json\/wp\/v2\/categories?post=133222"},{"taxonomy":"post_tag","embeddable":true,"href":"https:\/\/rdnews.al\/index.php\/wp-json\/wp\/v2\/tags?post=133222"}],"curies":[{"name":"wp","href":"https:\/\/api.w.org\/{rel}","templated":true}]}}