{"id":133244,"date":"2026-01-12T10:43:18","date_gmt":"2026-01-12T10:43:18","guid":{"rendered":"https:\/\/rdnews.al\/?p=133244"},"modified":"2026-01-12T12:50:44","modified_gmt":"2026-01-12T12:50:44","slug":"malltezi-ekspozon-fotot-e-prones-se-dhuruar-per-gjimnaz-ndersa-rama-ia-fali-bollinos","status":"publish","type":"post","link":"https:\/\/rdnews.al\/index.php\/2026\/01\/12\/malltezi-ekspozon-fotot-e-prones-se-dhuruar-per-gjimnaz-ndersa-rama-ia-fali-bollinos\/","title":{"rendered":"Malltezi ekspozon fotot e pron\u00ebs s\u00eb dhuruar p\u00ebr gjimnaz nd\u00ebrsa Rama ia fali Bollinos"},"content":{"rendered":"<p>Drejtuesi i Departamentit t\u00eb Mjedisit n\u00eb PD, Jamarb\u00ebr Malltezi ka shkuar n\u00eb GJKKO gjat\u00eb dit\u00ebs s\u00eb sotme p\u00ebr t\u00eb marr\u00eb pjes\u00eb n\u00eb seanc\u00ebn q\u00eb po zhvillohet n\u00eb ket\u00eb gjykata pas akuzave politike ndaj tij se ka marr\u00eb pron\u00ebn e tij.<\/p>\n<p>Nd\u00ebrkoh\u00eb q\u00eb n\u00eb hyrje t\u00eb institucionit ai ka paraqitur simbolikisht p\u00ebr mediat disa foto q\u00eb shpjegojn\u00eb se si Edi Rama mori tok\u00ebn q\u00eb Familjet tiranase kishin l\u00ebn\u00eb p\u00ebr nj\u00eb gjimnaz p\u00ebr lagje dhe ja dha me disa VKM nj\u00ebra pas tjetr\u00ebs drejtuesit t\u00eb medias Report TV, Carlo Bollino, nj\u00eb sh\u00ebrb\u00ebtor i bindur i kreut te qeveris\u00eb.<\/p>\n","protected":false},"excerpt":{"rendered":"<p>Drejtuesi i Departamentit t\u00eb Mjedisit n\u00eb PD, Jamarb\u00ebr Malltezi ka shkuar n\u00eb GJKKO gjat\u00eb dit\u00ebs s\u00eb sotme p\u00ebr t\u00eb marr\u00eb pjes\u00eb n\u00eb seanc\u00ebn q\u00eb po zhvillohet n\u00eb ket\u00eb gjykata pas akuzave politike ndaj tij se ka marr\u00eb pron\u00ebn e tij. Nd\u00ebrkoh\u00eb q\u00eb n\u00eb hyrje t\u00eb institucionit ai ka paraqitur simbolikisht p\u00ebr mediat disa foto q\u00eb &hellip;<\/p>\n","protected":false},"author":4,"featured_media":133245,"comment_status":"closed","ping_status":"closed","sticky":false,"template":"","format":"standard","meta":{"footnotes":""},"categories":[37],"tags":[],"class_list":["post-133244","post","type-post","status-publish","format-standard","has-post-thumbnail","","category-politike"],"_links":{"self":[{"href":"https:\/\/rdnews.al\/index.php\/wp-json\/wp\/v2\/posts\/133244","targetHints":{"allow":["GET"]}}],"collection":[{"href":"https:\/\/rdnews.al\/index.php\/wp-json\/wp\/v2\/posts"}],"about":[{"href":"https:\/\/rdnews.al\/index.php\/wp-json\/wp\/v2\/types\/post"}],"author":[{"embeddable":true,"href":"https:\/\/rdnews.al\/index.php\/wp-json\/wp\/v2\/users\/4"}],"replies":[{"embeddable":true,"href":"https:\/\/rdnews.al\/index.php\/wp-json\/wp\/v2\/comments?post=133244"}],"version-history":[{"count":2,"href":"https:\/\/rdnews.al\/index.php\/wp-json\/wp\/v2\/posts\/133244\/revisions"}],"predecessor-version":[{"id":133292,"href":"https:\/\/rdnews.al\/index.php\/wp-json\/wp\/v2\/posts\/133244\/revisions\/133292"}],"wp:featuredmedia":[{"embeddable":true,"href":"https:\/\/rdnews.al\/index.php\/wp-json\/wp\/v2\/media\/133245"}],"wp:attachment":[{"href":"https:\/\/rdnews.al\/index.php\/wp-json\/wp\/v2\/media?parent=133244"}],"wp:term":[{"taxonomy":"category","embeddable":true,"href":"https:\/\/rdnews.al\/index.php\/wp-json\/wp\/v2\/categories?post=133244"},{"taxonomy":"post_tag","embeddable":true,"href":"https:\/\/rdnews.al\/index.php\/wp-json\/wp\/v2\/tags?post=133244"}],"curies":[{"name":"wp","href":"https:\/\/api.w.org\/{rel}","templated":true}]}}