{"id":133247,"date":"2026-01-12T11:08:56","date_gmt":"2026-01-12T11:08:56","guid":{"rendered":"https:\/\/rdnews.al\/?p=133247"},"modified":"2026-01-12T11:09:21","modified_gmt":"2026-01-12T11:09:21","slug":"kucova-e-dimali-nen-uje-deputeti-i-pd-demshperblim-te-plote-dhe-padi-per-pergjegjesit","status":"publish","type":"post","link":"https:\/\/rdnews.al\/index.php\/2026\/01\/12\/kucova-e-dimali-nen-uje-deputeti-i-pd-demshperblim-te-plote-dhe-padi-per-pergjegjesit\/","title":{"rendered":"Ku\u00e7ova dhe Dimali n\u00ebn uj\u00eb, deputeti i PD: D\u00ebmshp\u00ebrblim t\u00eb plot\u00eb dhe padi p\u00ebr p\u00ebrgjegj\u00ebsit&#8230;"},"content":{"rendered":"<p>Deputeti i PD, Eno Bozdo tha se, qindra hektar\u00eb tok\u00eb bujq\u00ebsore n\u00eb Ku\u00e7ov\u00eb, ve\u00e7an\u00ebrisht n\u00eb zonat e Kozares, Salc-Kozares dhe Ferrasit, jan\u00eb p\u00ebrmbytur si pasoj\u00eb e hapjes s\u00eb portave shkarkuese t\u00eb hidrocentralit t\u00eb Banj\u00ebs pa asnj\u00eb paralajm\u00ebrim paraprak.<\/p>\n<p>N\u00eb nj\u00eb deklarat\u00eb p\u00ebr mediat, Bozdo tha se, p\u00ebrmbytjet masive kan\u00eb shkaktuar d\u00ebme t\u00eb pallogaritshme p\u00ebr qindra familje dhe fermer\u00eb t\u00eb zon\u00ebs.<\/p>\n<p>Deklarata<\/p>\n<p>Qindra hektar\u00eb tok\u00eb jan\u00eb p\u00ebrmbytur dje n\u00eb Ku\u00e7ov\u00eb, ve\u00e7an\u00ebrisht n\u00eb Kozare, Salc-Kozare dhe Ferras. P\u00ebrmbytja ka ndodhur n\u00eb or\u00ebt e para t\u00eb m\u00ebngjesit t\u00eb djesh\u00ebm dhe ka ardhur si pasoj\u00eb e hapjes pa asnj\u00eb paralajm\u00ebrim t\u00eb portave shkarkuese t\u00eb hidrocentralit t\u00eb Banj\u00ebs.<\/p>\n<p>Banor\u00ebt e Ku\u00e7ov\u00ebs dhe n\u00eb ve\u00e7anti t\u00eb Kozares, Salc-Kozare dhe Ferrasit, jan\u00eb gdhir\u00eb papritur dhe pa kujtuar n\u00ebn m\u00ebshir\u00eb t\u00eb fatit, n\u00ebn p\u00ebrmbytjen totale t\u00eb shkaktuara nga uj\u00ebrat e Devollit dhe t\u00eb atyre q\u00eb hap\u00ebn menj\u00ebher\u00eb portat shkarkuese.<\/p>\n<p>Qindra, e ndoshta mij\u00ebra hektar\u00eb tok\u00eb jan\u00eb p\u00ebrmbytur. Qindra familje dhe fermer\u00eb kan\u00eb p\u00ebsuar d\u00ebme t\u00eb pallogaritshme nga kjo katastrof\u00eb, jo aq natyrore, por e shkaktuar nga keqmenaxhimi. Dhe jo vet\u00ebm nga ana e subjektit q\u00eb operon n\u00eb lumin Devoll, por mbi t\u00eb gjitha nga ana e pushtetit vendor, i cili duhet t&#8217;i kishte paraprir\u00eb k\u00ebsaj situate dhe t\u00eb kishte njoftuar me koh\u00eb banor\u00ebt p\u00ebr p\u00ebrmbytjen e shkaktuar nga njeriu dhe jo nga kushtet e motit.<\/p>\n<p>K\u00ebt\u00eb procedur\u00eb e k\u00ebrkon ligji dhe ligji \u00ebsht\u00eb shkelur t\u00ebr\u00ebsisht.<\/p>\n<p>Menaxhimi i shkarkimeve \u00ebsht\u00eb qartazi i p\u00ebrcaktuar n\u00eb rregulloren e digave dhe sigurisht, n\u00ebse procedura do t\u00eb ishte ndjekur me rigorozitet, shkarkimet pjesore do t\u00eb kishin filluar prej dit\u00ebsh, sepse ishte shum\u00eb i qart\u00eb fakti se parashikimi i motit tregonte p\u00ebr rreshje t\u00eb shumta gjat\u00eb gjith\u00eb jav\u00ebs s\u00eb kaluar.<\/p>\n<p>P\u00ebr m\u00eb tep\u00ebr, pushteti vendor, dometh\u00ebn\u00eb ekzakt\u00ebsisht Bashkia Ku\u00e7ov\u00eb, duhet t\u00eb kishte lajm\u00ebruar banor\u00ebt e saj pik\u00ebrisht p\u00ebr hapjen e portave shkarkuese, n\u00eb m\u00ebnyr\u00eb q\u00eb k\u00ebta t\u00eb fundit t\u00eb merrnin masa p\u00ebr t\u00eb minimizuar d\u00ebmet. Por as kjo nuk \u00ebsht\u00eb b\u00ebr\u00eb.<\/p>\n<p>Kjo tregon nj\u00eb paaft\u00ebsi dhe neglizhenc\u00eb totale nga ana e Bashkis\u00eb Ku\u00e7ov\u00eb dhe p\u00ebr k\u00ebt\u00eb gj\u00eb p\u00ebrgjegj\u00ebsit duhet t\u00eb mbajn\u00eb p\u00ebrgjegj\u00ebsi p\u00ebrpara ligjit.<\/p>\n<p>D\u00ebmet e shkaktuara jan\u00eb shum\u00eb t\u00eb m\u00ebdha. P\u00ebr momentin asnj\u00eb ndihm\u00eb konkrete n\u00eb terren, p\u00ebrve\u00e7se premtimeve p\u00ebr mb\u00ebshtetje nga p\u00ebrfaq\u00ebsuesit e qeveris\u00eb.<\/p>\n<p>Dy muaj m\u00eb par\u00eb, e nj\u00ebjta histori p\u00ebrmbytje ndodhi me Dimalin, Ku\u00e7ov\u00ebn dhe Beratin. K\u00ebrkes\u00ebn ton\u00eb p\u00ebr d\u00ebmshp\u00ebrblim t\u00eb plot\u00eb t\u00eb familjeve dhe fermer\u00ebve, qeveria e hodhi posht\u00eb me arroganc\u00eb.<\/p>\n<p>Por n\u00eb rastin konkret kemi t\u00eb b\u00ebjm\u00eb me nj\u00eb p\u00ebrmbytje plot\u00ebsisht t\u00eb menaxhueshme. N\u00eb qoft\u00eb se do t\u00eb funksiononin hallkat e qeverisjes qendrore dhe vendore. K\u00ebshtu kjo \u00ebsht\u00eb nj\u00eb p\u00ebrmbytje e shkaktuar nga njeriu dhe jo nga per\u00ebndia.<\/p>\n<p>Partia Demokratike ka k\u00ebrkuar zyrtarisht shpalljen e gjendjes s\u00eb fatkeq\u00ebsis\u00eb natyrore. Prandaj po e p\u00ebrs\u00ebris k\u00ebt\u00eb thirrje.<\/p>\n<p>P\u00ebr familjar\u00ebt dhe fermer\u00ebt e Ku\u00e7ov\u00ebs dhe Dimalit, si dhe p\u00ebr \u00e7do familje shqiptare, fermer, qytetar\u00eb t\u00eb prekur sadopak nga kjo p\u00ebrmbytje, k\u00ebrkojm\u00eb edhe nj\u00eb her\u00eb, d\u00ebmshp\u00ebrblim t\u00eb plot\u00eb 100% p\u00ebr d\u00ebmin e shkaktuar.<\/p>\n<p>N\u00eb rastin konkret, po p\u00ebrgatisim padi p\u00ebr shkaktar\u00ebt e k\u00ebsaj p\u00ebrmbytjeje, e cila ishte e parashikueshme dhe mund t\u00eb minimizohej. Shkaktar\u00ebt do t\u00eb p\u00ebrballen me ligjin.<\/p>\n<p>Faleminderit!<\/p>\n","protected":false},"excerpt":{"rendered":"<p>Deputeti i PD, Eno Bozdo tha se, qindra hektar\u00eb tok\u00eb bujq\u00ebsore n\u00eb Ku\u00e7ov\u00eb, ve\u00e7an\u00ebrisht n\u00eb zonat e Kozares, Salc-Kozares dhe Ferrasit, jan\u00eb p\u00ebrmbytur si pasoj\u00eb e hapjes s\u00eb portave shkarkuese t\u00eb hidrocentralit t\u00eb Banj\u00ebs pa asnj\u00eb paralajm\u00ebrim paraprak. N\u00eb nj\u00eb deklarat\u00eb p\u00ebr mediat, Bozdo tha se, p\u00ebrmbytjet masive kan\u00eb shkaktuar d\u00ebme t\u00eb pallogaritshme p\u00ebr qindra &hellip;<\/p>\n","protected":false},"author":4,"featured_media":133248,"comment_status":"closed","ping_status":"closed","sticky":false,"template":"","format":"standard","meta":{"footnotes":""},"categories":[37],"tags":[],"class_list":["post-133247","post","type-post","status-publish","format-standard","has-post-thumbnail","","category-politike"],"_links":{"self":[{"href":"https:\/\/rdnews.al\/index.php\/wp-json\/wp\/v2\/posts\/133247","targetHints":{"allow":["GET"]}}],"collection":[{"href":"https:\/\/rdnews.al\/index.php\/wp-json\/wp\/v2\/posts"}],"about":[{"href":"https:\/\/rdnews.al\/index.php\/wp-json\/wp\/v2\/types\/post"}],"author":[{"embeddable":true,"href":"https:\/\/rdnews.al\/index.php\/wp-json\/wp\/v2\/users\/4"}],"replies":[{"embeddable":true,"href":"https:\/\/rdnews.al\/index.php\/wp-json\/wp\/v2\/comments?post=133247"}],"version-history":[{"count":2,"href":"https:\/\/rdnews.al\/index.php\/wp-json\/wp\/v2\/posts\/133247\/revisions"}],"predecessor-version":[{"id":133250,"href":"https:\/\/rdnews.al\/index.php\/wp-json\/wp\/v2\/posts\/133247\/revisions\/133250"}],"wp:featuredmedia":[{"embeddable":true,"href":"https:\/\/rdnews.al\/index.php\/wp-json\/wp\/v2\/media\/133248"}],"wp:attachment":[{"href":"https:\/\/rdnews.al\/index.php\/wp-json\/wp\/v2\/media?parent=133247"}],"wp:term":[{"taxonomy":"category","embeddable":true,"href":"https:\/\/rdnews.al\/index.php\/wp-json\/wp\/v2\/categories?post=133247"},{"taxonomy":"post_tag","embeddable":true,"href":"https:\/\/rdnews.al\/index.php\/wp-json\/wp\/v2\/tags?post=133247"}],"curies":[{"name":"wp","href":"https:\/\/api.w.org\/{rel}","templated":true}]}}