{"id":133325,"date":"2026-01-12T17:55:05","date_gmt":"2026-01-12T17:55:05","guid":{"rendered":"https:\/\/rdnews.al\/?p=133325"},"modified":"2026-01-12T17:55:05","modified_gmt":"2026-01-12T17:55:05","slug":"berisha-ky-eshte-viti-i-permbysjes-se-diktaturave-edi-rama-do-kete-fatin-qe-meriton","status":"publish","type":"post","link":"https:\/\/rdnews.al\/index.php\/2026\/01\/12\/berisha-ky-eshte-viti-i-permbysjes-se-diktaturave-edi-rama-do-kete-fatin-qe-meriton\/","title":{"rendered":"Berisha: Ky \u00ebsht\u00eb viti i p\u00ebrmbysjes s\u00eb diktaturave! Edi Rama do ket\u00eb fatin q\u00eb meriton!"},"content":{"rendered":"<p>Kryetari i PD, Sali Berisha, duke folur n\u00eb \u2018Foltoren\u2019 p\u00ebrpara kryeministris\u00eb, u shpreh se, ky \u00ebsht\u00eb viti i p\u00ebrmbysjes s\u00eb diktaturave dhe Edi Rama do t\u00eb marr\u00eb at\u00eb q\u00eb merion.<\/p>\n<p>Berisha tha se, ne kemi p\u00ebrball\u00eb sot regjimin m\u00eb karikaturial, m\u00eb t\u00eb turpsh\u00ebm, m\u00eb t\u00eb dekompozuar n\u00eb Europ\u00eb dhe n\u00eb bot\u00eb. Regjimin, q\u00eb kudo q\u00eb ta prek\u00ebsh, rrjedh vjedhje, vjedhje dhe vet\u00ebm vjedhje t\u00eb shqiptar\u00ebve.<\/p>\n<p><strong>Berisha: <\/strong>Mir\u00ebmbr\u00ebma dhe p\u00ebrsh\u00ebndetjet m\u00eb t\u00eb p\u00ebrzem\u00ebrta ju, demokrateve dhe demokrat\u00ebve, qytetareve dhe qytetar\u00ebve t\u00eb pamposhtur n\u00eb k\u00ebt\u00eb shesh, q\u00eb p\u00ebrcillni nga ky shesh, nga ky bulevard mesazhin e shpres\u00ebs, mesazhin e fitores n\u00eb t\u00eb kat\u00ebr an\u00ebt e Shqip\u00ebris\u00eb.<\/p>\n<p>T\u00eb dashur miq, viti 2026 do shkruhet me germa t\u00eb arta n\u00eb muret e koh\u00ebs si viti i anti-diktaturave.<\/p>\n<p>Si viti kur popujt e autokracive arrit\u00ebn t\u2019i p\u00ebrmbytin nj\u00ebra pas tjetr\u00ebs ato.<\/p>\n<p>Prej dy jav\u00ebsh, rrug\u00ebt e Teheranit dhe qyteteve t\u00eb tjera t\u00eb Iranit jan\u00eb t\u00eb mbushur me opozitar\u00eb t\u00eb guximsh\u00ebm, trima, t\u00eb cil\u00ebt pavar\u00ebsisht nga masakrat, bresh\u00ebrit\u00eb e ajatollah\u00ebve obskuranist\u00eb, ecin t\u00eb sigurt\u00eb drejt fitores.<\/p>\n<p>Asgj\u00eb nuk mund t\u00eb ndal\u00eb nj\u00eb popull t\u00eb vendosur p\u00ebr t\u00eb mbrojtur idealet e tij t\u00eb liris\u00eb.<\/p>\n<p>Asgj\u00eb nuk mund t\u00eb ndal\u00eb vrullin e tyre, guximin e tyre, hovin e tyre, pa triumfuar.<\/p>\n<p>Dhe ne k\u00ebtu vijm\u00eb sepse kemi k\u00ebt\u00eb besim.<\/p>\n<p>Sepse besojm\u00eb n\u00eb idealet tona t\u00eb drejta.<\/p>\n<p>Dhe se besojm\u00eb se k\u00ebto ideale do triumfojn\u00eb s\u00eb shpejti.<\/p>\n<p>Ne kemi p\u00ebrball\u00eb sot regjimin m\u00eb karikaturial, m\u00eb t\u00eb turpsh\u00ebm, m\u00eb t\u00eb dekompozuar n\u00eb Europ\u00eb dhe n\u00eb bot\u00eb.<\/p>\n<p>Regjimin, q\u00eb kudo q\u00eb ta prek\u00ebsh, rrjedh vjedhje, vjedhje dhe vet\u00ebm vjedhje t\u00eb shqiptar\u00ebve.<\/p>\n<p>Regjimin, i cili mbahet n\u00eb k\u00ebmb\u00eb me mashtrime, me propagand\u00eb, me trillime.<\/p>\n<p>Regjimin q\u00eb pret nga ne qytetar\u00ebt t\u2019i japim nd\u00ebshkimin q\u00eb meriton.<\/p>\n<p>Miqt\u00eb e mi, Edi Rama nd\u00ebrkoh\u00eb q\u00eb shqiptar\u00ebt jan\u00eb t\u00eb vendosur t\u2019i japin nd\u00ebshkimin e merituar, po ec\u00ebn drejt grushtit t\u00eb shtetit.<\/p>\n<p>Po ec\u00ebn drejt bllokimit t\u00eb sistemit t\u00eb drejt\u00ebsis\u00eb.<\/p>\n<p>Ai, nj\u00eb nj\u00eb akt t\u00eb pap\u00ebrgjegjsh\u00ebm, sfidon dhe posht\u00ebron shqiptar\u00ebt \u00e7do dit\u00eb, duke u nxjerr\u00eb mask\u00ebn e tij, Lubi Ballukun, p\u00ebr t\u2019u th\u00ebn\u00eb atyre q\u00eb ne as q\u00eb pyesim p\u00ebr ju.<\/p>\n<p>Po ja ku do i themi ne n\u00eb em\u00ebr tuaj, edhe ne n\u00eb m\u00ebnyr\u00eb absolute nuk do pyesim p\u00ebr ju, dhe do kesh fatin q\u00eb meriton.<\/p>\n","protected":false},"excerpt":{"rendered":"<p>Kryetari i PD, Sali Berisha, duke folur n\u00eb \u2018Foltoren\u2019 p\u00ebrpara kryeministris\u00eb, u shpreh se, ky \u00ebsht\u00eb viti i p\u00ebrmbysjes s\u00eb diktaturave dhe Edi Rama do t\u00eb marr\u00eb at\u00eb q\u00eb merion. Berisha tha se, ne kemi p\u00ebrball\u00eb sot regjimin m\u00eb karikaturial, m\u00eb t\u00eb turpsh\u00ebm, m\u00eb t\u00eb dekompozuar n\u00eb Europ\u00eb dhe n\u00eb bot\u00eb. Regjimin, q\u00eb kudo q\u00eb &hellip;<\/p>\n","protected":false},"author":4,"featured_media":133326,"comment_status":"closed","ping_status":"closed","sticky":false,"template":"","format":"standard","meta":{"footnotes":""},"categories":[37],"tags":[],"class_list":["post-133325","post","type-post","status-publish","format-standard","has-post-thumbnail","","category-politike"],"_links":{"self":[{"href":"https:\/\/rdnews.al\/index.php\/wp-json\/wp\/v2\/posts\/133325","targetHints":{"allow":["GET"]}}],"collection":[{"href":"https:\/\/rdnews.al\/index.php\/wp-json\/wp\/v2\/posts"}],"about":[{"href":"https:\/\/rdnews.al\/index.php\/wp-json\/wp\/v2\/types\/post"}],"author":[{"embeddable":true,"href":"https:\/\/rdnews.al\/index.php\/wp-json\/wp\/v2\/users\/4"}],"replies":[{"embeddable":true,"href":"https:\/\/rdnews.al\/index.php\/wp-json\/wp\/v2\/comments?post=133325"}],"version-history":[{"count":1,"href":"https:\/\/rdnews.al\/index.php\/wp-json\/wp\/v2\/posts\/133325\/revisions"}],"predecessor-version":[{"id":133327,"href":"https:\/\/rdnews.al\/index.php\/wp-json\/wp\/v2\/posts\/133325\/revisions\/133327"}],"wp:featuredmedia":[{"embeddable":true,"href":"https:\/\/rdnews.al\/index.php\/wp-json\/wp\/v2\/media\/133326"}],"wp:attachment":[{"href":"https:\/\/rdnews.al\/index.php\/wp-json\/wp\/v2\/media?parent=133325"}],"wp:term":[{"taxonomy":"category","embeddable":true,"href":"https:\/\/rdnews.al\/index.php\/wp-json\/wp\/v2\/categories?post=133325"},{"taxonomy":"post_tag","embeddable":true,"href":"https:\/\/rdnews.al\/index.php\/wp-json\/wp\/v2\/tags?post=133325"}],"curies":[{"name":"wp","href":"https:\/\/api.w.org\/{rel}","templated":true}]}}