{"id":133328,"date":"2026-01-12T18:00:34","date_gmt":"2026-01-12T18:00:34","guid":{"rendered":"https:\/\/rdnews.al\/?p=133328"},"modified":"2026-01-12T18:00:34","modified_gmt":"2026-01-12T18:00:34","slug":"berisha-ka-ardhur-koha-qe-qeveria-te-perballet-me-zemerimin-e-qytetareve","status":"publish","type":"post","link":"https:\/\/rdnews.al\/index.php\/2026\/01\/12\/berisha-ka-ardhur-koha-qe-qeveria-te-perballet-me-zemerimin-e-qytetareve\/","title":{"rendered":"Berisha: Ka ardhur koha q\u00eb qeveria t\u00eb p\u00ebrballet me zem\u00ebrimin e qytetar\u00ebve!"},"content":{"rendered":"<p>Kryetari i PD, Sali Berisha ftoi qytetar\u00ebt dhe opozitar\u00ebt n\u00eb protest\u00ebn e 24 Janarit duke theksuar se ka ardhur koha q\u00eb qeveria t\u00eb p\u00ebrballet me zem\u00ebrimin e shqiptar\u00ebve. Ai tha se, do t\u00eb b\u00ebjm\u00eb gjith\u00e7ka p\u00ebr nj\u00eb kryengritje paq\u00ebsore.<\/p>\n<p><strong>Berisha: <\/strong>\u00c7do dit\u00eb mediat njoftojn\u00eb p\u00ebr skandale e superskandale.<\/p>\n<p>\u00c7do dit\u00eb njoftohen se vendimet n\u00eb Shqip\u00ebri i marrin kartelet e drog\u00ebs.<\/p>\n<p>Se qeveria punon p\u00ebr pasurimin e saj, punon p\u00ebr pasurimin e karteleve, varf\u00ebrin\u00eb dhe mjerimin e qytetar\u00ebve.<\/p>\n<p>Ka ardhur koha q\u00eb qeveria t\u00eb p\u00ebrballet me zem\u00ebrimin e qytetar\u00ebve.<\/p>\n<p>Ka ardhur koha q\u00eb qeveria t\u00eb nd\u00ebshkohet me zem\u00ebrimin e qytetar\u00ebve.<\/p>\n<p>Ndaj dhe u ftoj t\u00eb b\u00ebjm\u00eb gjith\u00e7ka p\u00ebr nj\u00eb kryengritje paq\u00ebsore, p\u00ebr nj\u00eb revolucion t\u00eb ri, i cili do t\u00eb fshij\u00eb nga harta e Shqip\u00ebris\u00eb narkodiktatur\u00ebn e Enver Hoxh\u00ebs, do shnd\u00ebrroj\u00eb n\u00eb vendin e bekuar t\u00eb qytetar\u00ebve t\u00eb ndersh\u00ebm, pun\u00ebtor\u00eb, t\u00eb aft\u00eb.<\/p>\n<p>N\u00eb vendin e qytetar\u00ebve q\u00eb e duan dhe e nd\u00ebrtojn\u00eb t\u00eb ardhmen e tyre n\u00eb Shqip\u00ebri.<\/p>\n<p>Rroft\u00eb Shqip\u00ebria!<\/p>\n<p>Rrofshi ju!<\/p>\n<p>Rrofshin shqiptar\u00ebt!<\/p>\n","protected":false},"excerpt":{"rendered":"<p>Kryetari i PD, Sali Berisha ftoi qytetar\u00ebt dhe opozitar\u00ebt n\u00eb protest\u00ebn e 24 Janarit duke theksuar se ka ardhur koha q\u00eb qeveria t\u00eb p\u00ebrballet me zem\u00ebrimin e shqiptar\u00ebve. Ai tha se, do t\u00eb b\u00ebjm\u00eb gjith\u00e7ka p\u00ebr nj\u00eb kryengritje paq\u00ebsore. Berisha: \u00c7do dit\u00eb mediat njoftojn\u00eb p\u00ebr skandale e superskandale. \u00c7do dit\u00eb njoftohen se vendimet n\u00eb Shqip\u00ebri &hellip;<\/p>\n","protected":false},"author":4,"featured_media":133329,"comment_status":"closed","ping_status":"closed","sticky":false,"template":"","format":"standard","meta":{"footnotes":""},"categories":[37],"tags":[],"class_list":["post-133328","post","type-post","status-publish","format-standard","has-post-thumbnail","","category-politike"],"_links":{"self":[{"href":"https:\/\/rdnews.al\/index.php\/wp-json\/wp\/v2\/posts\/133328","targetHints":{"allow":["GET"]}}],"collection":[{"href":"https:\/\/rdnews.al\/index.php\/wp-json\/wp\/v2\/posts"}],"about":[{"href":"https:\/\/rdnews.al\/index.php\/wp-json\/wp\/v2\/types\/post"}],"author":[{"embeddable":true,"href":"https:\/\/rdnews.al\/index.php\/wp-json\/wp\/v2\/users\/4"}],"replies":[{"embeddable":true,"href":"https:\/\/rdnews.al\/index.php\/wp-json\/wp\/v2\/comments?post=133328"}],"version-history":[{"count":1,"href":"https:\/\/rdnews.al\/index.php\/wp-json\/wp\/v2\/posts\/133328\/revisions"}],"predecessor-version":[{"id":133330,"href":"https:\/\/rdnews.al\/index.php\/wp-json\/wp\/v2\/posts\/133328\/revisions\/133330"}],"wp:featuredmedia":[{"embeddable":true,"href":"https:\/\/rdnews.al\/index.php\/wp-json\/wp\/v2\/media\/133329"}],"wp:attachment":[{"href":"https:\/\/rdnews.al\/index.php\/wp-json\/wp\/v2\/media?parent=133328"}],"wp:term":[{"taxonomy":"category","embeddable":true,"href":"https:\/\/rdnews.al\/index.php\/wp-json\/wp\/v2\/categories?post=133328"},{"taxonomy":"post_tag","embeddable":true,"href":"https:\/\/rdnews.al\/index.php\/wp-json\/wp\/v2\/tags?post=133328"}],"curies":[{"name":"wp","href":"https:\/\/api.w.org\/{rel}","templated":true}]}}