{"id":133331,"date":"2026-01-12T18:06:49","date_gmt":"2026-01-12T18:06:49","guid":{"rendered":"https:\/\/rdnews.al\/?p=133331"},"modified":"2026-01-12T18:06:49","modified_gmt":"2026-01-12T18:06:49","slug":"berisha-fton-qytetaret-ne-proteste-me-24-janar-nje-front-i-vertete-opozitar-per-te-permbysur-narko-diktaturen","status":"publish","type":"post","link":"https:\/\/rdnews.al\/index.php\/2026\/01\/12\/berisha-fton-qytetaret-ne-proteste-me-24-janar-nje-front-i-vertete-opozitar-per-te-permbysur-narko-diktaturen\/","title":{"rendered":"Berisha fton qytetar\u00ebt n\u00eb protest\u00eb m\u00eb 24 janar: Nj\u00eb front i v\u00ebrtet\u00eb opozitar p\u00ebr t\u00eb p\u00ebrmbysur narko-diktatur\u00ebn!"},"content":{"rendered":"<p>Lideri i opozit\u00ebs, Sali Berisha, gjat\u00eb fjal\u00ebs s\u00eb mbajtur n\u00eb \u201cFoltore\u201d tek kryeministria i \u00ebsht\u00eb drejtuar qytetar\u00ebve me thirrjen p\u00ebr t\u2019u b\u00ebr\u00eb pjes\u00eb e protest\u00ebs komb\u00ebtare t\u00eb 24 Janarit t\u00eb thirrut nga opozita.<\/p>\n<p>Ai tha se do t\u00eb krijojm\u00eb nj\u00eb front t\u00eb v\u00ebrtet\u00eb opozitar p\u00ebr t\u00eb p\u00ebrmbysur narko-diktatur\u00ebn.<\/p>\n<p><strong>Berisha: <\/strong>T\u00eb dashur miq, opozita shqiptare ka vendosur t\u00eb th\u00ebrras\u00eb nj\u00eb protest\u00eb me dat\u00ebn 24 janar, n\u00eb t\u00eb cil\u00ebn t\u00eb japim mesazhet e qarta, p\u00ebrfundimtare Edi Ram\u00ebs.<\/p>\n<p>Hiq dor\u00eb nga grushti i shtetit, prano ligji dhe Kushtetut\u00ebn, p\u00ebrndryshe do t\u00eb nxjerrim ne jasht\u00eb ligjit, jasht\u00eb Kushtetut\u00ebs.<\/p>\n<p>Ndaj dhe me 24, t\u00eb gjith\u00eb n\u00eb k\u00ebt\u00eb shesh p\u00ebr t\u00eb treguar fuqin\u00eb e bashkimit t\u00eb shqiptar\u00ebve, fuqin\u00eb e guximit t\u00eb shqiptar\u00ebve, vizionin ne tyre, shpirtin e pamposhtur t\u00eb popullit opozitar.<\/p>\n<p>T\u00eb dashur miq, k\u00ebto dit\u00eb q\u00eb na ndajn\u00eb \u00ebsht\u00eb jetike q\u00eb secili prej nesh t\u00eb ulet rrafsh, t\u00eb bisedoj\u00eb me \u00e7do qytetar, pavar\u00ebsisht nga bindjet e tij politike.<\/p>\n<p>T\u00eb bashkohemi, t\u00eb bisedojm\u00eb me \u00e7do intelektual, pavar\u00ebsisht nga q\u00ebndrimet e tij, t\u00eb dal\u00eb nga konformizmi, t\u00eb harroj\u00eb se konformizmi \u00ebsht\u00eb s\u00ebmundja m\u00eb e tmerrshme e nj\u00eb intelektuali.<\/p>\n<p>Se konformizmi nuk i lejon atij t\u00eb p\u00ebrmbush\u00eb misionin e madh para qytetar\u00ebve, para popullit t\u00eb tij.<\/p>\n<p>T\u00eb b\u00ebjm\u00eb gjith\u00e7ka p\u00ebr nj\u00eb front t\u00eb v\u00ebrtet\u00eb opozitar, i cili t\u00eb p\u00ebrmbys\u00eb diktatur\u00ebn e autokratit, e kleptokratit, Edi Rama, narkodiktatorit t\u00eb par\u00eb dhe t\u00eb vet\u00ebm n\u00eb Europ\u00eb.<\/p>\n<p>I b\u00ebj thirrje t\u00eb rinjve t\u00eb ngrihen n\u00eb lart\u00ebsin\u00eb e misionit t\u00eb shenjt\u00eb, hyjnor.<\/p>\n<p>Gjenerata e tyre \u00ebsht\u00eb gjenerata e misioneve t\u00eb m\u00ebdha.<\/p>\n<p>Gjenerata e tyre po p\u00ebrbys diktatura dhe epoka.<\/p>\n<p>Ndaj dhe ftoj \u00e7do t\u00eb ri t\u00eb k\u00ebtij vendi t\u00eb ngrihet n\u00eb lart\u00ebsin\u00eb e idealeve t\u00eb tij dhe me guximin, energjin\u00eb t\u00eb b\u00ebj\u00eb \u00e7do gj\u00eb p\u00ebr largimin e k\u00ebtij regjimi armiq\u00ebsor ndaj shqiptar\u00ebve.<\/p>\n","protected":false},"excerpt":{"rendered":"<p>Lideri i opozit\u00ebs, Sali Berisha, gjat\u00eb fjal\u00ebs s\u00eb mbajtur n\u00eb \u201cFoltore\u201d tek kryeministria i \u00ebsht\u00eb drejtuar qytetar\u00ebve me thirrjen p\u00ebr t\u2019u b\u00ebr\u00eb pjes\u00eb e protest\u00ebs komb\u00ebtare t\u00eb 24 Janarit t\u00eb thirrut nga opozita. Ai tha se do t\u00eb krijojm\u00eb nj\u00eb front t\u00eb v\u00ebrtet\u00eb opozitar p\u00ebr t\u00eb p\u00ebrmbysur narko-diktatur\u00ebn. Berisha: T\u00eb dashur miq, opozita shqiptare ka &hellip;<\/p>\n","protected":false},"author":4,"featured_media":133332,"comment_status":"closed","ping_status":"closed","sticky":false,"template":"","format":"standard","meta":{"footnotes":""},"categories":[37],"tags":[],"class_list":["post-133331","post","type-post","status-publish","format-standard","has-post-thumbnail","","category-politike"],"_links":{"self":[{"href":"https:\/\/rdnews.al\/index.php\/wp-json\/wp\/v2\/posts\/133331","targetHints":{"allow":["GET"]}}],"collection":[{"href":"https:\/\/rdnews.al\/index.php\/wp-json\/wp\/v2\/posts"}],"about":[{"href":"https:\/\/rdnews.al\/index.php\/wp-json\/wp\/v2\/types\/post"}],"author":[{"embeddable":true,"href":"https:\/\/rdnews.al\/index.php\/wp-json\/wp\/v2\/users\/4"}],"replies":[{"embeddable":true,"href":"https:\/\/rdnews.al\/index.php\/wp-json\/wp\/v2\/comments?post=133331"}],"version-history":[{"count":1,"href":"https:\/\/rdnews.al\/index.php\/wp-json\/wp\/v2\/posts\/133331\/revisions"}],"predecessor-version":[{"id":133333,"href":"https:\/\/rdnews.al\/index.php\/wp-json\/wp\/v2\/posts\/133331\/revisions\/133333"}],"wp:featuredmedia":[{"embeddable":true,"href":"https:\/\/rdnews.al\/index.php\/wp-json\/wp\/v2\/media\/133332"}],"wp:attachment":[{"href":"https:\/\/rdnews.al\/index.php\/wp-json\/wp\/v2\/media?parent=133331"}],"wp:term":[{"taxonomy":"category","embeddable":true,"href":"https:\/\/rdnews.al\/index.php\/wp-json\/wp\/v2\/categories?post=133331"},{"taxonomy":"post_tag","embeddable":true,"href":"https:\/\/rdnews.al\/index.php\/wp-json\/wp\/v2\/tags?post=133331"}],"curies":[{"name":"wp","href":"https:\/\/api.w.org\/{rel}","templated":true}]}}