{"id":133336,"date":"2026-01-12T19:30:11","date_gmt":"2026-01-12T19:30:11","guid":{"rendered":"https:\/\/rdnews.al\/?p=133336"},"modified":"2026-01-12T19:30:11","modified_gmt":"2026-01-12T19:30:11","slug":"diversioni-streha-e-fundit-e-rames-askush-nuk-eshte-thirrur-ne-spak-bazuar-ne-nje-kallezim-te-paqene-te-gaz-bardhit","status":"publish","type":"post","link":"https:\/\/rdnews.al\/index.php\/2026\/01\/12\/diversioni-streha-e-fundit-e-rames-askush-nuk-eshte-thirrur-ne-spak-bazuar-ne-nje-kallezim-te-paqene-te-gaz-bardhit\/","title":{"rendered":"Diversioni, streha e fundit e Ram\u00ebs\/ Askush nuk \u00ebsht\u00eb thirrur n\u00eb SPAK bazuar n\u00eb nj\u00eb \u201ckall\u00ebzim\u201d t\u00eb paqen\u00eb te Gaz Bardhit"},"content":{"rendered":"<div class=\"xdj266r x14z9mp xat24cr x1lziwak x1vvkbs x126k92a\">\n<div dir=\"auto\"><strong>Marash LOGU<\/strong><\/div>\n<div dir=\"auto\"><\/div>\n<div dir=\"auto\">Kur shpifja kthehet n\u00eb mision, media shnd\u00ebrrohet n\u00eb \u201ce paqen\u00eb\u201d!<\/div>\n<\/div>\n<div class=\"x14z9mp xat24cr x1lziwak x1vvkbs xtlvy1s x126k92a\">\n<div dir=\"auto\">Lajmet m\u00eb posht\u00eb jan\u00eb nj\u00eb shpifje dhe s\u2019kan\u00eb asnj\u00eb t\u00eb v\u00ebrtet\u00eb brenda tyre<span class=\"html-span xexx8yu xyri2b x18d9i69 x1c1uobl x1hl2dhg x16tdsg8 x1vvkbs x3nfvp2 x1j61x8r x1fcty0u xdj266r xat24cr xm2jcoa x1mpyi22 xxymvpz xlup9mm x1kky2od\"><img loading=\"lazy\" decoding=\"async\" class=\"xz74otr x15mokao x1ga7v0g x16uus16 xbiv7yw\" src=\"https:\/\/static.xx.fbcdn.net\/images\/emoji.php\/v9\/t8a\/1\/16\/1f447_1f3fb.png\" alt=\"\ud83d\udc47\ud83c\udffb\" width=\"16\" height=\"16\" \/><\/span><\/div>\n<\/div>\n<div class=\"x14z9mp xat24cr x1lziwak x1vvkbs xtlvy1s x126k92a\">\n<div dir=\"auto\">Nuk ekziston n\u00eb SPAK asnj\u00eb \u00e7\u00ebshtje q\u00eb bazohet n\u00eb nj\u00eb \u201ckall\u00ebzim\u201d t\u00eb paqen\u00eb.<\/div>\n<div dir=\"auto\">Askush nuk \u00ebsht\u00eb thirrur n\u00eb SPAK bazuar n\u00eb nj\u00eb \u201ckall\u00ebzim\u201d t\u00eb paqen\u00eb.<\/div>\n<div dir=\"auto\">Vet\u00eb \u201ckall\u00ebzimi\u201d i paqen\u00eb flet p\u00ebr \u201cfalsifikim t\u00eb vulave\u201d, shpif\u00ebsit flasin p\u00ebr \u201cfinancim\u201d.<\/div>\n<\/div>\n<div class=\"x14z9mp xat24cr x1lziwak x1vvkbs xtlvy1s x126k92a\">\n<div dir=\"auto\">Sepse qart\u00ebsisht nuk \u00ebsht\u00eb se nuk e din\u00eb t\u00eb v\u00ebrtet\u00ebn, por nuk u intereson ajo, por shpifja dhe g\u00ebnjeshtra.<\/div>\n<\/div>\n<div class=\"x14z9mp xat24cr x1lziwak x1vvkbs xtlvy1s x126k92a\">\n<div dir=\"auto\">\u00cbsht\u00eb e qart\u00eb q\u00eb shpifja \u00ebsht\u00eb e orkestruar nga e nj\u00ebjta dor\u00eb, pik\u00ebrisht dora q\u00eb zgjatet gjithmon\u00eb tek lek\u00ebt e pista t\u00eb korrupsionit t\u00eb Edi Ram\u00ebs dhe Belinda Ballukut. Dhe si\u00e7 \u00ebsht\u00eb kall\u00ebzuar korrupsioni i Edi Ram\u00ebs dhe Belinda Ballukut, do t\u00eb kall\u00ebzohen edhe shpif\u00ebsit p\u00ebr lajme t\u00eb sajuara sa her\u00eb \u00ebsht\u00eb n\u00eb hall Edi Rama dhe Belinda Balluku.<\/div>\n<\/div>\n","protected":false},"excerpt":{"rendered":"<p>Marash LOGU Kur shpifja kthehet n\u00eb mision, media shnd\u00ebrrohet n\u00eb \u201ce paqen\u00eb\u201d! Lajmet m\u00eb posht\u00eb jan\u00eb nj\u00eb shpifje dhe s\u2019kan\u00eb asnj\u00eb t\u00eb v\u00ebrtet\u00eb brenda tyre Nuk ekziston n\u00eb SPAK asnj\u00eb \u00e7\u00ebshtje q\u00eb bazohet n\u00eb nj\u00eb \u201ckall\u00ebzim\u201d t\u00eb paqen\u00eb. Askush nuk \u00ebsht\u00eb thirrur n\u00eb SPAK bazuar n\u00eb nj\u00eb \u201ckall\u00ebzim\u201d t\u00eb paqen\u00eb. Vet\u00eb \u201ckall\u00ebzimi\u201d i paqen\u00eb flet &hellip;<\/p>\n","protected":false},"author":3,"featured_media":83271,"comment_status":"closed","ping_status":"closed","sticky":false,"template":"","format":"standard","meta":{"footnotes":""},"categories":[37],"tags":[],"class_list":["post-133336","post","type-post","status-publish","format-standard","has-post-thumbnail","","category-politike"],"_links":{"self":[{"href":"https:\/\/rdnews.al\/index.php\/wp-json\/wp\/v2\/posts\/133336","targetHints":{"allow":["GET"]}}],"collection":[{"href":"https:\/\/rdnews.al\/index.php\/wp-json\/wp\/v2\/posts"}],"about":[{"href":"https:\/\/rdnews.al\/index.php\/wp-json\/wp\/v2\/types\/post"}],"author":[{"embeddable":true,"href":"https:\/\/rdnews.al\/index.php\/wp-json\/wp\/v2\/users\/3"}],"replies":[{"embeddable":true,"href":"https:\/\/rdnews.al\/index.php\/wp-json\/wp\/v2\/comments?post=133336"}],"version-history":[{"count":1,"href":"https:\/\/rdnews.al\/index.php\/wp-json\/wp\/v2\/posts\/133336\/revisions"}],"predecessor-version":[{"id":133337,"href":"https:\/\/rdnews.al\/index.php\/wp-json\/wp\/v2\/posts\/133336\/revisions\/133337"}],"wp:featuredmedia":[{"embeddable":true,"href":"https:\/\/rdnews.al\/index.php\/wp-json\/wp\/v2\/media\/83271"}],"wp:attachment":[{"href":"https:\/\/rdnews.al\/index.php\/wp-json\/wp\/v2\/media?parent=133336"}],"wp:term":[{"taxonomy":"category","embeddable":true,"href":"https:\/\/rdnews.al\/index.php\/wp-json\/wp\/v2\/categories?post=133336"},{"taxonomy":"post_tag","embeddable":true,"href":"https:\/\/rdnews.al\/index.php\/wp-json\/wp\/v2\/tags?post=133336"}],"curies":[{"name":"wp","href":"https:\/\/api.w.org\/{rel}","templated":true}]}}