{"id":133338,"date":"2026-01-12T19:38:08","date_gmt":"2026-01-12T19:38:08","guid":{"rendered":"https:\/\/rdnews.al\/?p=133338"},"modified":"2026-01-12T19:38:08","modified_gmt":"2026-01-12T19:38:08","slug":"cili-do-te-jete-fundi-i-rames-kryengritja-do-te-fshije-nga-harta-e-shqiperise-narkodiktaturen","status":"publish","type":"post","link":"https:\/\/rdnews.al\/index.php\/2026\/01\/12\/cili-do-te-jete-fundi-i-rames-kryengritja-do-te-fshije-nga-harta-e-shqiperise-narkodiktaturen\/","title":{"rendered":"Cili do t\u00eb jet\u00eb fundi i Ram\u00ebs\/ Kryengritja do t\u00eb fshij\u00eb nga harta e Shqip\u00ebris\u00eb narkodiktatur\u00ebn"},"content":{"rendered":"<p><strong>Sali BERISHA<\/strong><\/p>\n<p>Mir\u00ebmbr\u00ebma dhe p\u00ebrsh\u00ebndetjet m\u00eb t\u00eb p\u00ebrzem\u00ebrta ju, demokrateve dhe demokrat\u00ebve, qytetareve dhe qytetar\u00ebve t\u00eb pamposhtur n\u00eb k\u00ebt\u00eb shesh, q\u00eb p\u00ebrcillni nga ky shesh, nga ky bulevard mesazhin e shpres\u00ebs, mesazhin e fitores n\u00eb t\u00eb kat\u00ebr an\u00ebt e Shqip\u00ebris\u00eb.<br \/>\nT\u00eb dashur miq, viti 2026 do shkruhet me germa t\u00eb arta n\u00eb muret e koh\u00ebs si viti i anti-diktaturave.<br \/>\nSi viti kur popujt e autokracive arrit\u00ebn t\u2019i p\u00ebrmbytin nj\u00ebra pas tjetr\u00ebs ato.<br \/>\nPrej dy jav\u00ebsh, rrug\u00ebt e Teheranit dhe qyteteve t\u00eb tjera t\u00eb Iranit jan\u00eb t\u00eb mbushur me opozitar\u00eb t\u00eb guximsh\u00ebm, trima, t\u00eb cil\u00ebt pavar\u00ebsisht nga masakrat, bresh\u00ebrit\u00eb e ajatollah\u00ebve obskuranist\u00eb, ecin t\u00eb sigurt\u00eb drejt fitores.<br \/>\nAsgj\u00eb nuk mund t\u00eb ndal\u00eb nj\u00eb popull t\u00eb vendosur p\u00ebr t\u00eb mbrojtur idealet e tij t\u00eb liris\u00eb.<br \/>\nAsgj\u00eb nuk mund t\u00eb ndal\u00eb vrullin e tyre, guximin e tyre, hovin e tyre, pa triumfuar.<br \/>\nDhe ne k\u00ebtu vijm\u00eb sepse kemi k\u00ebt\u00eb besim.<br \/>\nSepse besojm\u00eb n\u00eb idealet tona t\u00eb drejta.<br \/>\nDhe se besojm\u00eb se k\u00ebto ideale do triumfojn\u00eb s\u00eb shpejti.<br \/>\nNe kemi p\u00ebrball\u00eb sot regjimin m\u00eb karikaturial, m\u00eb t\u00eb turpsh\u00ebm, m\u00eb t\u00eb dekompozuar n\u00eb Europ\u00eb dhe n\u00eb bot\u00eb.<br \/>\nRegjimin, q\u00eb kudo q\u00eb ta prek\u00ebsh, rrjedh vjedhje, vjedhje dhe vet\u00ebm vjedhje t\u00eb shqiptar\u00ebve.<br \/>\nRegjimin, i cili mbahet n\u00eb k\u00ebmb\u00eb me mashtrime, me propagand\u00eb, me trillime.<br \/>\nRegjimin q\u00eb pret nga ne qytetar\u00ebt t\u2019i japim nd\u00ebshkimin q\u00eb meriton.<br \/>\nMiqt\u00eb e mi, Edi Rama nd\u00ebrkoh\u00eb q\u00eb shqiptar\u00ebt jan\u00eb t\u00eb vendosur t\u2019i japin nd\u00ebshkimin e merituar, po ec\u00ebn drejt grushtit t\u00eb shtetit.<br \/>\nPo ec\u00ebn drejt bllokimit t\u00eb sistemit t\u00eb drejt\u00ebsis\u00eb.<br \/>\nAi, nj\u00eb nj\u00eb akt t\u00eb pap\u00ebrgjegjsh\u00ebm, sfidon dhe posht\u00ebron shqiptar\u00ebt \u00e7do dit\u00eb, duke u nxjerr\u00eb mask\u00ebn e tij, Lubi Ballukun, p\u00ebr t\u2019u th\u00ebn\u00eb atyre q\u00eb ne as q\u00eb pyesim p\u00ebr ju.<br \/>\nPo ja ku do i themi ne n\u00eb em\u00ebr tuaj, edhe ne n\u00eb m\u00ebnyr\u00eb absolute nuk do pyesim p\u00ebr ju, dhe do kesh fatin q\u00eb meriton.<\/p>\n<p>T\u00eb dashur miq, opozita shqiptare ka vendosur t\u00eb th\u00ebrras\u00eb nj\u00eb protest\u00eb me dat\u00ebn 24 janar, n\u00eb t\u00eb cil\u00ebn t\u00eb japim mesazhet e qarta, p\u00ebrfundimtare Edi Ram\u00ebs.<br \/>\nHiq dor\u00eb nga grushti i shtetit, prano ligji dhe Kushtetut\u00ebn, p\u00ebrndryshe do t\u00eb nxjerrim ne jasht\u00eb ligjit, jasht\u00eb Kushtetut\u00ebs.<br \/>\nNdaj dhe me 24, t\u00eb gjith\u00eb n\u00eb k\u00ebt\u00eb shesh p\u00ebr t\u00eb treguar fuqin\u00eb e bashkimit t\u00eb shqiptar\u00ebve, fuqin\u00eb e guximit t\u00eb shqiptar\u00ebve, vizionin ne tyre, shpirtin e pamposhtur t\u00eb popullit opozitar.<br \/>\nT\u00eb dashur miq, k\u00ebto dit\u00eb q\u00eb na ndajn\u00eb \u00ebsht\u00eb jetike q\u00eb secili prej nesh t\u00eb ulet rrafsh, t\u00eb bisedoj\u00eb me \u00e7do qytetar, pavar\u00ebsisht nga bindjet e tij politike.<br \/>\nT\u00eb bashkohemi, t\u00eb bisedojm\u00eb me \u00e7do intelektual, pavar\u00ebsisht nga q\u00ebndrimet e tij, t\u00eb dal\u00eb nga konformizmi, t\u00eb harroj\u00eb se konformizmi \u00ebsht\u00eb s\u00ebmundja m\u00eb e tmerrshme e nj\u00eb intelektuali.<br \/>\nSe konformizmi nuk i lejon atij t\u00eb p\u00ebrmbush\u00eb misionin e madh para qytetar\u00ebve, para popullit t\u00eb tij.<br \/>\nT\u00eb b\u00ebjm\u00eb gjith\u00e7ka p\u00ebr nj\u00eb front t\u00eb v\u00ebrtet\u00eb opozitar, i cili t\u00eb p\u00ebrmbys\u00eb diktatur\u00ebn e autokratit, e kleptokratit, Edi Rama, narkodiktatorit t\u00eb par\u00eb dhe t\u00eb vet\u00ebm n\u00eb Europ\u00eb.<br \/>\nI b\u00ebj thirrje t\u00eb rinjve t\u00eb ngrihen n\u00eb lart\u00ebsin\u00eb e misionit t\u00eb shenjt\u00eb, hyjnor.<br \/>\nGjenerata e tyre \u00ebsht\u00eb gjenerata e misioneve t\u00eb m\u00ebdha.<br \/>\nGjenerata e tyre po p\u00ebrbys diktatura dhe epoka.<br \/>\nNdaj dhe ftoj \u00e7do t\u00eb ri t\u00eb k\u00ebtij vendi t\u00eb ngrihet n\u00eb lart\u00ebsin\u00eb e idealeve t\u00eb tij dhe me guximin, energjin\u00eb t\u00eb b\u00ebj\u00eb \u00e7do gj\u00eb p\u00ebr largimin e k\u00ebtij regjimi armiq\u00ebsor ndaj shqiptar\u00ebve.<\/p>\n<p>\u00c7do dit\u00eb mediat njoftojn\u00eb p\u00ebr skandale e superskandale.<br \/>\n\u00c7do dit\u00eb njoftohen se vendimet n\u00eb Shqip\u00ebri i marrin kartelet e drog\u00ebs.<br \/>\nSe qeveria punon p\u00ebr pasurimin e saj, punon p\u00ebr pasurimin e karteleve, varf\u00ebrin\u00eb dhe mjerimin e qytetar\u00ebve.<br \/>\nKa ardhur koha q\u00eb qeveria t\u00eb p\u00ebrballet me zem\u00ebrimin e qytetar\u00ebve.<br \/>\nKa ardhur koha q\u00eb qeveria t\u00eb nd\u00ebshkohet me zem\u00ebrimin e qytetar\u00ebve.<br \/>\nNdaj dhe u ftoj t\u00eb b\u00ebjm\u00eb gjith\u00e7ka p\u00ebr nj\u00eb kryengritje paq\u00ebsore, p\u00ebr nj\u00eb revolucion t\u00eb ri, i cili do t\u00eb fshij\u00eb nga harta e Shqip\u00ebris\u00eb narkodiktatur\u00ebn e Edi Ram\u00ebs, do shnd\u00ebrroj\u00eb n\u00eb vendin e bekuar t\u00eb qytetar\u00ebve t\u00eb ndersh\u00ebm, pun\u00ebtor\u00eb, t\u00eb aft\u00eb.<br \/>\nN\u00eb vendin e qytetar\u00ebve q\u00eb e duan dhe e nd\u00ebrtojn\u00eb t\u00eb ardhmen e tyre n\u00eb Shqip\u00ebri.<br \/>\nRroft\u00eb Shqip\u00ebria.<br \/>\nRrofshi ju.<br \/>\nRrofshin shqiptar\u00ebt.<\/p>\n","protected":false},"excerpt":{"rendered":"<p>Sali BERISHA Mir\u00ebmbr\u00ebma dhe p\u00ebrsh\u00ebndetjet m\u00eb t\u00eb p\u00ebrzem\u00ebrta ju, demokrateve dhe demokrat\u00ebve, qytetareve dhe qytetar\u00ebve t\u00eb pamposhtur n\u00eb k\u00ebt\u00eb shesh, q\u00eb p\u00ebrcillni nga ky shesh, nga ky bulevard mesazhin e shpres\u00ebs, mesazhin e fitores n\u00eb t\u00eb kat\u00ebr an\u00ebt e Shqip\u00ebris\u00eb. T\u00eb dashur miq, viti 2026 do shkruhet me germa t\u00eb arta n\u00eb muret e koh\u00ebs &hellip;<\/p>\n","protected":false},"author":3,"featured_media":133339,"comment_status":"closed","ping_status":"closed","sticky":false,"template":"","format":"standard","meta":{"footnotes":""},"categories":[37],"tags":[],"class_list":["post-133338","post","type-post","status-publish","format-standard","has-post-thumbnail","","category-politike"],"_links":{"self":[{"href":"https:\/\/rdnews.al\/index.php\/wp-json\/wp\/v2\/posts\/133338","targetHints":{"allow":["GET"]}}],"collection":[{"href":"https:\/\/rdnews.al\/index.php\/wp-json\/wp\/v2\/posts"}],"about":[{"href":"https:\/\/rdnews.al\/index.php\/wp-json\/wp\/v2\/types\/post"}],"author":[{"embeddable":true,"href":"https:\/\/rdnews.al\/index.php\/wp-json\/wp\/v2\/users\/3"}],"replies":[{"embeddable":true,"href":"https:\/\/rdnews.al\/index.php\/wp-json\/wp\/v2\/comments?post=133338"}],"version-history":[{"count":1,"href":"https:\/\/rdnews.al\/index.php\/wp-json\/wp\/v2\/posts\/133338\/revisions"}],"predecessor-version":[{"id":133340,"href":"https:\/\/rdnews.al\/index.php\/wp-json\/wp\/v2\/posts\/133338\/revisions\/133340"}],"wp:featuredmedia":[{"embeddable":true,"href":"https:\/\/rdnews.al\/index.php\/wp-json\/wp\/v2\/media\/133339"}],"wp:attachment":[{"href":"https:\/\/rdnews.al\/index.php\/wp-json\/wp\/v2\/media?parent=133338"}],"wp:term":[{"taxonomy":"category","embeddable":true,"href":"https:\/\/rdnews.al\/index.php\/wp-json\/wp\/v2\/categories?post=133338"},{"taxonomy":"post_tag","embeddable":true,"href":"https:\/\/rdnews.al\/index.php\/wp-json\/wp\/v2\/tags?post=133338"}],"curies":[{"name":"wp","href":"https:\/\/api.w.org\/{rel}","templated":true}]}}