{"id":133341,"date":"2026-01-12T19:53:42","date_gmt":"2026-01-12T19:53:42","guid":{"rendered":"https:\/\/rdnews.al\/?p=133341"},"modified":"2026-01-12T19:53:42","modified_gmt":"2026-01-12T19:53:42","slug":"ambasada-amerikane-asnje-njoftim-per-ceremonine-me-firmen-amerikane-ku-ishte-rama-dhe-balluku","status":"publish","type":"post","link":"https:\/\/rdnews.al\/index.php\/2026\/01\/12\/ambasada-amerikane-asnje-njoftim-per-ceremonine-me-firmen-amerikane-ku-ishte-rama-dhe-balluku\/","title":{"rendered":"Ambasada amerikane, asnj\u00eb njoftim p\u00ebr ceremonin\u00eb me firm\u00ebn amerikane ku ishte Rama dhe Balluku"},"content":{"rendered":"<p>Ambasada amerikane poston n\u00eb faqen e saj n\u00eb facebook t\u00eb gjith\u00eb aktivitetin e t\u00eb Ndarkuar\u00ebs me Pun\u00eb, VanHorm. Ambasada ka publikuar sot vizit\u00ebn e VanHorm n\u00eb Gjykat\u00ebn Kushtetuese, takimin me Kryetaren e re t\u00eb k\u00ebsaj Gjyjate si dhe mesazhin p\u00ebr ti dh\u00ebn\u00eb fund karteleve t\u00eb drog\u00ebs dhe k\u00ebrkes\u00ebn q\u00eb Kushtetuesja t\u00eb jet\u00eb garante e t\u00eb dh\u00ebnit drejt\u00ebsi.<\/p>\n<p>Ambasada n\u00eb faqen e saj nuk ka pasqyruar ceremonin\u00eb qeveritare me kompanin\u00eb amerikane ku ishin t\u00eb pranish\u00ebm VanHorm, Rama dhe Balluku.<\/p>\n","protected":false},"excerpt":{"rendered":"<p>Ambasada amerikane poston n\u00eb faqen e saj n\u00eb facebook t\u00eb gjith\u00eb aktivitetin e t\u00eb Ndarkuar\u00ebs me Pun\u00eb, VanHorm. Ambasada ka publikuar sot vizit\u00ebn e VanHorm n\u00eb Gjykat\u00ebn Kushtetuese, takimin me Kryetaren e re t\u00eb k\u00ebsaj Gjyjate si dhe mesazhin p\u00ebr ti dh\u00ebn\u00eb fund karteleve t\u00eb drog\u00ebs dhe k\u00ebrkes\u00ebn q\u00eb Kushtetuesja t\u00eb jet\u00eb garante e t\u00eb &hellip;<\/p>\n","protected":false},"author":3,"featured_media":133342,"comment_status":"closed","ping_status":"closed","sticky":false,"template":"","format":"standard","meta":{"footnotes":""},"categories":[37],"tags":[],"class_list":["post-133341","post","type-post","status-publish","format-standard","has-post-thumbnail","","category-politike"],"_links":{"self":[{"href":"https:\/\/rdnews.al\/index.php\/wp-json\/wp\/v2\/posts\/133341","targetHints":{"allow":["GET"]}}],"collection":[{"href":"https:\/\/rdnews.al\/index.php\/wp-json\/wp\/v2\/posts"}],"about":[{"href":"https:\/\/rdnews.al\/index.php\/wp-json\/wp\/v2\/types\/post"}],"author":[{"embeddable":true,"href":"https:\/\/rdnews.al\/index.php\/wp-json\/wp\/v2\/users\/3"}],"replies":[{"embeddable":true,"href":"https:\/\/rdnews.al\/index.php\/wp-json\/wp\/v2\/comments?post=133341"}],"version-history":[{"count":1,"href":"https:\/\/rdnews.al\/index.php\/wp-json\/wp\/v2\/posts\/133341\/revisions"}],"predecessor-version":[{"id":133343,"href":"https:\/\/rdnews.al\/index.php\/wp-json\/wp\/v2\/posts\/133341\/revisions\/133343"}],"wp:featuredmedia":[{"embeddable":true,"href":"https:\/\/rdnews.al\/index.php\/wp-json\/wp\/v2\/media\/133342"}],"wp:attachment":[{"href":"https:\/\/rdnews.al\/index.php\/wp-json\/wp\/v2\/media?parent=133341"}],"wp:term":[{"taxonomy":"category","embeddable":true,"href":"https:\/\/rdnews.al\/index.php\/wp-json\/wp\/v2\/categories?post=133341"},{"taxonomy":"post_tag","embeddable":true,"href":"https:\/\/rdnews.al\/index.php\/wp-json\/wp\/v2\/tags?post=133341"}],"curies":[{"name":"wp","href":"https:\/\/api.w.org\/{rel}","templated":true}]}}