{"id":133406,"date":"2026-01-13T18:37:53","date_gmt":"2026-01-13T18:37:53","guid":{"rendered":"https:\/\/rdnews.al\/?p=133406"},"modified":"2026-01-13T18:37:53","modified_gmt":"2026-01-13T18:37:53","slug":"berisha-fton-qytetaret-ne-proteste-me-24-janar-tirana-sheshet-dhe-rruget-jane-te-opozites","status":"publish","type":"post","link":"https:\/\/rdnews.al\/index.php\/2026\/01\/13\/berisha-fton-qytetaret-ne-proteste-me-24-janar-tirana-sheshet-dhe-rruget-jane-te-opozites\/","title":{"rendered":"Berisha fton qytetar\u00ebt n\u00eb protest\u00eb: Me 24 janar Tirana, sheshet dhe rrug\u00ebt jan\u00eb t\u00eb opozit\u00ebs!"},"content":{"rendered":"<p>Kryetari i PD, Sali Berisha fttoi qytetar\u00ebt e Lezh\u00ebs q\u00eb t\u2019i bashkohen protest\u00ebs s\u00eb 24 Janarit q\u00eb do t\u00eb mbahet tek kryeministria.<\/p>\n<p>Berisha tha se, me 24 janar, Tirana, sheshet dhe rrug\u00ebt jan\u00eb t\u00eb opozit\u00ebs. Ndaj dhe u ftoj t\u00eb derdhemi t\u00eb gjith\u00eb n\u00eb Tiran\u00eb p\u00ebr t\u00eb treguar vendosm\u00ebrin\u00eb ton\u00eb p\u00ebr t\u00eb larguar me vendosm\u00ebri k\u00ebt\u00eb qeveri nga pushteti.<\/p>\n<p><strong>Berisha: <\/strong>Ju fal\u00ebnderoj shum\u00eb p\u00ebr nd\u00ebrhyrjet tuaja, p\u00ebr k\u00ebt\u00eb pritje.<\/p>\n<p>U garantoj se PD do p\u00ebrmbush\u00eb misionin e saj, detyrimin q\u00eb ka p\u00ebr t\u00eb garantuar not\u00ebn e lir\u00eb t\u00eb shqiptar\u00ebve dhe fitoren e opozit\u00ebs.<\/p>\n<p>Me 24 janar, Tirana, sheshet dhe rrug\u00ebt jan\u00eb t\u00eb opozit\u00ebs.<\/p>\n<p>Ndaj dhe u ftoj t\u00eb derdhemi t\u00eb gjith\u00eb n\u00eb Tiran\u00eb p\u00ebr t\u00eb treguar vendosm\u00ebrin\u00eb ton\u00eb p\u00ebr t\u00eb larguar me vendosm\u00ebri k\u00ebt\u00eb qeveri nga pushteti.<\/p>\n<p>U garantoj se PD \u00ebsht\u00eb n\u00eb nj\u00eb proces jasht\u00ebzakonisht t\u00eb r\u00ebnd\u00ebsish\u00ebm t\u00eb rip\u00ebrt\u00ebritjes, t\u00eb p\u00ebrpunimit t\u00eb programit dhe strategjis\u00eb p\u00ebr t\u00eb realizuar misionin e saj, p\u00ebrmbysjen e diktatur\u00ebs s\u00eb dyt\u00eb n\u00eb Shqip\u00ebri dhe rikthimin e demokracis\u00eb.<\/p>\n<p>Rrofshi ju, rroft\u00eb Lezha, rroft\u00eb Shqip\u00ebria!<\/p>\n","protected":false},"excerpt":{"rendered":"<p>Kryetari i PD, Sali Berisha fttoi qytetar\u00ebt e Lezh\u00ebs q\u00eb t\u2019i bashkohen protest\u00ebs s\u00eb 24 Janarit q\u00eb do t\u00eb mbahet tek kryeministria. Berisha tha se, me 24 janar, Tirana, sheshet dhe rrug\u00ebt jan\u00eb t\u00eb opozit\u00ebs. Ndaj dhe u ftoj t\u00eb derdhemi t\u00eb gjith\u00eb n\u00eb Tiran\u00eb p\u00ebr t\u00eb treguar vendosm\u00ebrin\u00eb ton\u00eb p\u00ebr t\u00eb larguar me vendosm\u00ebri &hellip;<\/p>\n","protected":false},"author":4,"featured_media":133407,"comment_status":"closed","ping_status":"closed","sticky":false,"template":"","format":"standard","meta":{"footnotes":""},"categories":[37],"tags":[],"class_list":["post-133406","post","type-post","status-publish","format-standard","has-post-thumbnail","","category-politike"],"_links":{"self":[{"href":"https:\/\/rdnews.al\/index.php\/wp-json\/wp\/v2\/posts\/133406","targetHints":{"allow":["GET"]}}],"collection":[{"href":"https:\/\/rdnews.al\/index.php\/wp-json\/wp\/v2\/posts"}],"about":[{"href":"https:\/\/rdnews.al\/index.php\/wp-json\/wp\/v2\/types\/post"}],"author":[{"embeddable":true,"href":"https:\/\/rdnews.al\/index.php\/wp-json\/wp\/v2\/users\/4"}],"replies":[{"embeddable":true,"href":"https:\/\/rdnews.al\/index.php\/wp-json\/wp\/v2\/comments?post=133406"}],"version-history":[{"count":1,"href":"https:\/\/rdnews.al\/index.php\/wp-json\/wp\/v2\/posts\/133406\/revisions"}],"predecessor-version":[{"id":133408,"href":"https:\/\/rdnews.al\/index.php\/wp-json\/wp\/v2\/posts\/133406\/revisions\/133408"}],"wp:featuredmedia":[{"embeddable":true,"href":"https:\/\/rdnews.al\/index.php\/wp-json\/wp\/v2\/media\/133407"}],"wp:attachment":[{"href":"https:\/\/rdnews.al\/index.php\/wp-json\/wp\/v2\/media?parent=133406"}],"wp:term":[{"taxonomy":"category","embeddable":true,"href":"https:\/\/rdnews.al\/index.php\/wp-json\/wp\/v2\/categories?post=133406"},{"taxonomy":"post_tag","embeddable":true,"href":"https:\/\/rdnews.al\/index.php\/wp-json\/wp\/v2\/tags?post=133406"}],"curies":[{"name":"wp","href":"https:\/\/api.w.org\/{rel}","templated":true}]}}