{"id":133411,"date":"2026-01-13T19:55:08","date_gmt":"2026-01-13T19:55:08","guid":{"rendered":"https:\/\/rdnews.al\/?p=133411"},"modified":"2026-01-13T19:55:08","modified_gmt":"2026-01-13T19:55:08","slug":"permbytjet-ne-hamallaj-berisha-publikon-videon-pompat-u-vodhen-nga-patronazhistet","status":"publish","type":"post","link":"https:\/\/rdnews.al\/index.php\/2026\/01\/13\/permbytjet-ne-hamallaj-berisha-publikon-videon-pompat-u-vodhen-nga-patronazhistet\/","title":{"rendered":"P\u00ebrmbytjet n\u00eb Hamallaj\/ Berisha publikon videon: Pompat u vodh\u00ebn nga patronazhist\u00ebt"},"content":{"rendered":"<p>Kryetari i PD, Sali Berisha ka reaguar s\u00ebrish k\u00ebt\u00eb t\u00eb mart\u00eb n\u00eb lidhje me p\u00ebrmbytjet masive t\u00eb regjistruara n\u00eb qytetin e Durr\u00ebsit.<\/p>\n<div class=\"jeg_ad jeg_ad_article jnews_content_inline_ads  \">\n<div class=\"ads-wrapper align-center \">\n<div class=\"ads_code\">N\u00eb nj\u00eb postim n\u00eb rrjete sociale, Berisha ka ndar\u00eb nj\u00eb video nga zona e Hamallajt, teksa shkruan se p\u00ebrmbytjet n\u00eb k\u00ebt\u00eb zon\u00eb jan\u00eb shkaktuar pasi disa patronazhist\u00eb t\u00eb PS-s\u00eb ka vjedhur popmat.<\/div>\n<\/div>\n<\/div>\n<p>\u2018U vodh\u00ebn pompat nga patronazhist\u00ebt e Ramaduros, ndaj u p\u00ebrmbyt Hamallaj\u2019,\u00a0shkruan Berisha, krahas videos s\u00eb p\u00ebrcjell\u00eb nga nj\u00eb qytetar, i cili tregon p\u00ebrmbytjen e tok\u00ebs bujq\u00ebsore n\u00eb zon\u00ebn e Hamallajt n\u00eb Durr\u00ebs.<\/p>\n<p>Qytetari ka treguar p\u00ebrmes videos, se si hidrovori n\u00eb Hamallaj ka dal\u00eb jasht\u00eb funksionit p\u00ebr shkak t\u00eb vjedhjes s\u00eb investimeve q\u00eb mund t\u00eb shp\u00ebtonin qindra e mij\u00ebra familje nga p\u00ebrmbytjet.<\/p>\n<p><iframe loading=\"lazy\" src=\"https:\/\/www.facebook.com\/plugins\/video.php?height=476&amp;href=https%3A%2F%2Fwww.facebook.com%2Freel%2F1237291984985148%2F&amp;show_text=true&amp;width=267&amp;t=0\" width=\"267\" height=\"591\" frameborder=\"0\" scrolling=\"no\" allowfullscreen=\"allowfullscreen\" data-mce-fragment=\"1\"><\/iframe><\/p>\n","protected":false},"excerpt":{"rendered":"<p>Kryetari i PD, Sali Berisha ka reaguar s\u00ebrish k\u00ebt\u00eb t\u00eb mart\u00eb n\u00eb lidhje me p\u00ebrmbytjet masive t\u00eb regjistruara n\u00eb qytetin e Durr\u00ebsit. N\u00eb nj\u00eb postim n\u00eb rrjete sociale, Berisha ka ndar\u00eb nj\u00eb video nga zona e Hamallajt, teksa shkruan se p\u00ebrmbytjet n\u00eb k\u00ebt\u00eb zon\u00eb jan\u00eb shkaktuar pasi disa patronazhist\u00eb t\u00eb PS-s\u00eb ka vjedhur popmat. \u2018U &hellip;<\/p>\n","protected":false},"author":4,"featured_media":133412,"comment_status":"closed","ping_status":"closed","sticky":false,"template":"","format":"standard","meta":{"footnotes":""},"categories":[37],"tags":[],"class_list":["post-133411","post","type-post","status-publish","format-standard","has-post-thumbnail","","category-politike"],"_links":{"self":[{"href":"https:\/\/rdnews.al\/index.php\/wp-json\/wp\/v2\/posts\/133411","targetHints":{"allow":["GET"]}}],"collection":[{"href":"https:\/\/rdnews.al\/index.php\/wp-json\/wp\/v2\/posts"}],"about":[{"href":"https:\/\/rdnews.al\/index.php\/wp-json\/wp\/v2\/types\/post"}],"author":[{"embeddable":true,"href":"https:\/\/rdnews.al\/index.php\/wp-json\/wp\/v2\/users\/4"}],"replies":[{"embeddable":true,"href":"https:\/\/rdnews.al\/index.php\/wp-json\/wp\/v2\/comments?post=133411"}],"version-history":[{"count":1,"href":"https:\/\/rdnews.al\/index.php\/wp-json\/wp\/v2\/posts\/133411\/revisions"}],"predecessor-version":[{"id":133413,"href":"https:\/\/rdnews.al\/index.php\/wp-json\/wp\/v2\/posts\/133411\/revisions\/133413"}],"wp:featuredmedia":[{"embeddable":true,"href":"https:\/\/rdnews.al\/index.php\/wp-json\/wp\/v2\/media\/133412"}],"wp:attachment":[{"href":"https:\/\/rdnews.al\/index.php\/wp-json\/wp\/v2\/media?parent=133411"}],"wp:term":[{"taxonomy":"category","embeddable":true,"href":"https:\/\/rdnews.al\/index.php\/wp-json\/wp\/v2\/categories?post=133411"},{"taxonomy":"post_tag","embeddable":true,"href":"https:\/\/rdnews.al\/index.php\/wp-json\/wp\/v2\/tags?post=133411"}],"curies":[{"name":"wp","href":"https:\/\/api.w.org\/{rel}","templated":true}]}}