{"id":133414,"date":"2026-01-13T19:59:27","date_gmt":"2026-01-13T19:59:27","guid":{"rendered":"https:\/\/rdnews.al\/?p=133414"},"modified":"2026-01-13T20:56:40","modified_gmt":"2026-01-13T20:56:40","slug":"kush-eshte-efektivi-qe-ndoqi-te-arratisurin-nga-burgu-ne-durres-lidhja-me-erion-veliajn","status":"publish","type":"post","link":"https:\/\/rdnews.al\/index.php\/2026\/01\/13\/kush-eshte-efektivi-qe-ndoqi-te-arratisurin-nga-burgu-ne-durres-lidhja-me-erion-veliajn\/","title":{"rendered":"Kush \u00ebsht\u00eb efektivi q\u00eb ndoqi t\u00eb arratisurin nga burgu n\u00eb Durr\u00ebs, lidhja me Erion Veliajn"},"content":{"rendered":"<p>T\u00eb tjera detaje kan\u00eb dal\u00eb n\u00eb drit\u00eb nga arratisja e t\u00eb paraburgosurit, Altin Ndoci, dit\u00ebn e sotme n\u00eb Spitalin Rajonal t\u00eb Durr\u00ebsit.<\/p>\n<p>Sipas emisionit \u201cN\u00eb Sh\u00ebnjest\u00ebr\u201d, efektivi i burgjeve, i cili ka ndjekur Ndocin gjat\u00eb momentit t\u00eb tij t\u00eb largimit, madje duke q\u00eblluar edhe nj\u00eb her\u00eb n\u00eb aj\u00ebr, \u00ebsht\u00eb identifikuar si<strong>\u00a0Fatjon Baci.<\/strong><\/p>\n<p>Baci \u00ebsht\u00eb i nj\u00ebjti efektiv, i cili vitin e kaluar \u00ebsht\u00eb p\u00ebrfshir\u00eb n\u00eb nj\u00eb tjet\u00ebr episod t\u00eb shqyrtuar nga drejt\u00ebsia, por k\u00ebt\u00eb her\u00eb me kryebashkiakun e arrestuar t\u00eb Tiran\u00ebs,\u00a0<strong>Erion Veliaj.<\/strong><\/p>\n<p>Ky efektiv i ka dh\u00ebn\u00eb telefonin e tij Veliajt n\u00eb furgonin e burgut, teksa ky i fundit transportohej nga paraburgimi i Durr\u00ebsit drejt ambienteve t\u00eb SPAK n\u00eb Tiran\u00eb.<\/p>\n<p>Prej k\u00ebtij episodi, Veliajt iu shtua edhe nj\u00eb tjet\u00ebr akuz\u00eb, ajo e \u201cfutjes s\u00eb sendeve t\u00eb ndaluara n\u00eb ambientet e vuajtjes s\u00eb d\u00ebnimit\u201d.<\/p>\n<p><strong>Kush \u00ebsht\u00eb Altin Ndoci?<\/strong><\/p>\n<p>Altin Ndoci akuzohet nga SPAK, vrasje, grup kriminal etj. Ai ka qen\u00eb pjes\u00ebmarr\u00ebs n\u00eb masakr\u00ebn e Bradasheshit, ku mbeti i vrar\u00eb v\u00ebllai i Endrit Alibej i njohur si Tarzai, xhaxhait Arben Dylgjeri dhe nj\u00eb shtetasi turk.<\/p>\n<p>N\u00eb nj\u00eb dosje tjet\u00ebr Altin Ndoci, akuzohet nga SPAK dhe Nuredin Dumani si pjes\u00ebmarr\u00ebs n\u00eb vrasjen e Andi Zylyfit dhe plagosjen e Ardit Uru\u00e7it kryer n\u00eb bashk\u00ebpunim n\u00eb form\u00ebn e \u201cGrupit t\u00eb strukturuar kriminal\u201d.<\/p>\n<p>Gjithashtu Ndoci, akuzohet p\u00ebr \u201cMbajtja pa leje dhe prodhimi i arm\u00ebve, shp\u00ebrthyese dhe i municionit\u201d, e kryer n\u00eb bashk\u00ebpunim n\u00eb form\u00ebn e grupit t\u00eb strukturuar kriminal, \u201cGrupi i strukturuar kriminal\u201d, (n\u00eb rolin e pjes\u00ebmarr\u00ebsit).<\/p>\n","protected":false},"excerpt":{"rendered":"<p>T\u00eb tjera detaje kan\u00eb dal\u00eb n\u00eb drit\u00eb nga arratisja e t\u00eb paraburgosurit, Altin Ndoci, dit\u00ebn e sotme n\u00eb Spitalin Rajonal t\u00eb Durr\u00ebsit. Sipas emisionit \u201cN\u00eb Sh\u00ebnjest\u00ebr\u201d, efektivi i burgjeve, i cili ka ndjekur Ndocin gjat\u00eb momentit t\u00eb tij t\u00eb largimit, madje duke q\u00eblluar edhe nj\u00eb her\u00eb n\u00eb aj\u00ebr, \u00ebsht\u00eb identifikuar si\u00a0Fatjon Baci. Baci \u00ebsht\u00eb i &hellip;<\/p>\n","protected":false},"author":4,"featured_media":133416,"comment_status":"closed","ping_status":"closed","sticky":false,"template":"","format":"standard","meta":{"footnotes":""},"categories":[134,37],"tags":[],"class_list":["post-133414","post","type-post","status-publish","format-standard","has-post-thumbnail","","category-news","category-politike"],"_links":{"self":[{"href":"https:\/\/rdnews.al\/index.php\/wp-json\/wp\/v2\/posts\/133414","targetHints":{"allow":["GET"]}}],"collection":[{"href":"https:\/\/rdnews.al\/index.php\/wp-json\/wp\/v2\/posts"}],"about":[{"href":"https:\/\/rdnews.al\/index.php\/wp-json\/wp\/v2\/types\/post"}],"author":[{"embeddable":true,"href":"https:\/\/rdnews.al\/index.php\/wp-json\/wp\/v2\/users\/4"}],"replies":[{"embeddable":true,"href":"https:\/\/rdnews.al\/index.php\/wp-json\/wp\/v2\/comments?post=133414"}],"version-history":[{"count":1,"href":"https:\/\/rdnews.al\/index.php\/wp-json\/wp\/v2\/posts\/133414\/revisions"}],"predecessor-version":[{"id":133417,"href":"https:\/\/rdnews.al\/index.php\/wp-json\/wp\/v2\/posts\/133414\/revisions\/133417"}],"wp:featuredmedia":[{"embeddable":true,"href":"https:\/\/rdnews.al\/index.php\/wp-json\/wp\/v2\/media\/133416"}],"wp:attachment":[{"href":"https:\/\/rdnews.al\/index.php\/wp-json\/wp\/v2\/media?parent=133414"}],"wp:term":[{"taxonomy":"category","embeddable":true,"href":"https:\/\/rdnews.al\/index.php\/wp-json\/wp\/v2\/categories?post=133414"},{"taxonomy":"post_tag","embeddable":true,"href":"https:\/\/rdnews.al\/index.php\/wp-json\/wp\/v2\/tags?post=133414"}],"curies":[{"name":"wp","href":"https:\/\/api.w.org\/{rel}","templated":true}]}}