{"id":133436,"date":"2026-01-14T11:00:43","date_gmt":"2026-01-14T11:00:43","guid":{"rendered":"https:\/\/rdnews.al\/?p=133436"},"modified":"2026-01-14T11:01:16","modified_gmt":"2026-01-14T11:01:16","slug":"cakrani-ndaj-metes-jane-bere-sulme-te-vazhdueshme-irena-gjoka-e-kapur-dhe-e-shantazhuar","status":"publish","type":"post","link":"https:\/\/rdnews.al\/index.php\/2026\/01\/14\/cakrani-ndaj-metes-jane-bere-sulme-te-vazhdueshme-irena-gjoka-e-kapur-dhe-e-shantazhuar\/","title":{"rendered":"Avokati: Ndaj Ilir Met\u00ebs jan\u00eb b\u00ebr\u00eb sulme t\u00eb vazhdueshme! Irena Gjoka e kapur dhe e shantazhuar"},"content":{"rendered":"<p>Dy avokat\u00ebt e ish-presidentit Ilir Meta, Kujtim Cakrani dhe Gylsen Zhllima, n\u00eb nj\u00eb konferenc\u00eb p\u00ebr mediat paraqit\u00ebn shqet\u00ebsimet e tyre mbi situat\u00ebn aktuale t\u00eb klientit t\u00eb tyre, duke e cil\u00ebsuar at\u00eb si nj\u00eb rast t\u00eb r\u00ebnd\u00eb shkeljeje ligjore.<\/p>\n<p>Gjat\u00eb fjal\u00ebs s\u00eb tij, avokati Kujtim Cakrani theksoi se, ndaj Met\u00ebs jan\u00eb b\u00ebr\u00eb sulme t\u00eb vazhdueshme dhe se ai nuk ka mund\u00ebsi t\u00eb komunikoj\u00eb me qytetar\u00ebt apo bashk\u00ebpun\u00ebtor\u00ebt e tij.<\/p>\n<p>Sipas tij, hetimet kan\u00eb p\u00ebrfunduar m\u00eb 4 gusht 2025, por prej asaj date procesi gjyq\u00ebsor ka mbetur n\u00eb faz\u00ebn e seanc\u00ebs paraprake.<\/p>\n<p>\u201cNuk i jepet mund\u00ebsia q\u00eb t\u00eb komunikoj\u00eb me qytetar\u00ebt, me bashk\u00ebpun\u00ebtor\u00ebt. Por problemi \u00ebsht\u00eb q\u00eb hetimit kan\u00eb p\u00ebrfunduar n\u00eb dat\u00ebn 4 gusht n\u00eb 2025 dhe prej k\u00ebsaj date zoti Meta \u00ebsht\u00eb n\u00eb seanc\u00eb paraprake.<\/p>\n<p>Ne sot jemi plot 4 muaj e gjysm\u00eb dhe nuk kemi nisur seanc\u00ebn paraprake q\u00eb do t\u00eb thot\u00eb \u00ebsht\u00eb nj\u00eb shkelje e r\u00ebnd\u00eb. Kjo ka r\u00ebnduar pozit\u00ebn e drejt\u00ebsis\u00eb q\u00eb \u00ebsht\u00eb kthyer n\u00eb drejt\u00ebsi inkuizitore. Ne kemi b\u00ebr\u00eb k\u00ebrkes\u00eb p\u00ebr z\u00ebvend\u00ebsimin e mas\u00ebs duke marr\u00eb parasysh t\u00eb gjitha rrethanat n\u00eb momentin ku ndodhet \u00e7\u00ebshtja.<\/p>\n<p>Gjyqtarja Irena Gjoka \u00ebsht\u00eb n\u00eb hall t\u00eb madh, sepse \u00ebsht\u00eb e kapur dhe e shantazhuar. Por ne do vazhdojm\u00eb betej\u00ebn ligjore. Presidenti Meta sot \u00ebsht\u00eb n\u00eb kushte paraburgimi q\u00eb kan\u00eb kaluar \u00e7do standard ligjor dhe human\u201d, tha avokati Cakrani.<\/p>\n","protected":false},"excerpt":{"rendered":"<p>Dy avokat\u00ebt e ish-presidentit Ilir Meta, Kujtim Cakrani dhe Gylsen Zhllima, n\u00eb nj\u00eb konferenc\u00eb p\u00ebr mediat paraqit\u00ebn shqet\u00ebsimet e tyre mbi situat\u00ebn aktuale t\u00eb klientit t\u00eb tyre, duke e cil\u00ebsuar at\u00eb si nj\u00eb rast t\u00eb r\u00ebnd\u00eb shkeljeje ligjore. Gjat\u00eb fjal\u00ebs s\u00eb tij, avokati Kujtim Cakrani theksoi se, ndaj Met\u00ebs jan\u00eb b\u00ebr\u00eb sulme t\u00eb vazhdueshme dhe &hellip;<\/p>\n","protected":false},"author":4,"featured_media":61715,"comment_status":"closed","ping_status":"closed","sticky":false,"template":"","format":"standard","meta":{"footnotes":""},"categories":[37],"tags":[],"class_list":["post-133436","post","type-post","status-publish","format-standard","has-post-thumbnail","","category-politike"],"_links":{"self":[{"href":"https:\/\/rdnews.al\/index.php\/wp-json\/wp\/v2\/posts\/133436","targetHints":{"allow":["GET"]}}],"collection":[{"href":"https:\/\/rdnews.al\/index.php\/wp-json\/wp\/v2\/posts"}],"about":[{"href":"https:\/\/rdnews.al\/index.php\/wp-json\/wp\/v2\/types\/post"}],"author":[{"embeddable":true,"href":"https:\/\/rdnews.al\/index.php\/wp-json\/wp\/v2\/users\/4"}],"replies":[{"embeddable":true,"href":"https:\/\/rdnews.al\/index.php\/wp-json\/wp\/v2\/comments?post=133436"}],"version-history":[{"count":3,"href":"https:\/\/rdnews.al\/index.php\/wp-json\/wp\/v2\/posts\/133436\/revisions"}],"predecessor-version":[{"id":133439,"href":"https:\/\/rdnews.al\/index.php\/wp-json\/wp\/v2\/posts\/133436\/revisions\/133439"}],"wp:featuredmedia":[{"embeddable":true,"href":"https:\/\/rdnews.al\/index.php\/wp-json\/wp\/v2\/media\/61715"}],"wp:attachment":[{"href":"https:\/\/rdnews.al\/index.php\/wp-json\/wp\/v2\/media?parent=133436"}],"wp:term":[{"taxonomy":"category","embeddable":true,"href":"https:\/\/rdnews.al\/index.php\/wp-json\/wp\/v2\/categories?post=133436"},{"taxonomy":"post_tag","embeddable":true,"href":"https:\/\/rdnews.al\/index.php\/wp-json\/wp\/v2\/tags?post=133436"}],"curies":[{"name":"wp","href":"https:\/\/api.w.org\/{rel}","templated":true}]}}