{"id":133443,"date":"2026-01-14T12:11:24","date_gmt":"2026-01-14T12:11:24","guid":{"rendered":"https:\/\/rdnews.al\/?p=133443"},"modified":"2026-01-14T12:11:24","modified_gmt":"2026-01-14T12:11:24","slug":"berisha-rama-dhe-lubia-po-shkaterrojne-provat-pa-nderprerje-te-dorehiqet-rama","status":"publish","type":"post","link":"https:\/\/rdnews.al\/index.php\/2026\/01\/14\/berisha-rama-dhe-lubia-po-shkaterrojne-provat-pa-nderprerje-te-dorehiqet-rama\/","title":{"rendered":"Berisha: Rama dhe Lubia po shkat\u00ebrrojn\u00eb provat pa nd\u00ebrprerje! T\u00eb dor\u00ebhiqet Rama!"},"content":{"rendered":"<p>Kryetari i PD, Sali Berisha, n\u00eb konferenc\u00ebn me gazetar\u00ebt tha se, Rama dhe Lubia po shkat\u00ebrrojn\u00eb provat pa nd\u00ebrprerje!<\/p>\n<p>N\u00eb fjal\u00ebn e tij nga salla e konferencave n\u00eb selin\u00eb blu, Berisha k\u00ebrkoi dor\u00ebheqjen e menj\u00ebhershme t\u00eb Ram\u00ebs, nd\u00ebrsa ftoi qytetar\u00ebt t\u2019i bashkohen protest\u00ebs komb\u00ebtare t\u00eb opozit\u00ebs m\u00eb 24 janar.<\/p>\n<p>&#8220;Sot m\u00eb shum\u00eb se kurr\u00eb t\u00eb flasin me zem\u00ebrimin e tyre, t\u00eb flasin me guximin e tyre, t\u00eb flasin me ndjenjat e dashuris\u00eb s\u00eb tyre p\u00ebr k\u00ebt\u00eb vend dhe t\u00eb ardhmen e shqiptar\u00ebve me dat\u00ebn 24 janar n\u00eb protest\u00ebn komb\u00ebtare t\u00eb thirrur nga opozita p\u00ebr k\u00ebt\u00eb q\u00ebllim\u2019, u shpreh Berisha.<\/p>\n<p>Makineria e manipulimit dhe e shkat\u00ebrrimit t\u00eb provave dhe dokumenteve q\u00eb faj\u00ebsojn\u00eb inkriminimin e plot\u00eb dhe total t\u00eb Edi Ram\u00ebs, Lubi Ballukut dhe bashk\u00ebpun\u00ebtor\u00ebve t\u00eb tyre n\u00eb nj\u00eb seri aferash shum\u00eb t\u00eb r\u00ebnda, q\u00eb shkojn\u00eb n\u00eb miliarda euro vjedhje t\u00eb taksapaguesve shqiptar\u00eb, vazhdon pa nd\u00ebrprerje.<\/p>\n<p>Nd\u00ebrkoh\u00eb intimidohen dhe thirren si n\u00eb zyra t\u00eb policis\u00eb sekrete punonj\u00ebs t\u00eb administrat\u00ebs, t\u00eb cil\u00ebt ose duhet t\u00eb ndryshojn\u00eb d\u00ebshmit\u00eb e tyre ose nuk duhet t\u00eb d\u00ebshmojn\u00eb apo t\u00eb thon\u00eb ato q\u00eb porositen.<\/p>\n<p>Presion i jasht\u00ebzakonsh\u00ebm b\u00ebhet mbi Gjykat\u00ebn Kushtetuese.<\/p>\n<p>Pra, Edi Rama p\u00ebr t\u00eb mbrojtur veten e tij, krimet e tij, po shkon drejt grushtit t\u00eb shtetit, asgj\u00ebsimit de facto t\u00eb drejt\u00ebsis\u00eb n\u00eb Shqip\u00ebri.<\/p>\n<p>Duke d\u00ebnuar me forc\u00ebn m\u00eb t\u00eb madhe k\u00ebto q\u00ebndrime t\u00eb pap\u00ebrgjegjshme, i k\u00ebrkoj atij dor\u00ebheqjen dhe largimin e tij nga posti i kryeministrit.<\/p>\n<p>Ai \u00ebsht\u00eb sot njeriu m\u00eb i rreziksh\u00ebm p\u00ebr shqiptar\u00ebt, dhe jo vet\u00ebm p\u00ebr shqiptar\u00ebt, por me lidhjet e tij t\u00eb krimit ai p\u00ebrb\u00ebn nj\u00eb rrezik t\u00eb madh p\u00ebr rajonin dhe m\u00eb gjer\u00eb.<\/p>\n<p>PD u b\u00ebn thirrje shqiptar\u00ebve, sot m\u00eb shum\u00eb se kurr\u00eb t\u00eb flasin me zem\u00ebrimin e tyre, t\u00eb flasin me guximin e tyre, t\u00eb flasin me ndjenjat e dashuris\u00eb s\u00eb tyre p\u00ebr k\u00ebt\u00eb vend dhe t\u00eb ardhmen e shqiptar\u00ebve me dat\u00ebn 24 janar n\u00eb protest\u00ebn komb\u00ebtare t\u00eb thirrur nga opozita p\u00ebr k\u00ebt\u00eb q\u00ebllim&#8221;, u shpreh Berisha.<\/p>\n","protected":false},"excerpt":{"rendered":"<p>Kryetari i PD, Sali Berisha, n\u00eb konferenc\u00ebn me gazetar\u00ebt tha se, Rama dhe Lubia po shkat\u00ebrrojn\u00eb provat pa nd\u00ebrprerje! N\u00eb fjal\u00ebn e tij nga salla e konferencave n\u00eb selin\u00eb blu, Berisha k\u00ebrkoi dor\u00ebheqjen e menj\u00ebhershme t\u00eb Ram\u00ebs, nd\u00ebrsa ftoi qytetar\u00ebt t\u2019i bashkohen protest\u00ebs komb\u00ebtare t\u00eb opozit\u00ebs m\u00eb 24 janar. &#8220;Sot m\u00eb shum\u00eb se kurr\u00eb t\u00eb &hellip;<\/p>\n","protected":false},"author":4,"featured_media":133444,"comment_status":"closed","ping_status":"closed","sticky":false,"template":"","format":"standard","meta":{"footnotes":""},"categories":[37],"tags":[],"class_list":["post-133443","post","type-post","status-publish","format-standard","has-post-thumbnail","","category-politike"],"_links":{"self":[{"href":"https:\/\/rdnews.al\/index.php\/wp-json\/wp\/v2\/posts\/133443","targetHints":{"allow":["GET"]}}],"collection":[{"href":"https:\/\/rdnews.al\/index.php\/wp-json\/wp\/v2\/posts"}],"about":[{"href":"https:\/\/rdnews.al\/index.php\/wp-json\/wp\/v2\/types\/post"}],"author":[{"embeddable":true,"href":"https:\/\/rdnews.al\/index.php\/wp-json\/wp\/v2\/users\/4"}],"replies":[{"embeddable":true,"href":"https:\/\/rdnews.al\/index.php\/wp-json\/wp\/v2\/comments?post=133443"}],"version-history":[{"count":1,"href":"https:\/\/rdnews.al\/index.php\/wp-json\/wp\/v2\/posts\/133443\/revisions"}],"predecessor-version":[{"id":133445,"href":"https:\/\/rdnews.al\/index.php\/wp-json\/wp\/v2\/posts\/133443\/revisions\/133445"}],"wp:featuredmedia":[{"embeddable":true,"href":"https:\/\/rdnews.al\/index.php\/wp-json\/wp\/v2\/media\/133444"}],"wp:attachment":[{"href":"https:\/\/rdnews.al\/index.php\/wp-json\/wp\/v2\/media?parent=133443"}],"wp:term":[{"taxonomy":"category","embeddable":true,"href":"https:\/\/rdnews.al\/index.php\/wp-json\/wp\/v2\/categories?post=133443"},{"taxonomy":"post_tag","embeddable":true,"href":"https:\/\/rdnews.al\/index.php\/wp-json\/wp\/v2\/tags?post=133443"}],"curies":[{"name":"wp","href":"https:\/\/api.w.org\/{rel}","templated":true}]}}