{"id":133456,"date":"2026-01-14T12:52:40","date_gmt":"2026-01-14T12:52:40","guid":{"rendered":"https:\/\/rdnews.al\/?p=133456"},"modified":"2026-01-14T12:52:40","modified_gmt":"2026-01-14T12:52:40","slug":"kreatx-eshte-berthama-e-monopolit-te-ri-teknologjik-ne-shqiperi-pas-saj-fshihet-ermal-beqiri-pra-armand-frangu","status":"publish","type":"post","link":"https:\/\/rdnews.al\/index.php\/2026\/01\/14\/kreatx-eshte-berthama-e-monopolit-te-ri-teknologjik-ne-shqiperi-pas-saj-fshihet-ermal-beqiri-pra-armand-frangu\/","title":{"rendered":"Kreatx \u00ebsht\u00eb b\u00ebrthama e monopolit t\u00eb ri teknologjik n\u00eb Shqip\u00ebri, pas saj fshihet Ermal Beqiri, pra Armand Frangu"},"content":{"rendered":"<p>Kryetari i PD, Sali Berisha tha se, Kreatx \u00ebsht\u00eb b\u00ebrthama e monopolit t\u00eb ri teknologjik n\u00eb Shqip\u00ebri, pas saj fshihet Ermal Beqiri, pra Armand Frangu.<\/p>\n<p>Berisha gjat\u00eb konferenc\u00ebs me gazetar\u00ebt theksoi se, pas emrit t\u00eb biznesmenit Ermal Beqiri, fshihet baxhanaku i kreut t\u00eb qeveris\u00eb, Armand Frangu.<\/p>\n<p>&#8220;Skandali q\u00ebndron n\u00eb faktin se pavar\u00ebsisht se Ermal Beqiri \u00ebsht\u00eb n\u00eb k\u00ebrkim nga drejt\u00ebsia, ai dyshohet se vijon t\u00eb p\u00ebrfitoj\u00eb miliona euro, sepse ai \u00ebsht\u00eb n\u00eb k\u00ebrkim, por Armand Frangu \u00ebsht\u00eb i lir\u00eb, nga parat\u00eb publike p\u00ebrmes personave dhe kompanive publike q\u00eb konsiderohen si zar p\u00ebr njer\u00ebzit e af\u00ebrt t\u00eb tij\u2019, u shpreh Berisha.<\/p>\n<p>Tani t\u00eb shohim pak se kush \u00ebsht\u00eb Kreatx dhe kush fshihet pas saj.<\/p>\n<p>Kreatx nuk \u00ebsht\u00eb thjesht nj\u00eb kompani softuresh, por b\u00ebrthama operacionale e monopolit t\u00eb ri teknologjik n\u00eb Shqip\u00ebri<\/p>\n<p>Pron\u00ebsia dhe kontrolli.<\/p>\n<p>Kompania kontrollohet n\u00eb aparenc\u00eb nga Ermal Beqiri, n\u00eb t\u00eb v\u00ebrtet\u00eb nga Armand Frangu, Lindat e AKSHI-t dhe Surrelit.<\/p>\n<p>Ermal Beqiri \u00ebsht\u00eb edhe drejtuesi i shoqatat\u00ebs ACTI.<\/p>\n<p>Kreatx shpk \u00ebsht\u00eb vendosur n\u00eb pron\u00ebsi t\u00eb Enor Naku\u00e7it dhe Lejdi Ko\u00e7it.<\/p>\n<p>Hardtech n\u00eb pron\u00ebsi t\u00eb Enea Buz\u00ebs.<\/p>\n<p>Pik\u00ebrisht kompania Hardtech dhe pronari i saj, Enea Buza jan\u00eb n\u00eb qend\u00ebr t\u00eb dyshimeve.<\/p>\n<p>Buza rezulton t\u00eb ket\u00eb qen\u00eb m\u00eb her\u00ebt aksioner dhe i pun\u00ebsuar n\u00eb kompanin\u00eb Horizon, e lidhur drejtp\u00ebrdrejt me Ermal Beqirin.<\/p>\n<p>Se \u00e7far\u00eb b\u00ebjn\u00eb k\u00ebta, krijojn\u00eb dhjet\u00ebra kompani dhe i fusin t\u00eb gjitha n\u00eb furr\u00eb.<\/p>\n<p>Personash i njohur p\u00ebr skandale t\u00eb r\u00ebnda dhe aktualisht i shpallur n\u00eb k\u00ebrkim si organizator i pengmarrjes me Ergys Agasin n\u00eb rastin e Gerond Me\u00e7es dhe pa asnj\u00eb diskutim n\u00eb rastin e Daniel Shim\u00ebs, t\u00eb cil\u00ebn e bllokon Altin Troplini.<\/p>\n<p>Skandali q\u00ebndron n\u00eb faktin se pavar\u00ebsisht se Ermal Beqiri \u00ebsht\u00eb n\u00eb k\u00ebrkim nga drejt\u00ebsia, ai dyshohet se vijon t\u00eb p\u00ebrfitoj\u00eb miliona euro, sepse ai \u00ebsht\u00eb n\u00eb k\u00ebrkim, por Armand Frangu \u00ebsht\u00eb i lir\u00eb, nga parat\u00eb publike p\u00ebrmes personave dhe kompanive publike q\u00eb konsiderohen si zar p\u00ebr njer\u00ebzit e af\u00ebrt t\u00eb tij.<\/p>\n<p>Lidhja direkte politike \u00ebsht\u00eb Ergys Agasi q\u00eb edhe sot jep urdhra dhe mban t\u00eb gjall\u00eb aktivitetin e tij. I lir\u00eb, gjoja me mandat arresti.<\/p>\n<p>Me dat\u00ebn 21:12.2023, me an\u00eb t\u00eb kontrat\u00ebs s\u00eb shitjes s\u00eb kapitalit, ortaku Enea Buza shet 35 p\u00ebrqind t\u00eb kuotave t\u00eb kapitalit kundrejt \u00e7mimit 125 mij\u00eb lek\u00eb.<\/p>\n<p>Pas transferimit largohet ortaku Enea Buza nga shoq\u00ebria dhe ortaku i vet\u00ebm i shoq\u00ebris\u00eb Comscope Limited mbetet zot\u00ebrues me 100 p\u00ebrqind t\u00eb kapitalit.<\/p>\n<p>Me dat\u00ebn 19.4.2024, me an\u00eb t\u00eb kontrat\u00ebs s\u00eb shitjes s\u00eb kuotave t\u00eb kapitalit, ortaku Comscope Limited shet 100 p\u00ebrqind t\u00eb kuotave n\u00eb favor t\u00eb Ermal Beqirit- Armand Frangut- kundrejt \u00e7mimit 380 mij\u00eb euro, pra nj\u00eb larje e mir\u00ebfillte parash n\u00eb k\u00ebt\u00eb rast.<\/p>\n<p>Pas transferimit largohet ortaku Comscope Limited nga shoq\u00ebria dhe ortaku i vet\u00ebm i shoq\u00ebris\u00eb b\u00ebhet Ermal Beqiri, zot\u00ebrues 100 p\u00ebrqind i aksioneve&#8221;, u shpreh Berisha.<\/p>\n<p><img decoding=\"async\" src=\"https:\/\/www.syri.net\/uploads\/syri.net\/images\/2026\/January\/14\/auto_b1768394700.jpg\" \/><\/p>\n<p><img decoding=\"async\" src=\"https:\/\/www.syri.net\/uploads\/syri.net\/images\/2026\/January\/14\/auto_a1768394701.jpg\" \/><\/p>\n<p><img decoding=\"async\" src=\"https:\/\/www.syri.net\/uploads\/syri.net\/images\/2026\/January\/14\/auto_c1768394702.jpg\" \/><\/p>\n<p><img decoding=\"async\" src=\"https:\/\/www.syri.net\/uploads\/syri.net\/images\/2026\/January\/14\/auto_d1768394703.jpg\" \/><\/p>\n","protected":false},"excerpt":{"rendered":"<p>Kryetari i PD, Sali Berisha tha se, Kreatx \u00ebsht\u00eb b\u00ebrthama e monopolit t\u00eb ri teknologjik n\u00eb Shqip\u00ebri, pas saj fshihet Ermal Beqiri, pra Armand Frangu. Berisha gjat\u00eb konferenc\u00ebs me gazetar\u00ebt theksoi se, pas emrit t\u00eb biznesmenit Ermal Beqiri, fshihet baxhanaku i kreut t\u00eb qeveris\u00eb, Armand Frangu. &#8220;Skandali q\u00ebndron n\u00eb faktin se pavar\u00ebsisht se Ermal Beqiri &hellip;<\/p>\n","protected":false},"author":4,"featured_media":133457,"comment_status":"closed","ping_status":"closed","sticky":false,"template":"","format":"standard","meta":{"footnotes":""},"categories":[37],"tags":[],"class_list":["post-133456","post","type-post","status-publish","format-standard","has-post-thumbnail","","category-politike"],"_links":{"self":[{"href":"https:\/\/rdnews.al\/index.php\/wp-json\/wp\/v2\/posts\/133456","targetHints":{"allow":["GET"]}}],"collection":[{"href":"https:\/\/rdnews.al\/index.php\/wp-json\/wp\/v2\/posts"}],"about":[{"href":"https:\/\/rdnews.al\/index.php\/wp-json\/wp\/v2\/types\/post"}],"author":[{"embeddable":true,"href":"https:\/\/rdnews.al\/index.php\/wp-json\/wp\/v2\/users\/4"}],"replies":[{"embeddable":true,"href":"https:\/\/rdnews.al\/index.php\/wp-json\/wp\/v2\/comments?post=133456"}],"version-history":[{"count":1,"href":"https:\/\/rdnews.al\/index.php\/wp-json\/wp\/v2\/posts\/133456\/revisions"}],"predecessor-version":[{"id":133458,"href":"https:\/\/rdnews.al\/index.php\/wp-json\/wp\/v2\/posts\/133456\/revisions\/133458"}],"wp:featuredmedia":[{"embeddable":true,"href":"https:\/\/rdnews.al\/index.php\/wp-json\/wp\/v2\/media\/133457"}],"wp:attachment":[{"href":"https:\/\/rdnews.al\/index.php\/wp-json\/wp\/v2\/media?parent=133456"}],"wp:term":[{"taxonomy":"category","embeddable":true,"href":"https:\/\/rdnews.al\/index.php\/wp-json\/wp\/v2\/categories?post=133456"},{"taxonomy":"post_tag","embeddable":true,"href":"https:\/\/rdnews.al\/index.php\/wp-json\/wp\/v2\/tags?post=133456"}],"curies":[{"name":"wp","href":"https:\/\/api.w.org\/{rel}","templated":true}]}}