{"id":133532,"date":"2026-01-15T10:48:10","date_gmt":"2026-01-15T10:48:10","guid":{"rendered":"https:\/\/rdnews.al\/?p=133532"},"modified":"2026-01-15T10:48:35","modified_gmt":"2026-01-15T10:48:35","slug":"vangjeli-permbytjet-nga-lumi-seman-rrezuan-propaganden-e-rames-dhe-ballukut-me-investimet","status":"publish","type":"post","link":"https:\/\/rdnews.al\/index.php\/2026\/01\/15\/vangjeli-permbytjet-nga-lumi-seman-rrezuan-propaganden-e-rames-dhe-ballukut-me-investimet\/","title":{"rendered":"Vangjeli: P\u00ebrmbytjet nga lumi Seman rr\u00ebzuan propagand\u00ebn e Ram\u00ebs dhe Ballukut me investimet"},"content":{"rendered":"<p><strong>Deklarata e z\u00ebdh\u00ebn\u00ebses s\u00eb Antikorrupsionit n\u00eb PD, Genta Vangjeli:<\/strong><\/p>\n<p><img loading=\"lazy\" decoding=\"async\" class=\"\" src=\"https:\/\/pd.al\/wp-content\/uploads\/2026\/01\/genta-vangjeli-ok-1024x682.jpeg\" width=\"355\" height=\"236\" \/><\/p>\n<p>Jo m\u00eb larg se disa muaj m\u00eb par\u00eb, Kryeministri Edi Rama, s\u00eb bashku me zv\/kryeministren Belinda Balluku dhe ministren e Bujq\u00ebsis\u00eb dhe Zhvillimit Rural, Anila Denaj, inspektuan nga af\u00ebr investimin p\u00ebr mbrojtjen e tokave bujq\u00ebsore dhe rehabilitimin e argjinatur\u00ebs s\u00eb majt\u00eb t\u00eb lumit Seman, n\u00eb bashkin\u00eb e Fierit. Nj\u00eb investim q\u00eb u propagandua si i p\u00ebrfunduar brenda 4 muajve t\u00eb fundit t\u00eb vitit 2024 dhe q\u00eb u prezantua si sukses madhor i qeveris\u00eb.<\/p>\n<p>Kryeministri Rama deklaroi publikisht se argjinatura e majt\u00eb e lumit Seman kishte p\u00ebsuar nj\u00eb p\u00ebrmir\u00ebsim t\u00eb duksh\u00ebm n\u00eb 8 km, duke pretenduar se ishin shp\u00ebtuar nga p\u00ebrmbytjet rreth 5000 hektar\u00eb tok\u00eb bujq\u00ebsore.<\/p>\n<figure class=\"wp-block-image size-large\"><img loading=\"lazy\" decoding=\"async\" class=\"wp-image-24907\" src=\"https:\/\/pd.al\/wp-content\/uploads\/2026\/01\/seman-km-1-1024x548.png\" sizes=\"auto, (max-width: 1024px) 100vw, 1024px\" srcset=\"https:\/\/pd.al\/wp-content\/uploads\/2026\/01\/seman-km-1-1024x548.png 1024w, https:\/\/pd.al\/wp-content\/uploads\/2026\/01\/seman-km-1-300x161.png 300w, https:\/\/pd.al\/wp-content\/uploads\/2026\/01\/seman-km-1-768x411.png 768w, https:\/\/pd.al\/wp-content\/uploads\/2026\/01\/seman-km-1-1536x823.png 1536w, https:\/\/pd.al\/wp-content\/uploads\/2026\/01\/seman-km-1.png 1845w\" alt=\"\" width=\"1024\" height=\"548\" \/><\/figure>\n<p>Sipas tij, b\u00ebhej fjal\u00eb p\u00ebr nj\u00eb nd\u00ebrhyrje emergjente t\u00eb realizuar me sukses fal\u00eb fondeve t\u00eb Ministris\u00eb s\u00eb Bujq\u00ebsis\u00eb dhe pun\u00ebs s\u00eb bordeve t\u00eb kullimit dhe kompanive kontraktuese.<\/p>\n<p>U deklarua se n\u00eb qarkun e Fierit jan\u00eb rreth 30 km argjinatur\u00eb\u00a0 q\u00eb jan\u00eb mb\u00ebshtetur n\u00eb 5 vitet e fundit me fonde buxhetore dhe me rehabilitim. t\u00eb padiskutuesh\u00ebm n\u00eb t\u00eb gjith\u00eb zon\u00ebn bujq\u00ebsore q\u00eb p\u00ebrfaq\u00ebson ky qark me 14 kantiere, 8 t\u00eb ndjekura nga ministria dhe 6 nga pushteti vendor, dhe nj\u00eb fond prej 6 milion\u00eb euro q\u00eb do ndihmonin nj\u00eb sip\u00ebrfaqe t\u00eb ujitshme p\u00ebr gati 20 mij\u00eb ha tok\u00eb bujq\u00ebsore, dhe nj\u00ebkoh\u00ebsisht investime edhe n\u00eb hidrovor.<\/p>\n<p>Ministrja e Bujq\u00ebsis\u00eb deklaroi se n\u00eb qarkun e Fierit investimet n\u00eb sistemet e ujitjes, kullimit dhe mbrojtjes nga p\u00ebrmbytjet jan\u00eb rritur gati kat\u00ebrfish krahasuar me vitin 2013, duke arritur n\u00eb rreth 20 milion\u00eb euro n\u00eb vit.<\/p>\n<p>Por sot, realiteti flet ndryshe\u2026.<\/p>\n<p>Reshjet e shumta dhe rritja e prurjeve t\u00eb lumit Seman kan\u00eb shkaktuar p\u00ebrmbytje t\u00eb konsiderueshme n\u00eb disa zona, pas \u00e7arjes s\u00eb argjinatur\u00ebs n\u00eb disa segmente.<\/p>\n<p>Uji ka v\u00ebrshuar n\u00eb tokat bujq\u00ebsore t\u00eb disa fshatrave p\u00ebrreth, duke shkaktuar d\u00ebme t\u00eb m\u00ebdha materiale, nd\u00ebrsa gjat\u00eb nat\u00ebs lumi Seman ka p\u00ebrmbytur rreth 20 banesa n\u00eb fshatin Hasturkas, n\u00eb Libofsh\u00eb.<\/p>\n<p>Kjo situat\u00eb ngre pyetje t\u00eb r\u00ebnda dhe t\u00eb pashmangshme:<\/p>\n<p>Kush mban p\u00ebrgjegj\u00ebsi p\u00ebr milionat e shpenzuara?<\/p>\n<p>Kush mban p\u00ebrgjegj\u00ebsi p\u00ebr d\u00ebmet e shkaktuara qytetar\u00ebve dhe fermer\u00ebve?<\/p>\n<p>Propaganda e investimeve rezulton nj\u00eb mashtrim i radh\u00ebs, nd\u00ebrsa qytetar\u00ebt p\u00ebrballen me pasojat dramatike t\u00eb nj\u00eb qeverisjeje t\u00eb kalbur, t\u00eb paaft\u00eb dhe grabitqare.<\/p>\n<p>\u00cbsht\u00eb koha q\u00eb institucionet e drejt\u00ebsis\u00eb t\u00eb veprojn\u00eb.<\/p>\n<p>SPAK duhet t\u00eb hetoj\u00eb!<\/p>\n","protected":false},"excerpt":{"rendered":"<p>Deklarata e z\u00ebdh\u00ebn\u00ebses s\u00eb Antikorrupsionit n\u00eb PD, Genta Vangjeli: Jo m\u00eb larg se disa muaj m\u00eb par\u00eb, Kryeministri Edi Rama, s\u00eb bashku me zv\/kryeministren Belinda Balluku dhe ministren e Bujq\u00ebsis\u00eb dhe Zhvillimit Rural, Anila Denaj, inspektuan nga af\u00ebr investimin p\u00ebr mbrojtjen e tokave bujq\u00ebsore dhe rehabilitimin e argjinatur\u00ebs s\u00eb majt\u00eb t\u00eb lumit Seman, n\u00eb bashkin\u00eb &hellip;<\/p>\n","protected":false},"author":4,"featured_media":127565,"comment_status":"closed","ping_status":"closed","sticky":false,"template":"","format":"standard","meta":{"footnotes":""},"categories":[37],"tags":[],"class_list":["post-133532","post","type-post","status-publish","format-standard","has-post-thumbnail","","category-politike"],"_links":{"self":[{"href":"https:\/\/rdnews.al\/index.php\/wp-json\/wp\/v2\/posts\/133532","targetHints":{"allow":["GET"]}}],"collection":[{"href":"https:\/\/rdnews.al\/index.php\/wp-json\/wp\/v2\/posts"}],"about":[{"href":"https:\/\/rdnews.al\/index.php\/wp-json\/wp\/v2\/types\/post"}],"author":[{"embeddable":true,"href":"https:\/\/rdnews.al\/index.php\/wp-json\/wp\/v2\/users\/4"}],"replies":[{"embeddable":true,"href":"https:\/\/rdnews.al\/index.php\/wp-json\/wp\/v2\/comments?post=133532"}],"version-history":[{"count":2,"href":"https:\/\/rdnews.al\/index.php\/wp-json\/wp\/v2\/posts\/133532\/revisions"}],"predecessor-version":[{"id":133534,"href":"https:\/\/rdnews.al\/index.php\/wp-json\/wp\/v2\/posts\/133532\/revisions\/133534"}],"wp:featuredmedia":[{"embeddable":true,"href":"https:\/\/rdnews.al\/index.php\/wp-json\/wp\/v2\/media\/127565"}],"wp:attachment":[{"href":"https:\/\/rdnews.al\/index.php\/wp-json\/wp\/v2\/media?parent=133532"}],"wp:term":[{"taxonomy":"category","embeddable":true,"href":"https:\/\/rdnews.al\/index.php\/wp-json\/wp\/v2\/categories?post=133532"},{"taxonomy":"post_tag","embeddable":true,"href":"https:\/\/rdnews.al\/index.php\/wp-json\/wp\/v2\/tags?post=133532"}],"curies":[{"name":"wp","href":"https:\/\/api.w.org\/{rel}","templated":true}]}}