{"id":133544,"date":"2026-01-15T11:23:55","date_gmt":"2026-01-15T11:23:55","guid":{"rendered":"https:\/\/rdnews.al\/?p=133544"},"modified":"2026-01-15T11:25:18","modified_gmt":"2026-01-15T11:25:18","slug":"balliu-rama-po-na-izolon-nga-bota-me-24-janar-te-bashkohemi-per-te-mbrojtur-shqiperine","status":"publish","type":"post","link":"https:\/\/rdnews.al\/index.php\/2026\/01\/15\/balliu-rama-po-na-izolon-nga-bota-me-24-janar-te-bashkohemi-per-te-mbrojtur-shqiperine\/","title":{"rendered":"Balliu: Rama po na izolon, m\u00eb 24 janar t\u00eb bashkohemi p\u00ebr t\u00eb mbrojtur Shqip\u00ebrin\u00eb nga bab\u00ebzia, korrupsioni e kartelet e qeveris\u00eb!"},"content":{"rendered":"<p>Deputeti i PD, Klevis Balliu tha se, jo vet\u00ebm Shtetet e Bashkuara t\u00eb Amerik\u00ebs kan\u00eb nd\u00ebrmarr\u00eb masa kufizuese, por edhe Bashkimi Europian, si pasoj\u00eb e skandalit t\u00eb fundit tek AKSHI, ku u faktua ngritja e nj\u00eb sistemi narko-terrorist n\u00ebn drejtimin e Edi Ram\u00ebs.<\/p>\n<p>N\u00eb nj\u00eb deklarat\u00eb p\u00eb mediat, Balliu u b\u00ebri thirrje shqiptar\u00ebve t\u00eb bashkohen n\u00eb protest\u00ebn komb\u00ebtare t\u00eb PD t\u00eb thirrur m\u00eb 24 janar para kryeministris\u00eb me q\u00ebllim mbrojtjen e t\u00eb ardhmes s\u00eb vendit &#8220;nga bab\u00ebzia, korrupsioni dhe mbi t\u00eb gjitha, kartelet e drog\u00ebs t\u00eb qeveris\u00eb&#8221;.<\/p>\n<p><strong>Deklarata<\/strong><\/p>\n<p>Si pasoj\u00eb e vjedhjes sistematike, korrupsionit t\u00eb shfrenuar, kapjes s\u00eb shtetit, munges\u00ebs s\u00eb liris\u00eb dhe, mbi t\u00eb gjitha, bashk\u00ebpunimit t\u00eb drejtp\u00ebrdrejt\u00eb t\u00eb qeveris\u00eb me kartelet e drog\u00ebs, Shqip\u00ebria sot \u00ebsht\u00eb kthyer n\u00eb nj\u00eb vend t\u00eb pasigurt. E ardhmja e \u00e7do qytetari \u00ebsht\u00eb e err\u00ebt dhe e k\u00ebrc\u00ebnuar.<\/p>\n<p>Jo vet\u00ebm Shtetet e Bashkuara t\u00eb Amerik\u00ebs kan\u00eb nd\u00ebrmarr\u00eb masa kufizuese, por edhe Bashkimi Europian, si pasoj\u00eb e skandalit t\u00eb fundit tek AKSHI, ku u faktua ngritja e nj\u00eb sistemi narko-terrorist n\u00ebn drejtimin e Edi Ram\u00ebs. Nj\u00eb sistem ku kartelet kontrollojn\u00eb segmente t\u00eb siguris\u00eb komb\u00ebtare dhe marrin peng biznesmen\u00eb q\u00eb nuk pranojn\u00eb t\u00eb t\u00ebrhiqen nga tenderat publik\u00eb. P\u00ebr k\u00ebt\u00eb arsye, komuniteti europian vendosi t\u00eb pezulloj\u00eb fondet p\u00ebr dixhitalizimin, pasi tashm\u00eb \u00ebsht\u00eb e provuar se Shqip\u00ebria ka nj\u00eb qeveri q\u00eb vjedh fondet publike.<\/p>\n<p>Nd\u00ebrkoh\u00eb, Edi Rama tallet me shqiptar\u00ebt duke folur p\u00ebr integrim n\u00eb Bashkimin Europian, n\u00eb nj\u00eb koh\u00eb kur vet\u00eb Bashkimi Europian pezullon fondet p\u00ebr Shqip\u00ebrin\u00eb p\u00ebr shkak t\u00eb vjedhjeve dhe bashk\u00ebpunimit t\u00eb tij me bandat kriminale.<\/p>\n<p>Sot vendi ndodhet n\u00eb rrezik serioz, nd\u00ebrsa e ardhmja e qytetar\u00ebve \u00ebsht\u00eb e k\u00ebrc\u00ebnuar, sepse qeveria po negocion interesat komb\u00ebtare t\u00eb Shqip\u00ebris\u00eb p\u00ebr interesa t\u00eb ngushta monetare t\u00eb pushtetit.<\/p>\n<p>\u00c7do dit\u00eb e m\u00eb shum\u00eb po largohemi nga misioni yn\u00eb p\u00ebr t\u2019u integruar n\u00eb bot\u00ebn euro-atlantike, dhe kjo ndodh vet\u00ebm p\u00ebr faj t\u00eb Edi Ram\u00ebs.<\/p>\n<p>AKSHI \u00ebsht\u00eb pasqyra m\u00eb e qart\u00eb e sistemit narko-terrorist t\u00eb ngritur nga Rama, ku trafikant\u00ebt dhe grupet kriminale kontrollojn\u00eb institucionet shtet\u00ebrore.<\/p>\n<p>Sot, Edi Rama \u00ebsht\u00eb i vetmi kryeminist\u00ebr n\u00eb bot\u00eb q\u00eb ka ngritur nj\u00eb post t\u00eb posa\u00e7\u00ebm p\u00ebr t\u00eb kontrolluar gjith\u00e7ka: koordinatorin e krimit t\u00eb organizuar brenda qeveris\u00eb.<\/p>\n<p>N\u00ebn qeverisjen e Partis\u00eb Demokratike, Shqip\u00ebria vizitohej nga Presidenti i Shteteve t\u00eb Bashkuara; sot, shqiptar\u00ebt nuk mund t\u00eb udh\u00ebtojn\u00eb lirsh\u00ebm drejt SHBA-s\u00eb, sepse udh\u00ebhiqen nga nj\u00eb qeveri e karteleve. N\u00ebn qeverisjen e Partis\u00eb Demokratike, Bashkimi Europian sillte fonde p\u00ebr Shqip\u00ebrin\u00eb, si n\u00eb bujq\u00ebsi ashtu edhe n\u00eb dixhitalizim; sot k\u00ebto fonde jan\u00eb bllokuar, sepse BE deklaron qart\u00eb se ato vidhen nga qeveria.<\/p>\n<p>M\u00eb 24 janar, t\u00eb bashkohemi p\u00ebr t\u00eb mbrojtur t\u00eb ardhmen e Shqip\u00ebris\u00eb nga bab\u00ebzia, korrupsioni dhe kartelet e qeveris\u00eb.<\/p>\n","protected":false},"excerpt":{"rendered":"<p>Deputeti i PD, Klevis Balliu tha se, jo vet\u00ebm Shtetet e Bashkuara t\u00eb Amerik\u00ebs kan\u00eb nd\u00ebrmarr\u00eb masa kufizuese, por edhe Bashkimi Europian, si pasoj\u00eb e skandalit t\u00eb fundit tek AKSHI, ku u faktua ngritja e nj\u00eb sistemi narko-terrorist n\u00ebn drejtimin e Edi Ram\u00ebs. N\u00eb nj\u00eb deklarat\u00eb p\u00eb mediat, Balliu u b\u00ebri thirrje shqiptar\u00ebve t\u00eb bashkohen &hellip;<\/p>\n","protected":false},"author":4,"featured_media":131301,"comment_status":"closed","ping_status":"closed","sticky":false,"template":"","format":"standard","meta":{"footnotes":""},"categories":[37],"tags":[],"class_list":["post-133544","post","type-post","status-publish","format-standard","has-post-thumbnail","","category-politike"],"_links":{"self":[{"href":"https:\/\/rdnews.al\/index.php\/wp-json\/wp\/v2\/posts\/133544","targetHints":{"allow":["GET"]}}],"collection":[{"href":"https:\/\/rdnews.al\/index.php\/wp-json\/wp\/v2\/posts"}],"about":[{"href":"https:\/\/rdnews.al\/index.php\/wp-json\/wp\/v2\/types\/post"}],"author":[{"embeddable":true,"href":"https:\/\/rdnews.al\/index.php\/wp-json\/wp\/v2\/users\/4"}],"replies":[{"embeddable":true,"href":"https:\/\/rdnews.al\/index.php\/wp-json\/wp\/v2\/comments?post=133544"}],"version-history":[{"count":3,"href":"https:\/\/rdnews.al\/index.php\/wp-json\/wp\/v2\/posts\/133544\/revisions"}],"predecessor-version":[{"id":133547,"href":"https:\/\/rdnews.al\/index.php\/wp-json\/wp\/v2\/posts\/133544\/revisions\/133547"}],"wp:featuredmedia":[{"embeddable":true,"href":"https:\/\/rdnews.al\/index.php\/wp-json\/wp\/v2\/media\/131301"}],"wp:attachment":[{"href":"https:\/\/rdnews.al\/index.php\/wp-json\/wp\/v2\/media?parent=133544"}],"wp:term":[{"taxonomy":"category","embeddable":true,"href":"https:\/\/rdnews.al\/index.php\/wp-json\/wp\/v2\/categories?post=133544"},{"taxonomy":"post_tag","embeddable":true,"href":"https:\/\/rdnews.al\/index.php\/wp-json\/wp\/v2\/tags?post=133544"}],"curies":[{"name":"wp","href":"https:\/\/api.w.org\/{rel}","templated":true}]}}