{"id":133552,"date":"2026-01-15T12:31:13","date_gmt":"2026-01-15T12:31:13","guid":{"rendered":"https:\/\/rdnews.al\/?p=133552"},"modified":"2026-01-15T12:31:13","modified_gmt":"2026-01-15T12:31:13","slug":"tabaku-sulmet-ndaj-gazetareve-nuk-jane-debat-jane-arratisje-nga-llogaridhenia","status":"publish","type":"post","link":"https:\/\/rdnews.al\/index.php\/2026\/01\/15\/tabaku-sulmet-ndaj-gazetareve-nuk-jane-debat-jane-arratisje-nga-llogaridhenia\/","title":{"rendered":"Tabaku: Sulmet ndaj gazetar\u00ebve nuk jan\u00eb debat! Jan\u00eb arratisje nga llogaridh\u00ebnia!"},"content":{"rendered":"<p><strong>Nga Jorida TABAKU<\/strong><\/p>\n<p>Kur Kryeministri bullizon gazetar\u00ebt pse pyesin p\u00ebr korrupsionin qeveritar, problemi nuk jan\u00eb pyetjet. Problemi \u00ebsht\u00eb pushteti q\u00eb ka humbur qet\u00ebsin\u00eb sepse nuk ka p\u00ebrgjigje.<\/p>\n<p>Kjo sjellje nuk \u00ebsht\u00eb rast\u00ebsi. T\u00eb dh\u00ebnat nd\u00ebrkomb\u00ebtare konfirmojn\u00eb se degradimi i liris\u00eb s\u00eb medias n\u00eb Shqip\u00ebri \u00ebsht\u00eb sistematik. Sa m\u00eb shum\u00eb ngushtohet laku i drejt\u00ebsis\u00eb rreth qeveris\u00eb, aq m\u00eb agresive b\u00ebhet gjuha ndaj medias.<\/p>\n<p>P\u00ebr k\u00ebt\u00eb arsye, \u00e7do ndryshim i propozuar n\u00eb Kodin Penal p\u00ebr mbrojtjen e gazetar\u00ebve dhe fjal\u00ebs s\u00eb lir\u00eb \u00ebsht\u00eb vet\u00ebm minimumi. Sepse k\u00ebto k\u00ebrkojn\u00eb nj\u00eb kultur\u00eb politike llogaridh\u00ebn\u00ebse q\u00eb sot nuk e kemi; nj\u00eb kultur\u00eb q\u00eb pranon debatin e jo arroganc\u00ebn; nj\u00eb kultur\u00eb q\u00eb respekton mendimin ndryshe dhe nuk e sulmon at\u00eb!<\/p>\n<p>Demokracia nuk dob\u00ebsohet nga pyetjet e v\u00ebshtira. Ajo vdes nga heshtja q\u00eb imponon pushteti.<\/p>\n<p>Gazetar\u00ebt jan\u00eb z\u00ebri i publikut. T\u2019i sulmosh ata, do t\u00eb thot\u00eb t\u2019i mbyll\u00ebsh vesh\u00ebt shoq\u00ebris\u00eb p\u00ebr t\u00eb mos d\u00ebgjuar t\u00eb v\u00ebrtet\u00ebn\u201d.<\/p>\n","protected":false},"excerpt":{"rendered":"<p>Nga Jorida TABAKU Kur Kryeministri bullizon gazetar\u00ebt pse pyesin p\u00ebr korrupsionin qeveritar, problemi nuk jan\u00eb pyetjet. Problemi \u00ebsht\u00eb pushteti q\u00eb ka humbur qet\u00ebsin\u00eb sepse nuk ka p\u00ebrgjigje. Kjo sjellje nuk \u00ebsht\u00eb rast\u00ebsi. T\u00eb dh\u00ebnat nd\u00ebrkomb\u00ebtare konfirmojn\u00eb se degradimi i liris\u00eb s\u00eb medias n\u00eb Shqip\u00ebri \u00ebsht\u00eb sistematik. Sa m\u00eb shum\u00eb ngushtohet laku i drejt\u00ebsis\u00eb rreth qeveris\u00eb, &hellip;<\/p>\n","protected":false},"author":4,"featured_media":110711,"comment_status":"closed","ping_status":"closed","sticky":false,"template":"","format":"standard","meta":{"footnotes":""},"categories":[37],"tags":[],"class_list":["post-133552","post","type-post","status-publish","format-standard","has-post-thumbnail","","category-politike"],"_links":{"self":[{"href":"https:\/\/rdnews.al\/index.php\/wp-json\/wp\/v2\/posts\/133552","targetHints":{"allow":["GET"]}}],"collection":[{"href":"https:\/\/rdnews.al\/index.php\/wp-json\/wp\/v2\/posts"}],"about":[{"href":"https:\/\/rdnews.al\/index.php\/wp-json\/wp\/v2\/types\/post"}],"author":[{"embeddable":true,"href":"https:\/\/rdnews.al\/index.php\/wp-json\/wp\/v2\/users\/4"}],"replies":[{"embeddable":true,"href":"https:\/\/rdnews.al\/index.php\/wp-json\/wp\/v2\/comments?post=133552"}],"version-history":[{"count":1,"href":"https:\/\/rdnews.al\/index.php\/wp-json\/wp\/v2\/posts\/133552\/revisions"}],"predecessor-version":[{"id":133553,"href":"https:\/\/rdnews.al\/index.php\/wp-json\/wp\/v2\/posts\/133552\/revisions\/133553"}],"wp:featuredmedia":[{"embeddable":true,"href":"https:\/\/rdnews.al\/index.php\/wp-json\/wp\/v2\/media\/110711"}],"wp:attachment":[{"href":"https:\/\/rdnews.al\/index.php\/wp-json\/wp\/v2\/media?parent=133552"}],"wp:term":[{"taxonomy":"category","embeddable":true,"href":"https:\/\/rdnews.al\/index.php\/wp-json\/wp\/v2\/categories?post=133552"},{"taxonomy":"post_tag","embeddable":true,"href":"https:\/\/rdnews.al\/index.php\/wp-json\/wp\/v2\/tags?post=133552"}],"curies":[{"name":"wp","href":"https:\/\/api.w.org\/{rel}","templated":true}]}}