{"id":133557,"date":"2026-01-15T13:11:56","date_gmt":"2026-01-15T13:11:56","guid":{"rendered":"https:\/\/rdnews.al\/?p=133557"},"modified":"2026-01-15T13:19:58","modified_gmt":"2026-01-15T13:19:58","slug":"berisha-e-gjithe-bota-pret-nga-pd-zgjidhje-per-situaten-dramatike-ne-shqiperi","status":"publish","type":"post","link":"https:\/\/rdnews.al\/index.php\/2026\/01\/15\/berisha-e-gjithe-bota-pret-nga-pd-zgjidhje-per-situaten-dramatike-ne-shqiperi\/","title":{"rendered":"Berisha: E gjith\u00eb bota pret nga PD zgjidhje p\u00ebr situat\u00ebn dramatike n\u00eb Shqip\u00ebri!"},"content":{"rendered":"<p>Kryetari i PD, Sali Berisha, gjat\u00eb fjal\u00ebs n\u00eb mbledhjen e Grupit Parlamentar tha se, situata dramatike q\u00eb ka p\u00ebrfshir\u00eb Shqip\u00ebrin\u00eb k\u00ebrkon nj\u00eb zgjidhje t\u00eb menj\u00ebhershme nga opozita.<br \/>\nAi e cil\u00ebsoi qeverin\u00eb aktuale t\u00eb paaft\u00eb dhe p\u00ebrgjegj\u00ebse p\u00ebr katastrof\u00ebn natyrore t\u00eb p\u00ebrmbytjeve q\u00eb kan\u00eb goditur vendin, duke kritikuar ashp\u00ebr d\u00ebshtimin e shtetit n\u00eb menaxhimin e emergjencave dhe n\u00eb ofrimin e mb\u00ebshtetjes p\u00ebr qytetar\u00ebt.<br \/>\n&#8220;S\u00eb pari edhe un\u00eb p\u00ebrzem\u00ebrsisht u uroj p\u00ebrs\u00ebri ju t\u00eb gjith\u00eb atyre q\u00eb u kan\u00eb votuar ju dhe mbar\u00eb shqiptar\u00ebve nj\u00eb vit n\u00eb lart\u00ebsin\u00eb e pritshm\u00ebrive m\u00eb t\u00eb mira q\u00eb kemi.<br \/>\nT\u00eb nderuar deputete e deputet\u00eb, ne nisim k\u00ebt\u00eb vit kur t\u00eb gjith\u00eb shqiptar\u00ebt, t\u00eb gjith\u00eb miqt\u00eb e Shqip\u00ebris\u00eb n\u00eb Europ\u00eb dhe n\u00eb bot\u00eb presin nga PD, presin nga opozita shqiptare zgjidhjen e situat\u00ebs dramatike n\u00eb Shqip\u00ebri.<br \/>\nZgjidhjen p\u00ebrfundimtare t\u00eb k\u00ebsaj situate, e cila si n\u00eb asnj\u00eb vend tjet\u00ebr, nj\u00eb vend an\u00ebtar i NATO-s, nj\u00eb vend q\u00eb pretendon se po ec\u00ebn drejt BE, faktohet para qytetar\u00ebve t\u00eb saj dhe mbar\u00eb bot\u00ebs nj\u00eb klik\u00eb e pap\u00ebrgjegjshme, nj\u00eb organizat\u00eb kriminale q\u00eb vjedh dit\u00eb e nat\u00eb qytetar\u00ebt e saj.<br \/>\nNj\u00eb organizat\u00eb kriminale q\u00eb bashk\u00ebpunon me kartelet m\u00eb t\u00eb rrezikshme t\u00eb drog\u00ebs n\u00eb Europ\u00eb dhe n\u00eb bot\u00eb.<br \/>\nShqiptar\u00ebt e nis\u00ebn k\u00ebt\u00eb vit n\u00eb shum\u00eb zona t\u00eb vendit, nga Gjirokastra n\u00eb Shkod\u00ebr, por ve\u00e7an\u00ebrisht n\u00eb Durr\u00ebs dhe qarkun e Durr\u00ebsit, n\u00eb nj\u00eb p\u00ebrmbytje t\u00eb p\u00ebrmasave t\u00eb papara ndonj\u00ebher\u00eb.<br \/>\nN\u00eb nj\u00eb p\u00ebrmbytje me pasoja t\u00eb r\u00ebnda.<br \/>\nN\u00eb nj\u00eb p\u00ebrmbytje n\u00eb t\u00eb cil\u00ebn shteti jo q\u00eb nuk ishte nj\u00eb mb\u00ebshtetje p\u00ebr qytetar\u00ebt, por shteti me korrupsionin e tij t\u00eb \u00e7mendur, t\u00eb pap\u00ebrmbajtur, ishte shkaku i thell\u00eb i k\u00ebsaj p\u00ebrmbytje t\u00eb papar\u00eb ndonj\u00ebher\u00eb n\u00eb qarkun e Durr\u00ebsit, por edhe n\u00eb disa qarqe t\u00eb tjera.<br \/>\nN\u00eb fakt, n\u00eb uj\u00ebrat q\u00eb p\u00ebrmbyt\u00ebn mij\u00ebra e mij\u00ebra banesa, nga veriu n\u00eb jugun e vendit, u p\u00ebrmbyt gjithashtu morali i kalbur i k\u00ebsaj qeverie.<br \/>\nShqiptar\u00ebt pan\u00eb se si k\u00ebta gobsek\u00eb vazhdonin ahengjet, udh\u00ebtimet, nd\u00ebrkoh\u00eb q\u00eb uj\u00ebrat shtoheshin \u00e7do dit\u00eb n\u00eb sht\u00ebpit\u00eb e tyre.<br \/>\nShqiptar\u00ebt pan\u00eb me syt\u00eb e tyre shkaqet e v\u00ebrteta t\u00eb k\u00ebsaj drame q\u00eb p\u00ebsuan dhe q\u00eb edhe sot jan\u00eb n\u00eb t\u00eb.<br \/>\nN\u00eb \u00e7do vend dhe \u00e7do qeveri n\u00eb bot\u00eb, nd\u00ebrtohet nj\u00eb infrastruktur\u00eb kund\u00ebr p\u00ebrmbytjeve.<br \/>\nDhe n\u00eb ligjin e siguris\u00eb komb\u00ebtare, emergjenca ndaj fatkeq\u00ebsive natyrore ka nj\u00eb p\u00ebrpar\u00ebsi absolute.<br \/>\nPra, Shqip\u00ebria u dogj sa asnj\u00ebher\u00eb tjet\u00ebr n\u00eb historin\u00eb e saj.<br \/>\nSatelit\u00ebt e Peleshit mbush\u00ebn xhepat e Edi Ram\u00ebs.<br \/>\nFirmosja e nj\u00eb marr\u00ebveshje se na duhen satelit\u00ebt p\u00ebr t\u00eb par\u00eb vatr\u00ebn e par\u00eb t\u00eb zjarrit q\u00eb t\u00eb shkojm\u00eb dhe ta fikim menj\u00ebher\u00eb, ky mashtrues i paskrupullt, i pamoral, zjarret dogj\u00ebn njer\u00ebz t\u00eb gjall\u00eb, dogj\u00ebn familje, sht\u00ebpi si asnj\u00ebher\u00eb tjet\u00ebr, dhe satelit\u00ebt i verboi korrupsioni&#8221;, u shpreh Berisha.<\/p>\n","protected":false},"excerpt":{"rendered":"<p>Kryetari i PD, Sali Berisha, gjat\u00eb fjal\u00ebs n\u00eb mbledhjen e Grupit Parlamentar tha se, situata dramatike q\u00eb ka p\u00ebrfshir\u00eb Shqip\u00ebrin\u00eb k\u00ebrkon nj\u00eb zgjidhje t\u00eb menj\u00ebhershme nga opozita. Ai e cil\u00ebsoi qeverin\u00eb aktuale t\u00eb paaft\u00eb dhe p\u00ebrgjegj\u00ebse p\u00ebr katastrof\u00ebn natyrore t\u00eb p\u00ebrmbytjeve q\u00eb kan\u00eb goditur vendin, duke kritikuar ashp\u00ebr d\u00ebshtimin e shtetit n\u00eb menaxhimin e emergjencave &hellip;<\/p>\n","protected":false},"author":4,"featured_media":133563,"comment_status":"closed","ping_status":"closed","sticky":false,"template":"","format":"standard","meta":{"footnotes":""},"categories":[37],"tags":[],"class_list":["post-133557","post","type-post","status-publish","format-standard","has-post-thumbnail","","category-politike"],"_links":{"self":[{"href":"https:\/\/rdnews.al\/index.php\/wp-json\/wp\/v2\/posts\/133557","targetHints":{"allow":["GET"]}}],"collection":[{"href":"https:\/\/rdnews.al\/index.php\/wp-json\/wp\/v2\/posts"}],"about":[{"href":"https:\/\/rdnews.al\/index.php\/wp-json\/wp\/v2\/types\/post"}],"author":[{"embeddable":true,"href":"https:\/\/rdnews.al\/index.php\/wp-json\/wp\/v2\/users\/4"}],"replies":[{"embeddable":true,"href":"https:\/\/rdnews.al\/index.php\/wp-json\/wp\/v2\/comments?post=133557"}],"version-history":[{"count":1,"href":"https:\/\/rdnews.al\/index.php\/wp-json\/wp\/v2\/posts\/133557\/revisions"}],"predecessor-version":[{"id":133559,"href":"https:\/\/rdnews.al\/index.php\/wp-json\/wp\/v2\/posts\/133557\/revisions\/133559"}],"wp:featuredmedia":[{"embeddable":true,"href":"https:\/\/rdnews.al\/index.php\/wp-json\/wp\/v2\/media\/133563"}],"wp:attachment":[{"href":"https:\/\/rdnews.al\/index.php\/wp-json\/wp\/v2\/media?parent=133557"}],"wp:term":[{"taxonomy":"category","embeddable":true,"href":"https:\/\/rdnews.al\/index.php\/wp-json\/wp\/v2\/categories?post=133557"},{"taxonomy":"post_tag","embeddable":true,"href":"https:\/\/rdnews.al\/index.php\/wp-json\/wp\/v2\/tags?post=133557"}],"curies":[{"name":"wp","href":"https:\/\/api.w.org\/{rel}","templated":true}]}}