{"id":133581,"date":"2026-01-15T18:59:38","date_gmt":"2026-01-15T18:59:38","guid":{"rendered":"https:\/\/rdnews.al\/?p=133581"},"modified":"2026-01-15T18:59:38","modified_gmt":"2026-01-15T18:59:38","slug":"avokatja-do-te-padis-ne-spak-presidentin-begaj","status":"publish","type":"post","link":"https:\/\/rdnews.al\/index.php\/2026\/01\/15\/avokatja-do-te-padis-ne-spak-presidentin-begaj\/","title":{"rendered":"Avokatja: Do t\u00eb padis n\u00eb SPAK presidentin Begaj \u00a0"},"content":{"rendered":"<p>Avokatja Adriana Kalaja deklaroi se po p\u00ebrgatit dosjen p\u00ebr ta depozituar n\u00eb SPAK kund\u00ebr presidentit t\u00eb Republik\u00ebs, Bajram Begaj,<\/p>\n<p>Kala gjat\u00eb intervist\u00ebs n\u00eb Syri TV tha se, veprimet e fundit t\u00eb Kreut t\u00eb Shtetit lidhur me interpretimin e mandateve t\u00eb an\u00ebtar\u00ebve t\u00eb Gjykat\u00ebs Kushtetuese p\u00ebrb\u00ebjn\u00eb nj\u00eb tentativ\u00eb p\u00ebr kapjen e k\u00ebtij institucioni.<\/p>\n<p>N\u00eb qend\u00ebr t\u00eb akuzave \u00ebsht\u00eb k\u00ebrkesa e Presidentit Begaj p\u00ebr interpretim mbi mandatet e gjyqtar\u00ebve kushtetues. Juristja argumenton se ndon\u00ebse k\u00ebrkesa u paraqit si nj\u00eb veprim p\u00ebr t\u00eb gjith\u00eb an\u00ebtar\u00ebt, interpretimi dhe vendimmarrja q\u00eb pasoi u aplikua n\u00eb m\u00ebnyr\u00eb selektive vet\u00ebm p\u00ebr dy prej tyre. Ky veprim, sipas saj, ishte i q\u00ebllimsh\u00ebm dhe me nj\u00eb motiv t\u00eb qart\u00eb.<\/p>\n<p><strong>\u201c<\/strong>Olta Za\u00e7aj dhe gjyqtari Gent Ibrahimi. Pra, n\u00eb k\u00ebndv\u00ebshtrimin tim, kan\u00eb mbajtur nj\u00eb q\u00ebndrim shum\u00eb korrekt dhe n\u00eb t\u00eb gjith\u00eb at\u00eb analiz\u00eb q\u00eb kan\u00eb b\u00ebr\u00eb, kan\u00eb th\u00ebn\u00eb q\u00eb fillimi dhe mbarimi i mandateve \u00ebsht\u00eb i parashikuar qoft\u00eb n\u00eb kushtetut\u00eb, qoft\u00eb n\u00eb dekretin e em\u00ebrimit t\u00eb nj\u00eb gjyqtari dhe mbi t\u00eb gjitha n\u00eb opinionin e Komisionit t\u00eb Venecias. K\u00ebshtu q\u00eb p\u00ebr k\u00ebt\u00eb, sepse tani t\u00eb kthehemi prap\u00eb te presidenti Begaj. At\u00ebher\u00eb, meq\u00ebn\u00ebse \u00ebsht\u00eb ky iniciatori i k\u00ebsaj gj\u00ebje, q\u00eb k\u00ebrkonte interpretim. Tani ai thot\u00eb q\u00eb un\u00eb kam k\u00ebrkuar interpretim p\u00ebr t\u00eb gjith\u00eb an\u00ebtar\u00ebt e Gjykat\u00ebs Kushtetuese. A e mori? Nuk e mori, se ka marr\u00eb interpretimin vet\u00ebm p\u00ebr dy. Nj\u00ebra q\u00eb i ka mbaruar me koh\u00eb, me dor\u00ebheqje, dhe sot presidenti Begaj ka marr\u00eb n\u00eb analiz\u00eb vet\u00ebm&#8230; Dhe ai, k\u00ebt\u00eb thonte, q\u00ebllimi i tij ishte p\u00ebr pes\u00eb.<\/p>\n<p>At\u00ebher\u00eb \u00e7far\u00eb ka b\u00ebr\u00eb Presidenti Begaj nga momenti, pra s&#8217;ka b\u00ebr\u00eb asgj\u00eb, s&#8217;ka b\u00ebr\u00eb asgj\u00eb, sepse ky pra ishte motivi, q\u00eb n\u00eb dhjetor t\u00eb 2024-\u00ebs, q\u00eb edhe ky vend i lakmuesh\u00ebm q\u00eb kishte ngelur i pakontrolluar nga pushteti, duhej t\u00eb merrej dhe t\u00eb b\u00ebhej si me t\u00eb gjith\u00eb mandatet e tjera. Nd\u00ebrkoh\u00eb, po i jap dhe k\u00ebt\u00eb lajm ekskluziv n\u00eb k\u00ebt\u00eb t\u00eb nderuar studio. Un\u00eb po p\u00ebrgatis kall\u00ebzimin penal, fillimisht p\u00ebr presidentin Bajram Begaj, sepse n\u00ebse deri dje n\u00eb krye t\u00eb forcave ushtarake ka abuzuar me prona p\u00ebr t\u00eb cilat n\u00eb fakt po hetohet dhe do japi llogari, por patjet\u00ebr duhet t\u00eb japi llogari edhe p\u00ebr abuzimet q\u00eb ka b\u00ebr\u00eb me kushtetut\u00ebn, sepse ne presidentin n\u00eb kushtetut\u00eb e kemi simbol t\u00eb unitetit komb\u00ebtar, e kemi drejtues t\u00eb forcave t\u00eb armatosura, por ne nuk mund t\u00eb kemi nj\u00eb president i cili p\u00ebrdoret nga qeveria, p\u00ebrdoret nga influenca t\u00eb ndryshme, qoft\u00eb dhe kriminale, p\u00ebr t\u00eb kapur Gjykat\u00ebn Kushtetuese dhe m\u00eb gjer\u00eb.<\/p>\n<p>K\u00ebshtu q\u00eb shum\u00eb shpejt do depozitoj n\u00eb SPAK nj\u00eb kall\u00ebzim penal p\u00ebr shp\u00ebrdorim detyre dhe ushtrim t\u00eb ndikimit t\u00eb paligjsh\u00ebm, minimalisht, ndaj presidentit Begaj dhe gjith\u00eb bashk\u00ebpun\u00ebtor\u00ebve t\u00eb tij n\u00eb lidhje me k\u00ebt\u00eb vendimmarrje shum\u00eb t\u00eb gabuar, n\u00eb lidhje me k\u00ebt\u00eb vendimmarrje p\u00ebr ta mbyllur, q\u00eb c\u00ebnon pavar\u00ebsin\u00eb e Gjykat\u00ebs Kushtetuese dhe q\u00eb ka interes p\u00ebr publikun, i nderuar. T\u00eb nj\u00ebjt\u00ebn gj\u00eb mund ta b\u00ebjn\u00eb n\u00eb nj\u00eb moment t\u00eb dyt\u00eb edhe parlamenti, p\u00ebr tre an\u00ebtar\u00ebt e vet, se ka dhe parlamenti tre an\u00ebtar\u00ebt e vet. Ka dhe Gjykata Kushtetuese p\u00ebr tre an\u00ebtar\u00ebt e vet. Pra, n\u00eb nj\u00eb moment t\u00eb caktuar, t\u00eb dy k\u00ebta subjekte q\u00eb kan\u00eb nga tre secili an\u00ebtar\u00eb t\u00eb Gjykat\u00ebs Kushtetuese, ngrihen nj\u00eb dit\u00eb bukur dhe thon\u00eb, nuk na p\u00eblqen po them Asim Vokshi dhe hajde ta z\u00ebvend\u00ebsojm\u00eb, dhe fillojn\u00eb me k\u00ebt\u00eb interpretimin bazuar n\u00eb k\u00ebt\u00eb vendim antikushtetues q\u00eb ka marr\u00eb vet\u00eb Gjykata Kushtetuese\u201d, u shpreh Kalaja.<\/p>\n","protected":false},"excerpt":{"rendered":"<p>Avokatja Adriana Kalaja deklaroi se po p\u00ebrgatit dosjen p\u00ebr ta depozituar n\u00eb SPAK kund\u00ebr presidentit t\u00eb Republik\u00ebs, Bajram Begaj, Kala gjat\u00eb intervist\u00ebs n\u00eb Syri TV tha se, veprimet e fundit t\u00eb Kreut t\u00eb Shtetit lidhur me interpretimin e mandateve t\u00eb an\u00ebtar\u00ebve t\u00eb Gjykat\u00ebs Kushtetuese p\u00ebrb\u00ebjn\u00eb nj\u00eb tentativ\u00eb p\u00ebr kapjen e k\u00ebtij institucioni. N\u00eb qend\u00ebr t\u00eb &hellip;<\/p>\n","protected":false},"author":4,"featured_media":124604,"comment_status":"closed","ping_status":"closed","sticky":false,"template":"","format":"standard","meta":{"footnotes":""},"categories":[37],"tags":[],"class_list":["post-133581","post","type-post","status-publish","format-standard","has-post-thumbnail","","category-politike"],"_links":{"self":[{"href":"https:\/\/rdnews.al\/index.php\/wp-json\/wp\/v2\/posts\/133581","targetHints":{"allow":["GET"]}}],"collection":[{"href":"https:\/\/rdnews.al\/index.php\/wp-json\/wp\/v2\/posts"}],"about":[{"href":"https:\/\/rdnews.al\/index.php\/wp-json\/wp\/v2\/types\/post"}],"author":[{"embeddable":true,"href":"https:\/\/rdnews.al\/index.php\/wp-json\/wp\/v2\/users\/4"}],"replies":[{"embeddable":true,"href":"https:\/\/rdnews.al\/index.php\/wp-json\/wp\/v2\/comments?post=133581"}],"version-history":[{"count":1,"href":"https:\/\/rdnews.al\/index.php\/wp-json\/wp\/v2\/posts\/133581\/revisions"}],"predecessor-version":[{"id":133582,"href":"https:\/\/rdnews.al\/index.php\/wp-json\/wp\/v2\/posts\/133581\/revisions\/133582"}],"wp:featuredmedia":[{"embeddable":true,"href":"https:\/\/rdnews.al\/index.php\/wp-json\/wp\/v2\/media\/124604"}],"wp:attachment":[{"href":"https:\/\/rdnews.al\/index.php\/wp-json\/wp\/v2\/media?parent=133581"}],"wp:term":[{"taxonomy":"category","embeddable":true,"href":"https:\/\/rdnews.al\/index.php\/wp-json\/wp\/v2\/categories?post=133581"},{"taxonomy":"post_tag","embeddable":true,"href":"https:\/\/rdnews.al\/index.php\/wp-json\/wp\/v2\/tags?post=133581"}],"curies":[{"name":"wp","href":"https:\/\/api.w.org\/{rel}","templated":true}]}}