{"id":133598,"date":"2026-01-16T09:27:31","date_gmt":"2026-01-16T09:27:31","guid":{"rendered":"https:\/\/rdnews.al\/?p=133598"},"modified":"2026-01-16T09:28:25","modified_gmt":"2026-01-16T09:28:25","slug":"belgjika-do-te-transeroje-ne-vendin-tone-te-burgosurit-e-europes-qeveria-e-ka-shitur-tashme-shqiperine","status":"publish","type":"post","link":"https:\/\/rdnews.al\/index.php\/2026\/01\/16\/belgjika-do-te-transeroje-ne-vendin-tone-te-burgosurit-e-europes-qeveria-e-ka-shitur-tashme-shqiperine\/","title":{"rendered":"Belgjika do t\u00eb sjell\u00eb n\u00eb vendin ton\u00eb t\u00eb burgosurit e Europ\u00ebs! Qeveria e ka shitur tashm\u00eb Shqip\u00ebrin\u00eb!"},"content":{"rendered":"<p><strong>Ervina TOPTANI<\/strong><\/p>\n<p>BE po shqyrton mund\u00ebsin\u00eb t\u00eb sjell\u00eb t\u00eb burgosurit e Europ\u00ebs n\u00eb Shqip\u00ebri e Kosov\u00eb p\u00ebr t\u00eb zgjidhur kriz\u00ebn e saj me burgjet!!! O tempora o mores!<br \/>\nN\u00eb dit\u00ebt e fundit, media t\u00eb r\u00ebnd\u00ebsishme evropiane si Belga Ne\u00ebs Agency, Eurone\u00ebs, Politico dhe portale analitike t\u00eb BE-s\u00eb kan\u00eb raportuar se Belgjika po shqyrton seriozisht mund\u00ebsin\u00eb e transferimit t\u00eb t\u00eb burgosurve t\u00eb huaj jasht\u00eb territorit t\u00eb saj, duke p\u00ebrfshir\u00eb si opsione Shqip\u00ebrin\u00eb dhe Kosov\u00ebn. Lajmi u shoq\u00ebrua edhe me nj\u00eb prononcim t\u00eb ministres belge t\u00eb Migracionit, Anneleen Van Bossuyt, e cila deklaroi se qeveria belge po k\u00ebrkon \u201czgjidhje alternative dhe pragmatike\u201d p\u00ebr kriz\u00ebn e mbipopullimit t\u00eb burgjeve dhe p\u00ebr p\u00ebrshpejtimin e kthimit t\u00eb t\u00eb huajve pa dokumente ligjore.<br \/>\nKy diskutim vjen pas precedentit t\u00eb krijuar nga marr\u00ebveshja Danimark\u00eb\u2013Kosov\u00eb, e vitit 2022, q\u00eb parashikon transferimin e t\u00eb burgosurve danez\u00eb n\u00eb nj\u00eb burg n\u00eb Gjilan, marr\u00ebveshje e cila fillon t\u00eb zbatohet n\u00eb vitin 2027. A e din\u00eb njer\u00ebzit n\u00eb Kosov\u00eb k\u00ebt\u00eb gj\u00eb? A i ka informuar qeveria se \u00e7far\u00eb po b\u00ebn? N\u00eb Kosov\u00eb fillon zbatimi n\u00eb 2027, n\u00eb Shqip\u00ebri t\u00eb d\u00ebrguarit e qeveris\u00eb belge p\u00ebr k\u00ebt\u00eb problem kan\u00eb ardhur disa her\u00eb n\u00eb Shqip\u00ebri e jan\u00eb pran\u00eb arritjes s\u00eb marr\u00ebveshjes p\u00ebr t\u00eb sjell\u00eb t\u00eb burgosurit e burgjeve belge n\u00eb Shqip\u00ebri!<br \/>\nN\u00eb sip\u00ebrfaqe, kjo ide paraqitet si nj\u00eb zgjidhje teknike p\u00ebr nj\u00eb problem administrativ t\u00eb BE-s\u00eb, por n\u00eb thelb ajo hap nj\u00eb \u00e7\u00ebshtje shum\u00eb m\u00eb t\u00eb thell\u00eb politike e sovrane. Kur vendet e fuqishme t\u00eb Evrop\u00ebs i zhvendosin problemet e tyre strukturore drejt vendeve m\u00eb t\u00eb dob\u00ebta ekonomikisht dhe institucionalisht, nuk kemi t\u00eb b\u00ebjm\u00eb m\u00eb me partneritet, por me p\u00ebrdorim instrumental.<br \/>\nShqip\u00ebria dhe Kosova rrezikojn\u00eb t\u00eb shnd\u00ebrrohen n\u00eb nj\u00eb &#8220;kosh&#8221; periferik sigurie p\u00ebr BE-n\u00eb, nj\u00eb hap\u00ebsir\u00eb ku depozitohen pasojat e d\u00ebshtimeve t\u00eb politikave penale dhe migratore evropiane, pa nj\u00eb debat real publik dhe pa transparenc\u00eb institucionale.<br \/>\nKjo qasje cenon drejtp\u00ebrdrejt sigurin\u00eb komb\u00ebtare, sepse importon rreziqe q\u00eb nuk jan\u00eb prodhuar nga shoq\u00ebrit\u00eb tona, por q\u00eb do t\u00eb menaxhohen nga kapacitete tona t\u00eb kufizuara. Cenon sovranitetin, sepse vendimet p\u00ebr territorin, sistemin e burgjeve dhe sigurin\u00eb merren n\u00ebn presion diplomatik dhe ekonomik, jo mbi baz\u00ebn e vullnetit qytetar. Cenon edhe dinjitetin politik, sepse na pozicionon si zgjidhje p\u00ebr krizat e t\u00eb tjer\u00ebve, jo si subjekte t\u00eb barabarta n\u00eb rendin evropian.<br \/>\nM\u00eb e tmerrshmja \u00ebsht\u00eb heshtja dhe relativizimi i k\u00ebsaj \u00e7\u00ebshtjeje nga politikan\u00ebt t\u00eb cil\u00ebt n\u00eb vend q\u00eb t\u00eb mbrojn\u00eb interesin komb\u00ebtar, priren ta paraqesin \u00e7do k\u00ebrkes\u00eb t\u00eb BE-s\u00eb si \u201cmund\u00ebsi\u201d pa analizuar koston afatgjat\u00eb sociale, juridike dhe t\u00eb siguris\u00eb. Kjo nuk \u00ebsht\u00eb m\u00eb thjesht paaft\u00ebsi politike, por form\u00eb dor\u00ebzimi e q\u00ebllimshme e sovranitetit q\u00eb i shnd\u00ebrron Shqip\u00ebrin\u00eb dhe Kosov\u00ebn n\u00eb territore funksionale p\u00ebr interesa t\u00eb huaja, nd\u00ebrsa qytetar\u00ebve u mohohet e drejta p\u00ebr t\u00eb ditur, diskutuar dhe vendosur p\u00ebr sigurin\u00eb e tyre e t\u00eb Atdheut.<br \/>\nKy debat \u00ebsht\u00eb emergjenc\u00eb qytetare! Rrezikojm\u00eb t\u00eb humbasim sovranitetin e shtetit ton\u00eb e t\u00eb b\u00ebhemi streha e kriminel\u00ebve t\u00eb burgjeve t\u00eb Europ\u00ebs, me mij\u00ebra prej tyre. Nj\u00eb shoq\u00ebri q\u00eb pranon t\u00eb b\u00ebhet depo e problemeve t\u00eb t\u00eb tjer\u00ebve pa kushte t\u00eb qarta, pa transparenc\u00eb dhe pa garanci, rrezikon t\u00eb humbas\u00eb jo vet\u00ebm sigurin\u00eb, por edhe kuptimin e vet si shtet. Dhe kjo nuk \u00ebsht\u00eb pyetje q\u00eb i p\u00ebrket vet\u00ebm qeverive, por i p\u00ebrket pik\u00ebs\u00eb pari nd\u00ebrgjegjes son\u00eb qytetare, na p\u00ebrket direkt ne shqiptar\u00ebve. Nuk e di n\u00ebse do t\u00eb mundemi t\u00eb mbrohemi dot m\u00eb, qeveria jon\u00eb e ka shitur tashm\u00eb Shqip\u00ebrin\u00eb.<\/p>\n","protected":false},"excerpt":{"rendered":"<p>Ervina TOPTANI BE po shqyrton mund\u00ebsin\u00eb t\u00eb sjell\u00eb t\u00eb burgosurit e Europ\u00ebs n\u00eb Shqip\u00ebri e Kosov\u00eb p\u00ebr t\u00eb zgjidhur kriz\u00ebn e saj me burgjet!!! O tempora o mores! N\u00eb dit\u00ebt e fundit, media t\u00eb r\u00ebnd\u00ebsishme evropiane si Belga Ne\u00ebs Agency, Eurone\u00ebs, Politico dhe portale analitike t\u00eb BE-s\u00eb kan\u00eb raportuar se Belgjika po shqyrton seriozisht mund\u00ebsin\u00eb &hellip;<\/p>\n","protected":false},"author":4,"featured_media":133599,"comment_status":"closed","ping_status":"closed","sticky":false,"template":"","format":"standard","meta":{"footnotes":""},"categories":[37],"tags":[],"class_list":["post-133598","post","type-post","status-publish","format-standard","has-post-thumbnail","","category-politike"],"_links":{"self":[{"href":"https:\/\/rdnews.al\/index.php\/wp-json\/wp\/v2\/posts\/133598","targetHints":{"allow":["GET"]}}],"collection":[{"href":"https:\/\/rdnews.al\/index.php\/wp-json\/wp\/v2\/posts"}],"about":[{"href":"https:\/\/rdnews.al\/index.php\/wp-json\/wp\/v2\/types\/post"}],"author":[{"embeddable":true,"href":"https:\/\/rdnews.al\/index.php\/wp-json\/wp\/v2\/users\/4"}],"replies":[{"embeddable":true,"href":"https:\/\/rdnews.al\/index.php\/wp-json\/wp\/v2\/comments?post=133598"}],"version-history":[{"count":2,"href":"https:\/\/rdnews.al\/index.php\/wp-json\/wp\/v2\/posts\/133598\/revisions"}],"predecessor-version":[{"id":133601,"href":"https:\/\/rdnews.al\/index.php\/wp-json\/wp\/v2\/posts\/133598\/revisions\/133601"}],"wp:featuredmedia":[{"embeddable":true,"href":"https:\/\/rdnews.al\/index.php\/wp-json\/wp\/v2\/media\/133599"}],"wp:attachment":[{"href":"https:\/\/rdnews.al\/index.php\/wp-json\/wp\/v2\/media?parent=133598"}],"wp:term":[{"taxonomy":"category","embeddable":true,"href":"https:\/\/rdnews.al\/index.php\/wp-json\/wp\/v2\/categories?post=133598"},{"taxonomy":"post_tag","embeddable":true,"href":"https:\/\/rdnews.al\/index.php\/wp-json\/wp\/v2\/tags?post=133598"}],"curies":[{"name":"wp","href":"https:\/\/api.w.org\/{rel}","templated":true}]}}