{"id":133602,"date":"2026-01-16T09:32:13","date_gmt":"2026-01-16T09:32:13","guid":{"rendered":"https:\/\/rdnews.al\/?p=133602"},"modified":"2026-01-16T09:32:13","modified_gmt":"2026-01-16T09:32:13","slug":"rama-mes-marrezise-dhe-mogherinit","status":"publish","type":"post","link":"https:\/\/rdnews.al\/index.php\/2026\/01\/16\/rama-mes-marrezise-dhe-mogherinit\/","title":{"rendered":"Rama mes marr\u00ebzis\u00eb dhe Mogherinit"},"content":{"rendered":"<p><strong>Nga Lu\u00e7iano BO\u00c7I<\/strong><\/p>\n<p>Kreu i K\u00ebshillit Komb\u00ebtar p\u00ebr Shkenc\u00ebn dhe K\u00ebrkimin Shkencor, Edi Rama, i cili ka p\u00ebrlar\u00eb n\u00eb 13 vite 14 miliard\u00eb euro, ka mbledhur sot Rektor\u00ebt e Universiteteve, pa AS-in e tij, Mogherinin.<\/p>\n<p>Pasi u refuzoi Rektor\u00ebve k\u00ebrkes\u00ebn p\u00ebr mbulimin vjetor t\u00eb pagave t\u00eb pedagog\u00ebve nga buxheti 2026, i ka dh\u00ebn\u00eb sot atyre n\u00eb vend t\u00eb mb\u00ebshtetjes financiare, leksione \u201cgjeniale\u201d.<\/p>\n<p>Jo si t\u00eb grabisin parat\u00eb publike, se k\u00ebt\u00eb e ka disertacion personal p\u00ebr \u00e7mim nd\u00ebrkomb\u00ebtar, por p\u00ebr t\u2019i m\u00ebsuar se \u201cnga lidhet gomari\u201d.<\/p>\n<p>Nder idet\u00eb ajo q\u00eb p\u00eblqente m\u00eb shum\u00eb ishte ajo p\u00ebr zhvendosjen e student\u00ebve t\u00eb Tiran\u00ebs n\u00eb Durr\u00ebs.<\/p>\n<p>Rektor\u00ebt mendjehapur e kan\u00eb d\u00ebgjuar me goj\u00eb hapur \u201cmretin\u201d.<\/p>\n<p>E nuk \u00ebsht\u00eb hera e par\u00eb q\u00eb d\u00ebgjojn\u00eb nj\u00eb kryeminist\u00ebr jasht\u00eb realitetit q\u00eb l\u00ebshon marr\u00ebzin\u00eb e rradh\u00ebs.<\/p>\n<p>Kur nj\u00eb qeveri me \u201cmretin\u201d e shkenc\u00ebs n\u00eb krye, k\u00ebrkon ta mohoj\u00eb realitetin dihet q\u00eb krijon nj\u00eb tjet\u00ebr paralel me propagand\u00eb.<\/p>\n<p>Nd\u00ebrsa kur nuk \u00ebsht\u00eb n\u00eb gjendje t\u00eb rregulloj\u00eb realitetin si k\u00ebt\u00eb me student\u00ebt, ajo fillon ta zhvendos\u00eb at\u00eb.<\/p>\n<p>Shpikje p\u00ebr Nob\u00ebl!<\/p>\n<p>Kjo \u00ebsht\u00eb dometh\u00ebnia e propozimit t\u00eb Ram\u00ebs p\u00ebr t\u00eb \u201c\u00e7uar student\u00ebt n\u00eb Durr\u00ebs\u201d.<\/p>\n<p>S\u00eb pari, kjo nuk \u00ebsht\u00eb l\u00ebvizje as p\u00ebr t\u2019i ndihmuar, as p\u00ebr t\u2019i leht\u00ebsuar.<\/p>\n<p>Jo!<\/p>\n<p>\u00cbsht\u00eb l\u00ebvizje p\u00ebr t\u2019i larguar nga Tirana, nga v\u00ebmendja publike, nga problemet reale q\u00eb vet\u00eb shteti ka krijuar.<\/p>\n<p>S\u00eb dyti, ky nuk \u00ebsht\u00eb nj\u00eb projekt arsimor. \u00cbsht\u00eb nj\u00eb manov\u00ebr emergjente e nj\u00eb sistemi prej 13 vitesh n\u00eb kriz\u00eb e q\u00eb po mbytet nga pasojat e veta.<\/p>\n<p>S\u00eb treti, \u00ebsht\u00eb vazhdim i korrupsionit me metoda t\u00eb tjera. Rr\u00ebmbimi i Kampusit t\u00eb Universitetit t\u00eb Tiran\u00ebs u b\u00eb n\u00eb mes t\u00eb dit\u00ebs nga dyshja e korruptuar Rama-Mogerini.<\/p>\n<p>Dhe dhurata q\u00eb i ka b\u00ebr\u00eb ky Mogherinit me 17 ha nga territori i Universitetit nuk mund t\u00eb merret mbrapsht.<\/p>\n<p>S\u00eb kat\u00ebrti, ky propozim nxjerr n\u00eb pah nj\u00eb t\u00eb v\u00ebrtet\u00eb t\u00eb hidhur: sistemi nuk po reformohet, ai po improvizon p\u00ebr t\u00eb mbijetuar.<\/p>\n<p>N\u00eb munges\u00eb t\u00eb nj\u00eb vizioni t\u00eb qart\u00eb p\u00ebr arsimin e lart\u00eb t\u00eb nj\u00eb politik\u00eb reale strehimi dhe pa nj\u00eb plan urban q\u00eb respekton funksionin social t\u00eb qytetit, Rama vjen me reagime t\u00eb tilla af\u00ebr idiotizmit dhe ide t\u00eb nxjerra nga paniku.<\/p>\n<p>Kriza e strehimit t\u00eb student\u00ebve nuk lindi dje dhe as nga askundi.<\/p>\n<p>Ajo \u00ebsht\u00eb prodhim i drejtp\u00ebrdrejt\u00eb i nj\u00eb modeli urban, ekonomik dhe politik korruptiv e narko-treg\u00ebtar q\u00eb ka shnd\u00ebrruar Tiran\u00ebn n\u00eb nj\u00eb treg spekulativ p\u00ebr pakic\u00ebn dhe nj\u00eb zon\u00eb nd\u00ebshkimi p\u00ebr shumic\u00ebn.<\/p>\n<p>\u00c7mimet e qirave jan\u00eb rritur n\u00eb m\u00ebnyr\u00eb absurde, nd\u00ebrsa konviktet jan\u00eb l\u00ebn\u00eb n\u00eb mjerim total.<\/p>\n<p>Universitetet jan\u00eb kthyer n\u00eb struktura formale pa kampuse e pa mb\u00ebshtetje reale sociale. Dhe tani, kur kjo kriz\u00eb shp\u00ebrthen, p\u00ebrgjigjja e Ram\u00ebs \u00ebsht\u00eb zhvendosja.<\/p>\n<p>\u201cReformatori\u201d i madh i arsimit mjeran, e partis\u00eb-shtet nuk jep zgjidhje, por ofron n\u00eb vend t\u00eb saj deportimin.<\/p>\n<p>T\u00eb \u00e7osh student\u00ebt n\u00eb Durr\u00ebs do t\u00eb thot\u00eb t\u00eb pranosh d\u00ebshtimin, por pa guximin p\u00ebr ta th\u00ebn\u00eb hapur.<\/p>\n<p>Do t\u00eb thot\u00eb t\u00eb godas\u00ebsh n\u00eb zem\u00ebr jet\u00ebn akademike p\u00ebr t\u00eb ruajtur interesat e pastrimit t\u00eb parave t\u00eb pista q\u00eb kan\u00eb ndotur vendin dhe p\u00ebr t\u00eb mbrojtur fasad\u00ebn fallco t\u00eb suksesit urban t\u00eb Tiran\u00ebs s\u00eb betonizuar.<\/p>\n<p>Do t\u00eb thot\u00eb t\u00eb sakrifikosh brezin e ri, p\u00ebr t\u00eb mbrojtur nj\u00eb model q\u00eb ka falimentuar moralisht dhe funksionalisht.<\/p>\n<p>Sepse problemi nuk \u00ebsht\u00eb se student\u00ebt jan\u00eb \u201cshum\u00eb af\u00ebr\u201d.<\/p>\n<p>Problemi k\u00ebtu \u00ebsht\u00eb se shteti \u00ebsht\u00eb shum\u00eb larg.<\/p>\n<p>Nj\u00eb sistem real e funksional nuk i largon student\u00ebt. P\u00ebrkundrazi, i mban, i mb\u00ebshtet, investon tek ata.<\/p>\n<p>Nj\u00eb sistem n\u00eb r\u00ebnie e n\u00eb degradim si ky i nd\u00ebrtuar nga \u201cmreti\u201d, i sheh student\u00ebt si problem logjistik dhe jo si kapital komb\u00ebtar.<\/p>\n<p>Ky lloj propozimi nuk \u00ebsht\u00eb thjesht arsye debati p\u00ebr student\u00ebt.<\/p>\n<p>Ai \u00ebsht\u00eb pasqyra e nj\u00eb shteti q\u00eb ka r\u00ebn\u00eb e k\u00ebrkon vet\u00ebm t\u00eb shtyj\u00eb krizat p\u00ebr nes\u00ebr.<\/p>\n<p>Dhe \u00e7do nes\u00ebr e till\u00eb vjen m\u00eb e r\u00ebnd\u00eb se e sotmja.<\/p>\n<p>Prandaj ndalimi i marr\u00ebzis\u00eb k\u00ebrkon reagim dhe \u00ebsht\u00eb detyr\u00eb qytetare e studentore!<\/p>\n","protected":false},"excerpt":{"rendered":"<p>Nga Lu\u00e7iano BO\u00c7I Kreu i K\u00ebshillit Komb\u00ebtar p\u00ebr Shkenc\u00ebn dhe K\u00ebrkimin Shkencor, Edi Rama, i cili ka p\u00ebrlar\u00eb n\u00eb 13 vite 14 miliard\u00eb euro, ka mbledhur sot Rektor\u00ebt e Universiteteve, pa AS-in e tij, Mogherinin. Pasi u refuzoi Rektor\u00ebve k\u00ebrkes\u00ebn p\u00ebr mbulimin vjetor t\u00eb pagave t\u00eb pedagog\u00ebve nga buxheti 2026, i ka dh\u00ebn\u00eb sot atyre &hellip;<\/p>\n","protected":false},"author":4,"featured_media":129989,"comment_status":"closed","ping_status":"closed","sticky":false,"template":"","format":"standard","meta":{"footnotes":""},"categories":[44],"tags":[],"class_list":["post-133602","post","type-post","status-publish","format-standard","has-post-thumbnail","","category-editorial"],"_links":{"self":[{"href":"https:\/\/rdnews.al\/index.php\/wp-json\/wp\/v2\/posts\/133602","targetHints":{"allow":["GET"]}}],"collection":[{"href":"https:\/\/rdnews.al\/index.php\/wp-json\/wp\/v2\/posts"}],"about":[{"href":"https:\/\/rdnews.al\/index.php\/wp-json\/wp\/v2\/types\/post"}],"author":[{"embeddable":true,"href":"https:\/\/rdnews.al\/index.php\/wp-json\/wp\/v2\/users\/4"}],"replies":[{"embeddable":true,"href":"https:\/\/rdnews.al\/index.php\/wp-json\/wp\/v2\/comments?post=133602"}],"version-history":[{"count":1,"href":"https:\/\/rdnews.al\/index.php\/wp-json\/wp\/v2\/posts\/133602\/revisions"}],"predecessor-version":[{"id":133603,"href":"https:\/\/rdnews.al\/index.php\/wp-json\/wp\/v2\/posts\/133602\/revisions\/133603"}],"wp:featuredmedia":[{"embeddable":true,"href":"https:\/\/rdnews.al\/index.php\/wp-json\/wp\/v2\/media\/129989"}],"wp:attachment":[{"href":"https:\/\/rdnews.al\/index.php\/wp-json\/wp\/v2\/media?parent=133602"}],"wp:term":[{"taxonomy":"category","embeddable":true,"href":"https:\/\/rdnews.al\/index.php\/wp-json\/wp\/v2\/categories?post=133602"},{"taxonomy":"post_tag","embeddable":true,"href":"https:\/\/rdnews.al\/index.php\/wp-json\/wp\/v2\/tags?post=133602"}],"curies":[{"name":"wp","href":"https:\/\/api.w.org\/{rel}","templated":true}]}}