{"id":133604,"date":"2026-01-16T09:43:58","date_gmt":"2026-01-16T09:43:58","guid":{"rendered":"https:\/\/rdnews.al\/?p=133604"},"modified":"2026-01-16T09:50:52","modified_gmt":"2026-01-16T09:50:52","slug":"mesazh-per-ramen-rubio-jemi-te-shqetesuar-se-liria-e-shprehjes-ne-evrope-po-gerryhet","status":"publish","type":"post","link":"https:\/\/rdnews.al\/index.php\/2026\/01\/16\/mesazh-per-ramen-rubio-jemi-te-shqetesuar-se-liria-e-shprehjes-ne-evrope-po-gerryhet\/","title":{"rendered":"Shtetet e Bashkuara t\u00eb shqet\u00ebsuara p\u00ebr vlerat e liris\u00eb dhe lirin\u00eb e shprehjes\/ Mesazhi i fort\u00eb i Rubios"},"content":{"rendered":"<p>Ambasada Amerikane n\u00eb Tiran\u00eb ka shp\u00ebrndar\u00eb n\u00eb rrjetet sociale mesazhin e Sekretarit t\u00eb Shtetit, Marco Rubio p\u00ebr Evrop\u00ebn.<\/p>\n<p>Rubio n\u00eb nj\u00eb nga paraqitjet e tij t\u00eb fundit ka folur i shqet\u00ebsuar n\u00eb lidhje me lirin\u00eb e shprehjes n\u00eb Evrop\u00eb.<\/p>\n<p>\u201cJemi t\u00eb shqet\u00ebsuar se liria e shprehjes n\u00eb Evrop\u00eb po g\u00ebrryhet. Aleancat tona me partner\u00ebt tan\u00eb evropian jan\u00eb t\u00eb nd\u00ebrtuara mbi principe dhe vlera t\u00eb p\u00ebrbashk\u00ebta. Nj\u00eb nga k\u00ebto vlera dhe principe, ne shpresojm\u00eb, se \u00ebsht\u00eb liria dhe liria e shprehjes\u201d, u shpreh Rubio.<\/p>\n<p>Kujtojm\u00eb se kryeministri Edi Rama e nisi vitin e ri duke sulmuar disa gazetar\u00eb, konkretisht Klodiana Lal\u00ebn dhe Blendi Fevziun, me gjuh\u00eb bullizuese dhe intimidues\u0435, pas akuzave q\u00eb po p\u00ebrballet qeveria e tij.<\/p>\n","protected":false},"excerpt":{"rendered":"<p>Ambasada Amerikane n\u00eb Tiran\u00eb ka shp\u00ebrndar\u00eb n\u00eb rrjetet sociale mesazhin e Sekretarit t\u00eb Shtetit, Marco Rubio p\u00ebr Evrop\u00ebn. Rubio n\u00eb nj\u00eb nga paraqitjet e tij t\u00eb fundit ka folur i shqet\u00ebsuar n\u00eb lidhje me lirin\u00eb e shprehjes n\u00eb Evrop\u00eb. \u201cJemi t\u00eb shqet\u00ebsuar se liria e shprehjes n\u00eb Evrop\u00eb po g\u00ebrryhet. Aleancat tona me partner\u00ebt tan\u00eb &hellip;<\/p>\n","protected":false},"author":4,"featured_media":133606,"comment_status":"closed","ping_status":"closed","sticky":false,"template":"","format":"standard","meta":{"footnotes":""},"categories":[37],"tags":[],"class_list":["post-133604","post","type-post","status-publish","format-standard","has-post-thumbnail","","category-politike"],"_links":{"self":[{"href":"https:\/\/rdnews.al\/index.php\/wp-json\/wp\/v2\/posts\/133604","targetHints":{"allow":["GET"]}}],"collection":[{"href":"https:\/\/rdnews.al\/index.php\/wp-json\/wp\/v2\/posts"}],"about":[{"href":"https:\/\/rdnews.al\/index.php\/wp-json\/wp\/v2\/types\/post"}],"author":[{"embeddable":true,"href":"https:\/\/rdnews.al\/index.php\/wp-json\/wp\/v2\/users\/4"}],"replies":[{"embeddable":true,"href":"https:\/\/rdnews.al\/index.php\/wp-json\/wp\/v2\/comments?post=133604"}],"version-history":[{"count":3,"href":"https:\/\/rdnews.al\/index.php\/wp-json\/wp\/v2\/posts\/133604\/revisions"}],"predecessor-version":[{"id":133608,"href":"https:\/\/rdnews.al\/index.php\/wp-json\/wp\/v2\/posts\/133604\/revisions\/133608"}],"wp:featuredmedia":[{"embeddable":true,"href":"https:\/\/rdnews.al\/index.php\/wp-json\/wp\/v2\/media\/133606"}],"wp:attachment":[{"href":"https:\/\/rdnews.al\/index.php\/wp-json\/wp\/v2\/media?parent=133604"}],"wp:term":[{"taxonomy":"category","embeddable":true,"href":"https:\/\/rdnews.al\/index.php\/wp-json\/wp\/v2\/categories?post=133604"},{"taxonomy":"post_tag","embeddable":true,"href":"https:\/\/rdnews.al\/index.php\/wp-json\/wp\/v2\/tags?post=133604"}],"curies":[{"name":"wp","href":"https:\/\/api.w.org\/{rel}","templated":true}]}}