{"id":133609,"date":"2026-01-16T10:01:11","date_gmt":"2026-01-16T10:01:11","guid":{"rendered":"https:\/\/rdnews.al\/?p=133609"},"modified":"2026-01-16T10:01:11","modified_gmt":"2026-01-16T10:01:11","slug":"skandali-vellai-i-ambasadorit-shqiptar-ne-be-ne-grupin-kriminal-te-akshi-t","status":"publish","type":"post","link":"https:\/\/rdnews.al\/index.php\/2026\/01\/16\/skandali-vellai-i-ambasadorit-shqiptar-ne-be-ne-grupin-kriminal-te-akshi-t\/","title":{"rendered":"Skandali\/ V\u00ebllai i ambasadorit shqiptar n\u00eb BE n\u00eb grupin kriminal t\u00eb AKSHI-t"},"content":{"rendered":"<p>\u00c7udit\u00eb n\u00eb k\u00ebt\u00eb vendin ton\u00eb t\u00eb vog\u00ebl s\u2019kan\u00eb t\u00eb sosur, pasi nga nj\u00ebra an\u00eb nj\u00eb v\u00eblla hetohet dhe b\u00ebn pjes\u00eb n\u00eb grupin kriminal q\u00eb zhvati shtetin me dhjet\u00ebra miliona euro dhe nga ana tjet\u00ebr, v\u00ebllai tjet\u00ebr \u00ebsht\u00eb p\u00ebrfaq\u00ebsuesi kryesor i Shqip\u00ebris\u00eb pran\u00eb institucioneve t\u00eb Bashkimit Europian. B\u00ebhet fjal\u00eb p\u00ebr G\u00ebzim dhe Ferit Hoxh\u00ebn, ku G\u00ebzimi \u00ebsht\u00eb n\u00ebn akuz\u00eb dhe me mas\u00eb sigurie nga Prokuroria e Posa\u00e7me, si pjes\u00eb e grupit kriminal t\u00eb AKSHI-it, nd\u00ebrkoh\u00eb q\u00eb Feriti vijon i qet\u00eb detyr\u00ebn si Ambasador i Jasht\u00ebzakonsh\u00ebm dhe fuqiplot\u00eb i Shqip\u00ebris\u00eb n\u00eb BE-s\u00eb, q\u00eb prej muajit korrik t\u00eb vitit 2024.<\/p>\n<p>Feriti dhe G\u00ebzimi gjat\u00eb 3 viteve t\u00eb fundit kan\u00eb p\u00ebsuar ndryshime n\u00eb t\u00eb mira materiale, ku G\u00ebzimi ka marr\u00eb dhjet\u00ebra miliona euro tendera sekret\u00eb nga qeveria, me nd\u00ebrhyrje klanesh, nd\u00ebrkoh\u00eb q\u00eb Feriti pas ulje-ngritjeve n\u00eb karrier\u00ebn diplomatike u katapultua si njeriu ky\u00e7 i integrimit. K\u00ebto radh\u00eb s\u2019kan\u00eb aspak q\u00ebllim q\u00eb t\u00eb ulin figur\u00ebn e \u00e7donj\u00ebrit prej tyre, por n\u00eb munges\u00eb t\u00eb nj\u00eb reagimi sidomos t\u00eb diplomatit, do mundohemi t\u00eb hedhim drit\u00eb mbi aktivitetin e t\u00eb dyve, ku n\u00eb disa raste aktiviteti publik i Feritit ndikon drejtp\u00ebrdrejt n\u00eb aktivitetin privat t\u00eb G\u00ebzimit.<\/p>\n<p>BE-ja ka nisma dhe mekanizma q\u00eb mb\u00ebshtesin kompani t\u00eb teknologjis\u00eb s\u00eb informacionit, me donacione, kredi apo mb\u00ebshtetje logjistike, ku normalisht njeriu q\u00eb b\u00ebn nd\u00ebrlidh\u00ebsin e Shqip\u00ebris\u00eb me BE-n\u00eb \u00ebsht\u00eb Feriti. Nga ana tjet\u00ebr G\u00ebzimi ka n\u00eb pron\u00ebsi plot 3 kompani, m\u00eb e vjetra ka fituar dhjet\u00ebra miliona euro nga AKSHI p\u00ebr pajisje dhe programe t\u00eb teknologjis\u00eb dhe dy t\u00eb tjerat i ka regjistruar fiktivisht n\u00eb parkun DURANA, n\u00eb Xhafzotaj. K\u00ebto m\u00eb sip\u00ebr jan\u00eb vet\u00ebm ato q\u00eb realisht b\u00ebjn\u00eb v\u00ebllez\u00ebrit, nd\u00ebrkoh\u00eb q\u00eb lidhjen mes t\u00eb dyve, n\u00ebse puna e nj\u00ebrit ndikon te tjetri, apo t\u00eb bashk\u00ebpun\u00ebtor\u00ebt e v\u00ebllait, mund t\u2019a zbardhin institucionet ligjzbatuese.<\/p>\n<p>Fakt q\u00eb \u00ebsht\u00eb q\u00eb, emri i G\u00ebzim Hoxh\u00ebs dhe kompanis\u00eb s\u00eb tij, \u201cFirst\u201d ndodhet n\u00eb shum\u00eb fashikuj t\u00eb dosjes s\u00eb AKSHI-t, ku vet\u00eb v\u00ebllai i ambasadorit hetohet p\u00ebr pastrim i produkteve t\u00eb vepr\u00ebs penale ose veprimtaris\u00eb kriminale e kryer n\u00eb form\u00ebn e bashk\u00ebpunimit t\u00eb grupit t\u00eb strukturuar kriminal. Po hetohet edhe p\u00ebr grup i strukturuar kriminal, kryerja e veprave penale nga organizata kriminale.<\/p>\n<p><img loading=\"lazy\" decoding=\"async\" class=\"alignnone size-full wp-image-1648686\" src=\"https:\/\/boldnews.al\/wp-content\/uploads\/2026\/01\/640-0-dosja-e-prokurorise-se-posacme-per-grupin-kriminal-te-akshi-t-qe-zhvati-miliona-euro-1-1768516099.jpeg\" alt=\"\" width=\"640\" height=\"188\" data-pin-no-hover=\"true\" \/><\/p>\n<div class=\"horizontal imazhiim\" data-mce-contenteditable=\"false\">\n<figure class=\"wp-caption alignnone\"><img loading=\"lazy\" decoding=\"async\" src=\"https:\/\/cdnimpuls.com\/voxnews.al\/media3\/-640-0-dosja-e-prokurorise-se-posacme-per-grupin-kriminal-te-akshi-t-qe-zhvati-miliona-euro-2-1768516098.jpeg\" alt=\"Thellohet SKANDALI, v\u00ebllai (G\u00ebzim Hoxha) i ambasadorit shqiptar\" width=\"640\" height=\"315\" data-size=\"x\" data-id=\"194087\" data-mce-contenteditable=\"true\" data-pin-no-hover=\"true\" \/><figcaption class=\"wp-caption-text\">Faksimile: Dosja e Prokuroris\u00eb s\u00eb Posa\u00e7me p\u00ebr grupin kriminal t\u00eb AKSHI-t q\u00eb zhvati miliona euro<\/figcaption><\/figure>\n<div class=\"captionposhte\">N\u00eb nj\u00eb koh\u00eb q\u00eb Ferit Hoxha u em\u00ebrua Ambasador n\u00eb BE, n\u00eb muajin korrik t\u00eb vitit 2024, v\u00ebllai i tij, G\u00ebzim Hoxha, vijonte t\u00eb fitonte dhe t\u00eb merrte tendera sekret\u00eb nga qeveria, nj\u00eb prej t\u00eb cil\u00ebve n\u00eb vler\u00ebn e plot 60 milion\u00eb eurove.<\/div>\n<\/div>\n<p>Ina Ciko, nj\u00eb prej vart\u00ebsve t\u00eb Ermal Beqirit, aktualisht me mas\u00eb sigurie shtr\u00ebnguese po q\u00eb nuk \u00ebsht\u00eb ekzekutuar, ka deklaruar se ka pasur marr\u00ebdh\u00ebnie financiare dhe kan\u00eb bashk\u00ebpunuar me disa firma, nj\u00ebra prej t\u00eb cilave edhe \u201cFirst\u201d, me pronar G\u00ebzim Hoxh\u00ebn.<\/p>\n<p>N\u00eb dosjen e SPAK-ut detajohet se jan\u00eb b\u00ebr\u00eb kreditime nga firma \u201cFirst\u201d te kompanit\u00eb e Beqirit apo Agasit n\u00eb shuma q\u00eb shkojn\u00eb deri n\u00eb 1.2 milion\u00eb euro. K\u00ebto kreditime, jan\u00eb realizuar n\u00eb dhjetor t\u00eb vitit 2024. Prokuroria ka zbuluar se kompania e G\u00ebzim Hoxh\u00ebs, \u201cFirst\u201d, ka kaluar fonde n\u00eb llogarin\u00eb e subektit \u201cEA Solution\u201d, n\u00eb shuma t\u00eb konsiderueshme.<\/p>\n<p><img loading=\"lazy\" decoding=\"async\" class=\"alignnone size-full wp-image-1648685\" src=\"https:\/\/boldnews.al\/wp-content\/uploads\/2026\/01\/640-0-dosja-e-prokurorise-se-posacme-per-grupin-kriminal-te-akshi-t-qe-zhvati-miliona-euro-1768516100.jpeg\" alt=\"\" width=\"640\" height=\"374\" data-pin-no-hover=\"true\" \/><\/p>\n<p>&nbsp;<\/p>\n<div class=\"horizontal imazhiim\" data-mce-contenteditable=\"false\">\n<figure class=\"wp-caption alignnone\"><img loading=\"lazy\" decoding=\"async\" src=\"https:\/\/cdnimpuls.com\/voxnews.al\/media3\/-640-0-dosja-e-prokurorise-se-posacme-per-grupin-kriminal-te-akshi-t-qe-zhvati-miliona-euro-3-1768516098.jpeg\" alt=\"Thellohet SKANDALI, v\u00ebllai (G\u00ebzim Hoxha) i ambasadorit shqiptar\" width=\"640\" height=\"261\" data-size=\"x\" data-id=\"194086\" data-mce-contenteditable=\"true\" data-pin-no-hover=\"true\" \/><figcaption class=\"wp-caption-text\">Faksimile: Dosja e Prokuroris\u00eb s\u00eb Posa\u00e7me p\u00ebr grupin kriminal t\u00eb AKSHI-t q\u00eb zhvati miliona euro<\/figcaption><\/figure>\n<div class=\"captionposhte\">Faktet jan\u00eb evidente, tashm\u00eb t\u00eb zbardhura plot\u00ebsisht nga Prokuroria e Posa\u00e7me, por q\u00eb deri m\u00eb tani jan\u00eb l\u00ebn\u00eb n\u00eb aj\u00ebr, p\u00ebr shkak se po k\u00ebta individ\u00eb jan\u00eb shfaqeur edhe te parku fiktiv DURANA n\u00eb Xhafzotaj, t\u00eb Durr\u00ebsit. Emri i \u201cFirst\u201d dhe G\u00ebzim Hoxh\u00ebs cil\u00ebsohet nga SPAK-u si nj\u00eb nga m\u00eb aktiv\u00ebt. \u201cFaturimet e kryera nga \u2018EA Solution\u2019 sh.p.k. n\u00eb drejtim t\u00eb tre subjekteve t\u00eb tjera jan\u00eb fiktive dhe me q\u00ebllim p\u00ebrfitimin e parave q\u00eb rrjedhin nga procedurat e prokurimeve t\u00eb paracaktuara nga grupi kriminal\u201d thuhet n\u00eb dosje.<\/div>\n<\/div>\n<p>Dy biznesmen\u00ebt e tjer\u00eb n\u00eb dosje, Andis Papa dhe G\u00ebzim Hoxha kan\u00eb kontraktuar sh\u00ebrbimet e \u201cEA Solution\u201d n\u00ebp\u00ebrmjet Ermal Beqirit, i cili i ka drejtuar te ky subjekt. \u201cPra t\u00eb gjitha aktivitetet drejtohen nga shtetasit Ermal Beqiri dhe Ergvs Agasi me q\u00ebllimin p\u00ebrfundimtar p\u00ebrfitimin e paligjsh\u00ebm t\u00eb fondeve t\u00eb marra nga kontratat publike me institucionin e AKSHI-t\u201d thot\u00eb SPAK-u.<\/p>\n<figure class=\"wp-caption alignnone\"><img loading=\"lazy\" decoding=\"async\" src=\"https:\/\/cdnimpuls.com\/voxnews.al\/media3\/-640-0-vellai-i-ambasadorit-shqiptar-ne-be-ka-deklaruar-se-ka-perfituar-tendera-sekrete-dhe-ka-paguar-ryshfet2-1768516099.jpeg\" alt=\"Thellohet SKANDALI, v\u00ebllai (G\u00ebzim Hoxha) i ambasadorit shqiptar\" width=\"640\" height=\"218\" data-pin-no-hover=\"true\" \/><figcaption class=\"wp-caption-text\">Faksimile: V\u00ebllai i ambasadorit shqiptar n\u00eb BE ka deklaruar se ka p\u00ebrfituar tendera sekret\u00eb dhe ka paguar ryshfet.<\/p>\n<p>D\u00ebshmia e tij kryesore ka qen\u00eb p\u00ebr nj\u00eb super tender sekret, i cili nuk dihet ende sot e k\u00ebsaj dite se \u00e7far\u00eb \u00ebsht\u00eb b\u00ebr\u00eb. \u201cKemi patur dhe nj\u00eb bashk\u00ebpunim tjet\u00ebr, p\u00ebr shkak se vitin e kaluar, ndoshta n\u00eb muajin tetor t\u00eb vitit 2024, ne kemi fituar nj\u00eb procedur\u00eb tjet\u00ebr prokurimi me AKSHI-n, me nj\u00eb vler\u00eb t\u00eb lart\u00eb prej rreth 60 milion\u00eb euro. Ky tender \u00ebsht\u00eb sekret dhe aty kemi n\u00ebnkontraktuar disa sh\u00ebrbime shoq\u00ebrin\u00eb \u2018EA Solution\u2019, t\u00eb cilat kan\u00eb nj\u00eb vler\u00eb prej rreth 60 milion\u00eb lek\u00ebsh t\u00eb reja\u201d, ka pohuar Hoxha.<\/figcaption><\/figure>\n<p>P\u00ebr koi\u00e7idenc\u00eb ose jo, koha n\u00eb t\u00eb cil\u00ebn ka fituar tenderin dhe ka b\u00ebr\u00eb pages\u00ebn prej 600 mij\u00eb eurosh, p\u00ebrkon me koh\u00ebn q\u00eb v\u00ebllai i tij, Feriti t\u00eb jet\u00eb em\u00ebruar si Ambasador i Shqip\u00ebris\u00eb n\u00eb BE.<\/p>\n<p><img loading=\"lazy\" decoding=\"async\" class=\"alignnone size-full wp-image-1648687\" src=\"https:\/\/boldnews.al\/wp-content\/uploads\/2026\/01\/640-0-gezim-hoxha-po-hetohet-per-pastrim-parash-ne-kuader-te-organizates-kriminale-1768516101.jpeg\" alt=\"\" width=\"640\" height=\"209\" data-pin-no-hover=\"true\" \/><\/p>\n<div class=\"horizontal imazhiim\" data-mce-contenteditable=\"false\">\n<figure class=\"wp-caption alignnone\"><img loading=\"lazy\" decoding=\"async\" src=\"https:\/\/cdnimpuls.com\/voxnews.al\/media3\/-640-0-gezim-hoxha-po-hetohet-per-pastrim-parash-ne-kuader-te-organizates-kriminale2-1768516101.jpeg\" alt=\"Thellohet SKANDALI, v\u00ebllai (G\u00ebzim Hoxha) i ambasadorit shqiptar\" width=\"640\" height=\"158\" data-size=\"x\" data-id=\"194091\" data-mce-contenteditable=\"true\" data-pin-no-hover=\"true\" \/><figcaption class=\"wp-caption-text\">Faksimile: G\u00ebzim Hoxha po hetohet p\u00ebr pastrim parash n\u00eb kuad\u00ebr t\u00eb organizat\u00ebs kriminale<\/figcaption><\/figure>\n<div class=\"captionposhte\">N\u00eb dosje citohet se, Mirlinda Kar\u00e7anaj, drejtoresha e AKSHI-t e cila po hetohet me mas\u00ebn e siguris\u00eb arrest sht\u00ebpie, ka vendosur kritere t\u00eb paligjshme te procedurat e prokurimit q\u00eb favorizonin dhe u krijonin privilegje t\u00eb padrejta p\u00ebr disa operator\u00eb ekonomik\u00eb, nd\u00ebr t\u00eb cil\u00ebt edhe \u201cFirst\u201d.<\/div>\n<\/div>\n<p>\u201cG\u00ebzim Hoxha ka rol aktiv n\u00eb pjes\u00ebmarrjen dhe p\u00ebrfitimin e paligjsh\u00ebm t\u00eb procedurave t\u00eb prokurimit, t\u00eb cilat diktohen nga shtetasit e sip\u00ebrp\u00ebrmendur. Ai ka kredituar shuma t\u00eb konsiderueshme te shoq\u00ebria \u2018EA Solution\u2019\u201d thuhet n\u00eb dosje.<\/p>\n<p>Ndaj Hoxh\u00ebs \u00ebsht\u00eb caktuar masa e siguris\u00eb ndalimi i daljes jasht\u00eb shtetit, teksa ai hetohet p\u00ebr pastrim parash t\u00eb kryer n\u00eb kuad\u00ebr t\u00eb organizat\u00ebs kriminale. Ai \u00ebsht\u00eb urdh\u00ebruar nga Gjykata e Posa\u00e7me q\u00eb t\u00eb mos largohet nga territori i Shqip\u00ebris\u00eb.<\/p>\n<p><img loading=\"lazy\" decoding=\"async\" class=\"alignnone size-full wp-image-1648688\" src=\"https:\/\/boldnews.al\/wp-content\/uploads\/2026\/01\/640-0-gezim-hoxha-ka-hapur-dy-kompani-te-parku-fiktiv-durana-1768516102.jpeg\" alt=\"\" width=\"640\" height=\"560\" data-pin-no-hover=\"true\" \/><\/p>\n<div class=\"horizontal imazhiim\" data-mce-contenteditable=\"false\">\n<figure class=\"wp-caption alignnone\"><img loading=\"lazy\" decoding=\"async\" src=\"https:\/\/cdnimpuls.com\/voxnews.al\/media3\/-640-0-gezim-hoxha-ka-hapur-dy-kompani-te-parku-fiktiv-durana-2-1768516101.jpeg\" alt=\"Thellohet SKANDALI, v\u00ebllai (G\u00ebzim Hoxha) i ambasadorit shqiptar\" width=\"640\" height=\"577\" data-size=\"x\" data-id=\"194093\" data-mce-contenteditable=\"true\" data-pin-no-hover=\"true\" \/><figcaption class=\"wp-caption-text\">Faksimile: G\u00ebzim Hoxha ka hapur dy kompani te parku fiktiv DURANA<\/figcaption><\/figure>\n<div class=\"captionposhte\">T\u00eb dh\u00ebnat e analizuara flasin se G\u00ebzim Hoxha ka ngritur nj\u00eb skem\u00eb p\u00ebr pastrimin e parave q\u00eb merrte nga tender\u00ebt, duke i xhiruar n\u00eb kompani t\u00eb tjera me t\u00eb nj\u00ebjt\u00ebn fush\u00eb, apo s\u00eb fundmi edhe n\u00eb kompanit\u00eb virtuale t\u00eb DURANA-s.<\/div>\n<\/div>\n<p>Fijet mes G\u00ebzim Hoxh\u00ebs dhe Ermal Beqirit, krahas pjes\u00ebmarrjes n\u00eb grupin kriminal t\u00eb AKSHI-t lidhen te DURANA. Nj\u00eb park i ngritur nga Elira Kokona e Korporat\u00ebs s\u00eb Investimeve Shqiptare, e cila pa nd\u00ebrtuar asnj\u00eb godin\u00eb, \u201czhvendosi\u201d n\u00eb at\u00eb adres\u00eb rreth 50 firma, me pronar\u00eb emra t\u00eb njohur, disa prej t\u00eb cil\u00ebve me dosje n\u00eb SPAK.<\/p>\n<p>S\u2019kishte si t\u00eb mungonte as G\u00ebzimi, i cili me njohjet apo bashk\u00ebpunimet q\u00eb kishte b\u00ebr\u00eb, hapi kompanin\u00eb \u201cCyberMind Labs\u201d. Ai e regjistroi n\u00eb QKB n\u00eb muajin n\u00ebntor t\u00eb vitit 2025. Adresa e kompanis\u00eb, sipas dokumenteve, \u00ebsht\u00eb n\u00eb \u201cShijak, Durana Tech Park, rruga Ahmet Zogu, Nj\u00ebsia Administrative Xhafzotaj\u201d.Objekti i kompanis\u00eb \u00ebsht\u00eb krijimi dhe funksionimi i laborator\u00ebve t\u00eb k\u00ebrkimit dhe zhvillimit n\u00eb fushat ICT, AI, ML, IoT, digjitalizim dhe siguri kibernetike.<\/p>\n<p>N\u00eb t\u00eb nj\u00ebjt\u00ebn koh\u00eb, n\u00ebntor 2025, G\u00ebzim Hoxha hapi nj\u00eb tjet\u00ebr kompani guask\u00eb apo fiktive me adres\u00eb n\u00eb Xhafzotaj, duke e quajtur \u201cBox Artificial Logic\u201d. Shkodrani duket se ka lindur \u201cme k\u00ebmish\u00eb\u201d, pasi me nj\u00eb l\u00ebvizje arriti q\u00eb t\u00eb regjistroj\u00eb dy firma me \u201cbekimin\u201d e Elira Kokon\u00ebs, e cila n\u00eb k\u00ebmbim i falte taksat, dividentin apo leht\u00ebsi doganore.<\/p>\n<p>Nj\u00eb skem\u00eb e mir\u00ebfillt\u00eb p\u00ebr t\u00eb pastruar parat\u00eb e marra nga tenderat sekret\u00eb, ku ende sot e k\u00ebsaj dite nuk dihen me sakt\u00ebsi se sa para ka marr\u00eb n\u00eb total G\u00ebzim Hoxha, apo njer\u00ebzit q\u00eb fshihen pas tij.\/\u00a0<a href=\"https:\/\/www.voxnews.al\/fokus\/thellohet-skandali-vellai-gezim-hoxha-i-ambasadorit-shqiptar-ne-be-ferit-h-i108229?fbclid=IwdGRzaAPWU7VjbGNrA9ZTjWV4dG4DYWVtAjExAHNydGMGYXBwX2lkDDM1MDY4NTUzMTcyOAABHsGVKc3OV-E_mIRehtR6HMAcC3L7xGyCzsKJwE8I5mLreZsP7Dcars_yEtjb_aem_PRso30clRJ3I6CwlzULB7A&amp;sfnsn=wa\" target=\"_blank\" rel=\"noopener\">VoxNews<\/a><\/p>\n","protected":false},"excerpt":{"rendered":"<p>\u00c7udit\u00eb n\u00eb k\u00ebt\u00eb vendin ton\u00eb t\u00eb vog\u00ebl s\u2019kan\u00eb t\u00eb sosur, pasi nga nj\u00ebra an\u00eb nj\u00eb v\u00eblla hetohet dhe b\u00ebn pjes\u00eb n\u00eb grupin kriminal q\u00eb zhvati shtetin me dhjet\u00ebra miliona euro dhe nga ana tjet\u00ebr, v\u00ebllai tjet\u00ebr \u00ebsht\u00eb p\u00ebrfaq\u00ebsuesi kryesor i Shqip\u00ebris\u00eb pran\u00eb institucioneve t\u00eb Bashkimit Europian. B\u00ebhet fjal\u00eb p\u00ebr G\u00ebzim dhe Ferit Hoxh\u00ebn, ku G\u00ebzimi &hellip;<\/p>\n","protected":false},"author":4,"featured_media":133610,"comment_status":"closed","ping_status":"closed","sticky":false,"template":"","format":"standard","meta":{"footnotes":""},"categories":[37],"tags":[],"class_list":["post-133609","post","type-post","status-publish","format-standard","has-post-thumbnail","","category-politike"],"_links":{"self":[{"href":"https:\/\/rdnews.al\/index.php\/wp-json\/wp\/v2\/posts\/133609","targetHints":{"allow":["GET"]}}],"collection":[{"href":"https:\/\/rdnews.al\/index.php\/wp-json\/wp\/v2\/posts"}],"about":[{"href":"https:\/\/rdnews.al\/index.php\/wp-json\/wp\/v2\/types\/post"}],"author":[{"embeddable":true,"href":"https:\/\/rdnews.al\/index.php\/wp-json\/wp\/v2\/users\/4"}],"replies":[{"embeddable":true,"href":"https:\/\/rdnews.al\/index.php\/wp-json\/wp\/v2\/comments?post=133609"}],"version-history":[{"count":1,"href":"https:\/\/rdnews.al\/index.php\/wp-json\/wp\/v2\/posts\/133609\/revisions"}],"predecessor-version":[{"id":133611,"href":"https:\/\/rdnews.al\/index.php\/wp-json\/wp\/v2\/posts\/133609\/revisions\/133611"}],"wp:featuredmedia":[{"embeddable":true,"href":"https:\/\/rdnews.al\/index.php\/wp-json\/wp\/v2\/media\/133610"}],"wp:attachment":[{"href":"https:\/\/rdnews.al\/index.php\/wp-json\/wp\/v2\/media?parent=133609"}],"wp:term":[{"taxonomy":"category","embeddable":true,"href":"https:\/\/rdnews.al\/index.php\/wp-json\/wp\/v2\/categories?post=133609"},{"taxonomy":"post_tag","embeddable":true,"href":"https:\/\/rdnews.al\/index.php\/wp-json\/wp\/v2\/tags?post=133609"}],"curies":[{"name":"wp","href":"https:\/\/api.w.org\/{rel}","templated":true}]}}