{"id":133619,"date":"2026-01-16T12:06:08","date_gmt":"2026-01-16T12:06:08","guid":{"rendered":"https:\/\/rdnews.al\/?p=133619"},"modified":"2026-01-16T12:06:08","modified_gmt":"2026-01-16T12:06:08","slug":"hakerimi-i-spak-berisha-arnold-rrokaj-raportonte-direkt-te-rama-kerkoj-doreheqjen-e-menjehershme-te-kryeministrit","status":"publish","type":"post","link":"https:\/\/rdnews.al\/index.php\/2026\/01\/16\/hakerimi-i-spak-berisha-arnold-rrokaj-raportonte-direkt-te-rama-kerkoj-doreheqjen-e-menjehershme-te-kryeministrit\/","title":{"rendered":"Hakerimi i SPAK\/ Berisha: Arnold Rrokaj raportonte direkt te Rama! K\u00ebrkoj dor\u00ebheqjen e menj\u00ebhershme t\u00eb kryeministrit"},"content":{"rendered":"<p>Kryetari i PD, Sali Berisha, n\u00eb nj\u00eb deklarat\u00eb p\u00ebr mediat tha se, hakerimi i SPAK p\u00ebrb\u00ebn nj\u00eb nga krimet m\u00eb t\u00eb r\u00ebnda ndaj drejt\u00ebsis\u00eb, duke akuzuar drejtp\u00ebrdrejt kryeministrin Edi Rama p\u00ebr implikim t\u00eb plot\u00eb n\u00eb k\u00ebt\u00eb ngjarje.<\/p>\n<p>Berisha tha se, sipas fakteve t\u00eb dala, Arnold Rrokaj raportonte drejtp\u00ebrdrejt te kryeministri, duke e cil\u00ebsuar k\u00ebt\u00eb si prov\u00eb t\u00eb p\u00ebrfshirjes s\u00eb kreut t\u00eb qeveris\u00eb dhe k\u00ebrkoi dor\u00ebheqjen e tij t\u00eb menj\u00ebhershme.<\/p>\n<p><strong>Berisha:<\/strong> Pra, besoj se edhe un\u00eb e kam denoncuar pa pasur asnj\u00eb dokument, dhe u kam deklaruar k\u00ebtu se p\u00ebrfitues nga hakerimi ka qen\u00eb Edi Rama, nj\u00eb gjykat\u00ebs, Ergys Agasi dhe e kam list\u00ebn aty se kush kan\u00eb qen\u00eb porosit\u00ebsit e tyre.<\/p>\n<p>Tani del fakt, nuk ka asnj\u00eb r\u00ebnd\u00ebsi, se Arnold Rrokaj do t\u2019i raportonte direkt Ram\u00ebs.<\/p>\n<p>Pra kishte numrin e kryeministrit dhe do i jepte sihariqin e par\u00eb atij p\u00ebr faqet q\u00eb kishin hakeruar.<\/p>\n<p>Ky p\u00ebrb\u00ebn nj\u00eb nga krimet m\u00eb t\u00eb sh\u00ebmtuara dhe m\u00eb t\u00eb r\u00ebnda.<\/p>\n<p>Ky \u00ebsht\u00eb implikim madhor i Edi Ram\u00ebs dhe un\u00eb k\u00ebrkoj dor\u00ebheqjen e tij urgjente.<\/p>\n<p>T\u00eb dashur qytetare dhe qytetar\u00eb, shikoni pra se si kreu i organizat\u00ebs kriminale t\u00eb ekzekutivit shqiptar k\u00ebrkonte t\u00eb vidhte dokumentet sekrete t\u00eb hetimit vet\u00ebm e vet\u00ebm q\u00eb t\u00eb mund t\u00eb kontrollonte k\u00ebt\u00eb proces n\u00eb m\u00ebnyrat e tij.<\/p>\n<p>E d\u00ebnoj me ashp\u00ebrsin\u00eb m\u00eb t\u00eb madhe k\u00ebt\u00eb akt kriminal.<\/p>\n<p>Edhe nj\u00ebher\u00eb k\u00ebrkoj largimin e menj\u00ebhersh\u00ebm nga detyra t\u00eb kryeministrit.<\/p>\n<p>Sikund\u00ebr u b\u00ebj thirrje shqiptar\u00ebve t\u00eb marrin n\u00eb dor\u00eb fatet e ligjit dhe Kushtetut\u00ebs n\u00eb k\u00ebt\u00eb vend sepse Edi Rama po k\u00ebrkon t\u2019i shkelmoj\u00eb, t\u2019i n\u00ebn\u00e7moj\u00eb, t\u2019i p\u00ebrdor\u00eb ato p\u00ebr q\u00ebllime krejt\u00ebsisht kriminale t\u00eb vetat.<\/p>\n","protected":false},"excerpt":{"rendered":"<p>Kryetari i PD, Sali Berisha, n\u00eb nj\u00eb deklarat\u00eb p\u00ebr mediat tha se, hakerimi i SPAK p\u00ebrb\u00ebn nj\u00eb nga krimet m\u00eb t\u00eb r\u00ebnda ndaj drejt\u00ebsis\u00eb, duke akuzuar drejtp\u00ebrdrejt kryeministrin Edi Rama p\u00ebr implikim t\u00eb plot\u00eb n\u00eb k\u00ebt\u00eb ngjarje. Berisha tha se, sipas fakteve t\u00eb dala, Arnold Rrokaj raportonte drejtp\u00ebrdrejt te kryeministri, duke e cil\u00ebsuar k\u00ebt\u00eb si &hellip;<\/p>\n","protected":false},"author":4,"featured_media":133620,"comment_status":"closed","ping_status":"closed","sticky":false,"template":"","format":"standard","meta":{"footnotes":""},"categories":[37],"tags":[],"class_list":["post-133619","post","type-post","status-publish","format-standard","has-post-thumbnail","","category-politike"],"_links":{"self":[{"href":"https:\/\/rdnews.al\/index.php\/wp-json\/wp\/v2\/posts\/133619","targetHints":{"allow":["GET"]}}],"collection":[{"href":"https:\/\/rdnews.al\/index.php\/wp-json\/wp\/v2\/posts"}],"about":[{"href":"https:\/\/rdnews.al\/index.php\/wp-json\/wp\/v2\/types\/post"}],"author":[{"embeddable":true,"href":"https:\/\/rdnews.al\/index.php\/wp-json\/wp\/v2\/users\/4"}],"replies":[{"embeddable":true,"href":"https:\/\/rdnews.al\/index.php\/wp-json\/wp\/v2\/comments?post=133619"}],"version-history":[{"count":1,"href":"https:\/\/rdnews.al\/index.php\/wp-json\/wp\/v2\/posts\/133619\/revisions"}],"predecessor-version":[{"id":133621,"href":"https:\/\/rdnews.al\/index.php\/wp-json\/wp\/v2\/posts\/133619\/revisions\/133621"}],"wp:featuredmedia":[{"embeddable":true,"href":"https:\/\/rdnews.al\/index.php\/wp-json\/wp\/v2\/media\/133620"}],"wp:attachment":[{"href":"https:\/\/rdnews.al\/index.php\/wp-json\/wp\/v2\/media?parent=133619"}],"wp:term":[{"taxonomy":"category","embeddable":true,"href":"https:\/\/rdnews.al\/index.php\/wp-json\/wp\/v2\/categories?post=133619"},{"taxonomy":"post_tag","embeddable":true,"href":"https:\/\/rdnews.al\/index.php\/wp-json\/wp\/v2\/tags?post=133619"}],"curies":[{"name":"wp","href":"https:\/\/api.w.org\/{rel}","templated":true}]}}