{"id":133660,"date":"2026-01-16T17:21:05","date_gmt":"2026-01-16T17:21:05","guid":{"rendered":"https:\/\/rdnews.al\/?p=133660"},"modified":"2026-01-16T17:21:26","modified_gmt":"2026-01-16T17:21:26","slug":"berisha-primaret-jane-rruga-qe-anetaresia-e-pd-te-flase-te-riorganizojme-strukturat-nga-grup-seksioni-ne-dege","status":"publish","type":"post","link":"https:\/\/rdnews.al\/index.php\/2026\/01\/16\/berisha-primaret-jane-rruga-qe-anetaresia-e-pd-te-flase-te-riorganizojme-strukturat-nga-grup-seksioni-ne-dege\/","title":{"rendered":"Primaret jan\u00eb rruga q\u00eb an\u00ebtar\u00ebsia e PD t\u00eb flas\u00eb! T\u00eb riorganizojm\u00eb strukturat nga grup seksioni n\u00eb deg\u00eb"},"content":{"rendered":"<p>Kryetari i PD, Sali Berisha, n\u00eb fjal\u00ebn e mbajtur gjat\u00eb takimit me kryetar\u00ebt e deg\u00ebve dhe sekretar\u00ebt, b\u00ebri t\u00eb ditur se, nuk do t\u00eb hiqet dor\u00eb nga primaret. Sipas tij, k\u00ebto jan\u00eb rruga se si an\u00ebtar\u00ebsia flet, pasi primaret jan\u00eb nj\u00eb standard baz\u00eb p\u00ebr demokracin\u00eb e brendshme.<\/p>\n<p>Berisha u shpreh se, duhet q\u00eb t\u00eb riorganizohen strukturat e PD nga grup seksioni deri n\u00eb deg\u00eb, listat e an\u00ebtar\u00ebsis\u00eb t\u00eb jen\u00eb t\u00eb sakta.<\/p>\n<p><strong>Berisha: <\/strong>Zot\u00ebrinj, zonja, primaret jan\u00eb rruga e vetme p\u00ebr t\u00eb pyetur an\u00ebtar\u00ebsin\u00eb ton\u00eb, q\u00eb an\u00ebtar\u00ebsia jon\u00eb t\u00eb flas\u00eb me vot\u00eb. An\u00ebtar\u00ebsia jon\u00eb duhet t\u00eb flas\u00eb me vot\u00eb, si\u00e7 ka folur.<\/p>\n<p>Por n\u00eb qoft\u00eb se n\u00eb primaret, pa diskutim q\u00eb ka patur probleme, hajde t&#8217;i studiojm\u00eb dhe t&#8217;i p\u00ebrmir\u00ebsojm\u00eb primaret, bashk\u00ebrisht. Urdh\u00ebroni t&#8217;i analizojm\u00eb dhe t\u00eb korrigjojm\u00eb. Po dor\u00eb ne p\u00ebr t\u00eb marr\u00eb, p\u00ebr t\u00eb b\u00ebr\u00eb t\u00eb flas\u00eb an\u00ebtar\u00ebsia jon\u00eb, nuk heqim. Ajo do flas\u00eb. Do flas\u00eb se \u00ebsht\u00eb nj\u00eb standard baz\u00eb demokratik.<\/p>\n<p>Por q\u00eb ajo t\u00eb flas\u00eb, \u00ebsht\u00eb e domosdoshme t&#8217;i kemi regjistrat t\u00eb v\u00ebrtet\u00eb, t\u00eb rregullt. T&#8217;i kemi regjistrat t\u00eb rregullt. Dhe regjistrat n\u00eb rregull i kemi vet\u00ebm at\u00ebher\u00eb kur ju, kryetar\u00ebt, sekretar\u00ebt e deg\u00ebve dhe kryesit\u00eb, t\u00eb angazhohen me seriozitetin m\u00eb t\u00eb madh n\u00eb k\u00ebto, t\u00eb b\u00ebni regjistrat.<\/p>\n<p>Partia Demokratike n\u00eb qend\u00ebr ka zero pun\u00eb me regjistrat tuaja, me listat tuaja. Listat, si\u00e7 keni marr\u00eb udh\u00ebzimin apo do e merrni, do t\u00eb jen\u00eb t\u00ebr\u00ebsisht atribut i kryesive t\u00eb deg\u00ebve t\u00eb Partis\u00eb Demokratike. Listat do t\u00eb jen\u00eb. Ndaj dhe hartimi i k\u00ebtyre listave, shp\u00ebrndarja e dokumenteve, jan\u00eb prodhuar dokumente, disa i kan\u00eb marr\u00eb, t\u00eb tjer\u00ebt do t&#8217;i marrin, shp\u00ebrndarja e dokumenteve \u00ebsht\u00eb detyr\u00eb thelb\u00ebsore.<\/p>\n<p>Ne nuk mund t\u00eb ecim as me rumore, as me hamendje. Ne do ecim me regjistra konkrete dhe me nj\u00eb, me nj\u00eb struktur\u00eb t\u00eb v\u00ebrtet\u00eb solide t\u00eb Partis\u00eb Demokratike. A kemi ne seksione n\u00eb let\u00ebr? Kemi me dhjet\u00ebra, me qindra. Po s&#8217;ka seksion aty ku s&#8217;ka fshat. Tani ju vet\u00eb, vet\u00eb e keni t\u00eb qart\u00eb k\u00ebt\u00eb, a kupton apo jo? S&#8217;ka seksion aty ku s&#8217;ka njer\u00ebz. Ndaj dhe tani \u00ebsht\u00eb koha, nuk e kemi b\u00ebr\u00eb ne k\u00ebt\u00eb sa duhet, a kupton apo jo?<\/p>\n<p>Se kemi patur problemet tona, kemi ne an\u00eb k\u00ebt\u00eb m\u00ebnyr\u00eb. Tani \u00ebsht\u00eb koha t&#8217;i kthehemi organizimit, organizimit, organizimit.<\/p>\n<p>Jemi parti e madhe. Edhe nj\u00eb her\u00eb jua them un\u00eb juve. Jemi parti e madhe se k\u00ebt\u00eb e kan\u00eb faktuar shum\u00eb mir\u00eb votimet tona. Jemi parti e madhe se k\u00ebt\u00eb e faktojn\u00eb dhe rezultatet.<\/p>\n<p>Por jemi partia m\u00eb e madhe e cila duhet tani t\u00eb v\u00ebrtetohet n\u00eb \u00e7do segment, n\u00eb \u00e7do zon\u00eb, n\u00eb \u00e7do terren. Ne jemi parti e terrenit. Terrenin ne e zot\u00ebrojm\u00eb kur t\u00eb kemi zot, kur t\u00eb kemi t\u00eb v\u00ebrtetuar partin\u00eb ton\u00eb se \u00ebsht\u00eb aty. An\u00ebtar\u00ebsin\u00eb ton\u00eb se \u00ebsht\u00eb aty.<\/p>\n<p>T\u00eb dim\u00eb seksionet, i kemi familje apo kemi m\u00eb shum\u00eb se familje? Edhe kjo. Mos u ngrini kund\u00ebr seksioneve, kund\u00ebr an\u00ebtar\u00ebve n\u00eb nj\u00eb familje. Jo, nuk jam un\u00eb p\u00ebr at\u00eb. Se jan\u00eb ata demokrat\u00eb jan\u00eb.<\/p>\n<p>Nuk \u00ebsht\u00eb, nuk \u00ebsht\u00eb faj pse i p\u00ebrket nj\u00eb familje, n\u00eb asnj\u00eb m\u00ebnyr\u00eb. Por aty ku \u00ebsht\u00eb nj\u00eb familje, t\u00eb p\u00ebrpiqemi dhe familje t\u00eb tjera.<\/p>\n<p>T\u00eb shohim ku ka mund\u00ebsi t\u00eb zgjerojm\u00eb si t\u00eb zgjerojm\u00eb an\u00ebtar\u00ebsin\u00eb. Pra, po t\u00eb m\u00eb pyesni mua, p\u00ebrve\u00e7 detyr\u00ebs s\u00eb par\u00eb, detyra e dyt\u00eb themelore \u00ebsht\u00eb kjo: organizim, organizim, organizim. Ne t\u00eb gjith\u00eb, kemi b\u00ebr\u00eb mbledhje ne me t\u00eb koordinator\u00ebt tuaj, kemi b\u00ebr\u00eb mbledhje me drejtuesit politik\u00eb, kemi b\u00ebr\u00eb mbledhje dhe me deputet\u00eb.<\/p>\n<p>T\u00eb gjith\u00eb energjia jon\u00eb do t\u00eb p\u00ebrqendrohet n\u00eb k\u00ebt\u00eb, ta quajm\u00eb si t\u00eb doni, por n\u00eb k\u00ebt\u00eb riorganizim t\u00eb partis\u00eb dhe mund t\u00eb ket\u00eb riorganizim, sepse q\u00eb tani kan\u00eb filluar t\u00eb ket\u00eb t\u00eb shprehen mendime p\u00ebr organizime t\u00eb ndryshme n\u00eb qytet, p\u00ebr, me nj\u00eb fjal\u00eb, jemi t\u00eb hapur ne p\u00ebr \u00e7do lloj vendimi.<\/p>\n<p>I regjistrojm\u00eb, i p\u00ebrshtatim n\u00eb statut, po nuk mund t\u00eb themi se sot ne, n\u00eb 2026-\u00ebn, pasi kan\u00eb emigruar mbi 1,300,000 shqiptar\u00eb, jemi ata q\u00eb ishim. Jo, nuk jemi m\u00eb ata q\u00eb ishim. \u00cbsht\u00eb tjet\u00ebr. \u00cbsht\u00eb tjet\u00ebr n\u00eb terren, \u00ebsht\u00eb tjet\u00ebr n\u00eb funksionalitet. Ndaj dhe t&#8217;i japim p\u00ebrgjigjen m\u00eb t\u00eb mir\u00eb, p\u00ebrgjigjen m\u00eb t\u00eb mir\u00eb, kryetar dhe sekretar, nuk keni detyr\u00eb m\u00eb t\u00eb r\u00ebnd\u00ebsishme sesa kjo. Duhet t\u00eb merrni t\u00eb krijoni grupet e pun\u00ebs t\u00eb listave.<\/p>\n<p>Ndarja e dokumenteve dhe listat nuk kan\u00eb kurr\u00eb q\u00ebllim p\u00ebrjashtimin e kujt. Jo. Pse? E dini vet\u00eb ju. N\u00eb votime jan\u00eb qindra an\u00ebtar\u00eb q\u00eb erdh\u00ebn dhe nuk votuan p\u00ebr shkak t\u00eb q\u00ebndrimeve, kritereve q\u00eb p\u00ebrcaktuam dhe ju i dini mir\u00eb dhe shum\u00eb nga ju i keni regjistruar emrat e tyre, un\u00eb nga ju i kam k\u00ebto.<\/p>\n<p>I keni regjistruar, s&#8217;voton se ka k\u00ebt\u00eb. Pra, duhet, duhet ta kuptojm\u00eb k\u00ebt\u00eb proces n\u00eb asnj\u00eb m\u00ebnyr\u00eb si p\u00ebrjashtues, por p\u00ebrkundrazi, urdh\u00ebro, ke af, plot\u00ebso formularin, ja t\u00eb jap formularin, merr dokumentin dhe je i mir\u00ebpritur. Po ama k\u00ebt\u00eb, k\u00ebt\u00eb detyrim do ta plot\u00ebsosh. Do plot\u00ebsosh formularin e, e dokumentit q\u00eb do marr\u00ebsh, merr dokumentin dhe je automatikisht n\u00eb list\u00eb. Je n\u00eb list\u00eb.<\/p>\n<p>Mos t\u00eb duket k\u00ebtu, mos t&#8217;i krijojm\u00eb kujt p\u00ebrshtypjen se me k\u00ebt\u00eb proces ne po shmangim, p\u00ebrkundrazi. Ata q\u00eb kan\u00eb an\u00ebtar\u00ebsi nga vitet &#8217;90 gjer\u00eb sot jan\u00eb t\u00eb vlefsh\u00ebm edhe jan\u00eb t\u00eb mir\u00ebpritur p\u00ebrve\u00e7 atyre q\u00eb kan\u00eb ngr\u00ebn\u00eb kafshat\u00ebn e turpit dhe kan\u00eb, shkojn\u00eb dhe votojn\u00eb me k\u00ebshilla socialiste apo punojn\u00eb p\u00ebr biznese t\u00eb tyre dhe jo p\u00ebr interesat e demokrat\u00ebve. Me ata jan\u00eb, nuk jan\u00eb, nuk jan\u00eb t\u00eb pakt\u00eb, s&#8217;jan\u00eb shum\u00eb p\u00ebr fat t\u00eb mir\u00eb, por kjo parti \u00ebsht\u00eb parti e idealeve dhe jo e interesave t\u00eb p\u00ebrziera, t\u00eb p\u00ebrziera t\u00eb k\u00ebtij apo atij.<\/p>\n<p>Ju fal\u00ebnderoj shum\u00eb!<\/p>\n","protected":false},"excerpt":{"rendered":"<p>Kryetari i PD, Sali Berisha, n\u00eb fjal\u00ebn e mbajtur gjat\u00eb takimit me kryetar\u00ebt e deg\u00ebve dhe sekretar\u00ebt, b\u00ebri t\u00eb ditur se, nuk do t\u00eb hiqet dor\u00eb nga primaret. Sipas tij, k\u00ebto jan\u00eb rruga se si an\u00ebtar\u00ebsia flet, pasi primaret jan\u00eb nj\u00eb standard baz\u00eb p\u00ebr demokracin\u00eb e brendshme. Berisha u shpreh se, duhet q\u00eb t\u00eb riorganizohen &hellip;<\/p>\n","protected":false},"author":4,"featured_media":133661,"comment_status":"closed","ping_status":"closed","sticky":false,"template":"","format":"standard","meta":{"footnotes":""},"categories":[37],"tags":[],"class_list":["post-133660","post","type-post","status-publish","format-standard","has-post-thumbnail","","category-politike"],"_links":{"self":[{"href":"https:\/\/rdnews.al\/index.php\/wp-json\/wp\/v2\/posts\/133660","targetHints":{"allow":["GET"]}}],"collection":[{"href":"https:\/\/rdnews.al\/index.php\/wp-json\/wp\/v2\/posts"}],"about":[{"href":"https:\/\/rdnews.al\/index.php\/wp-json\/wp\/v2\/types\/post"}],"author":[{"embeddable":true,"href":"https:\/\/rdnews.al\/index.php\/wp-json\/wp\/v2\/users\/4"}],"replies":[{"embeddable":true,"href":"https:\/\/rdnews.al\/index.php\/wp-json\/wp\/v2\/comments?post=133660"}],"version-history":[{"count":2,"href":"https:\/\/rdnews.al\/index.php\/wp-json\/wp\/v2\/posts\/133660\/revisions"}],"predecessor-version":[{"id":133663,"href":"https:\/\/rdnews.al\/index.php\/wp-json\/wp\/v2\/posts\/133660\/revisions\/133663"}],"wp:featuredmedia":[{"embeddable":true,"href":"https:\/\/rdnews.al\/index.php\/wp-json\/wp\/v2\/media\/133661"}],"wp:attachment":[{"href":"https:\/\/rdnews.al\/index.php\/wp-json\/wp\/v2\/media?parent=133660"}],"wp:term":[{"taxonomy":"category","embeddable":true,"href":"https:\/\/rdnews.al\/index.php\/wp-json\/wp\/v2\/categories?post=133660"},{"taxonomy":"post_tag","embeddable":true,"href":"https:\/\/rdnews.al\/index.php\/wp-json\/wp\/v2\/tags?post=133660"}],"curies":[{"name":"wp","href":"https:\/\/api.w.org\/{rel}","templated":true}]}}