{"id":133666,"date":"2026-01-16T17:30:43","date_gmt":"2026-01-16T17:30:43","guid":{"rendered":"https:\/\/rdnews.al\/?p=133666"},"modified":"2026-01-16T17:31:28","modified_gmt":"2026-01-16T17:31:28","slug":"imuniteti-i-ballukut-berisha-rama-po-perdor-deputetet-e-tij-per-ti-mbyllur-rrugen-drejtesise","status":"publish","type":"post","link":"https:\/\/rdnews.al\/index.php\/2026\/01\/16\/imuniteti-i-ballukut-berisha-rama-po-perdor-deputetet-e-tij-per-ti-mbyllur-rrugen-drejtesise\/","title":{"rendered":"Imuniteti i Ballukut, Berisha: Rama po p\u00ebrdor deputet\u00ebt p\u00ebr t\u2019i mbyllur rrug\u00ebn drejt\u00ebsis\u00eb!"},"content":{"rendered":"<p>Kryetari i Partis\u00eb Demokratike, Sali Berisha, tha se Edi Rama po shfryt\u00ebzon 83 mandatet n\u00eb Kuvend p\u00ebr t\u00eb mbyllur rrug\u00ebn e hetimeve ndaj Belinda Ballukut dhe p\u00ebr t\u00eb ushtruar presion mbi institucionet e drejt\u00ebsis\u00eb<\/p>\n<p>Gjat\u00eb nj\u00eb takimi me kryetar\u00ebt e deg\u00ebve t\u00eb PD n\u00eb rrethe, Berisha tha se, zhvillimet e fundit kan\u00eb treguar se premtimet p\u00ebr reform\u00ebn n\u00eb drejt\u00ebsi kan\u00eb qen\u00eb vet\u00ebm propagand\u00eb.<\/p>\n<p>Ai deklaroi se n\u00eb momentin kur emri i Ballukut u p\u00ebrmend n\u00eb nj\u00eb dosje hetimore, kryeministri reagoi duke sulmuar drejt\u00ebsin\u00eb dhe duke p\u00ebrdorur shumic\u00ebn parlamentare p\u00ebr ta bllokuar at\u00eb.<\/p>\n<p>\u201cJeni d\u00ebshmitar\u00eb t\u00eb disa zhvillimeve t\u00eb fundit q\u00eb i hoq\u00ebn cdo mask\u00eb, njeriut q\u00eb sh\u00ebtiste nga samiti n\u00eb samit, nga studio televizive n\u00eb studio duke u mburrur p\u00ebr reform\u00ebn n\u00eb drejt\u00ebsi.<\/p>\n<p>Njeriu q\u00eb me k\u00ebt\u00eb flamur d\u00ebrd\u00eblliste n\u00eb \u00e7do takim dhe \u00e7do samit del tani se ska asnj\u00eb norm\u00eb, asnj\u00eb parim dhe princip.<\/p>\n<p>Dhe se q\u00eb n\u00eb momentin kur n\u00eb nj\u00eb dosje 2 jan\u00eb p\u00ebr t\u00eb dhe nj\u00eb p\u00ebr lubi Ballukun ai p\u00ebrdor t\u00eb gjith\u00eb pushtetin e krimit t\u00eb tij, 83 mandatet e krimit p\u00ebr ti mbyllur rrug\u00ebn drejt\u00ebsis\u00eb, p\u00ebr t\u00eb b\u00ebr\u00eb grusht shteti me parlament p\u00ebr t\u00eb asgj\u00ebsuar parlamentin e drejt\u00ebsis\u00eb, k\u00ebto q\u00eb keni d\u00ebgjuar jan\u00eb maja e ajsbergut\u201d, tha Berisha.<\/p>\n","protected":false},"excerpt":{"rendered":"<p>Kryetari i Partis\u00eb Demokratike, Sali Berisha, tha se Edi Rama po shfryt\u00ebzon 83 mandatet n\u00eb Kuvend p\u00ebr t\u00eb mbyllur rrug\u00ebn e hetimeve ndaj Belinda Ballukut dhe p\u00ebr t\u00eb ushtruar presion mbi institucionet e drejt\u00ebsis\u00eb Gjat\u00eb nj\u00eb takimi me kryetar\u00ebt e deg\u00ebve t\u00eb PD n\u00eb rrethe, Berisha tha se, zhvillimet e fundit kan\u00eb treguar se premtimet &hellip;<\/p>\n","protected":false},"author":4,"featured_media":129075,"comment_status":"closed","ping_status":"closed","sticky":false,"template":"","format":"standard","meta":{"footnotes":""},"categories":[37],"tags":[],"class_list":["post-133666","post","type-post","status-publish","format-standard","has-post-thumbnail","","category-politike"],"_links":{"self":[{"href":"https:\/\/rdnews.al\/index.php\/wp-json\/wp\/v2\/posts\/133666","targetHints":{"allow":["GET"]}}],"collection":[{"href":"https:\/\/rdnews.al\/index.php\/wp-json\/wp\/v2\/posts"}],"about":[{"href":"https:\/\/rdnews.al\/index.php\/wp-json\/wp\/v2\/types\/post"}],"author":[{"embeddable":true,"href":"https:\/\/rdnews.al\/index.php\/wp-json\/wp\/v2\/users\/4"}],"replies":[{"embeddable":true,"href":"https:\/\/rdnews.al\/index.php\/wp-json\/wp\/v2\/comments?post=133666"}],"version-history":[{"count":3,"href":"https:\/\/rdnews.al\/index.php\/wp-json\/wp\/v2\/posts\/133666\/revisions"}],"predecessor-version":[{"id":133669,"href":"https:\/\/rdnews.al\/index.php\/wp-json\/wp\/v2\/posts\/133666\/revisions\/133669"}],"wp:featuredmedia":[{"embeddable":true,"href":"https:\/\/rdnews.al\/index.php\/wp-json\/wp\/v2\/media\/129075"}],"wp:attachment":[{"href":"https:\/\/rdnews.al\/index.php\/wp-json\/wp\/v2\/media?parent=133666"}],"wp:term":[{"taxonomy":"category","embeddable":true,"href":"https:\/\/rdnews.al\/index.php\/wp-json\/wp\/v2\/categories?post=133666"},{"taxonomy":"post_tag","embeddable":true,"href":"https:\/\/rdnews.al\/index.php\/wp-json\/wp\/v2\/tags?post=133666"}],"curies":[{"name":"wp","href":"https:\/\/api.w.org\/{rel}","templated":true}]}}