{"id":133704,"date":"2026-01-17T09:37:01","date_gmt":"2026-01-17T09:37:01","guid":{"rendered":"https:\/\/rdnews.al\/?p=133704"},"modified":"2026-01-17T09:37:01","modified_gmt":"2026-01-17T09:37:01","slug":"dita-e-perkujtimit-te-gjenocidit-ndaj-shqiptareve-ne-kosove","status":"publish","type":"post","link":"https:\/\/rdnews.al\/index.php\/2026\/01\/17\/dita-e-perkujtimit-te-gjenocidit-ndaj-shqiptareve-ne-kosove\/","title":{"rendered":"Dita e P\u00ebrkujtimit t\u00eb Gjenocidit ndaj Shqiptar\u00ebve n\u00eb Kosov\u00eb!"},"content":{"rendered":"<p><em><strong>Nga Bujar Leskaj<\/strong><\/em><\/p>\n<p><img loading=\"lazy\" decoding=\"async\" class=\"alignnone  wp-image-88333\" src=\"https:\/\/rdnews.al\/wp-content\/uploads\/2024\/09\/Leskaj-1-300x159.jpg\" alt=\"\" width=\"280\" height=\"148\" srcset=\"https:\/\/rdnews.al\/wp-content\/uploads\/2024\/09\/Leskaj-1-300x159.jpg 300w, https:\/\/rdnews.al\/wp-content\/uploads\/2024\/09\/Leskaj-1-310x165.jpg 310w, https:\/\/rdnews.al\/wp-content\/uploads\/2024\/09\/Leskaj-1.jpg 699w\" sizes=\"auto, (max-width: 280px) 100vw, 280px\" \/><\/p>\n<p>15 janari \u00ebsht\u00eb Dita e P\u00ebrkujtimit t\u00eb Gjenocidit ndaj Shqiptar\u00ebve n\u00eb Kosov\u00eb!<br \/>\nSot, 15 janar, mbushen 27 vjet q\u00eb kur forcat policore, ushtarake dhe paramilitare serbe kryen nj\u00ebr\u00ebn nga masakrat m\u00eb t\u00eb dhimbshme kund\u00ebr popullit t\u00eb Kosov\u00ebs dhe njer\u00ebzimit n\u00eb Re\u00e7ak.<br \/>\nHistoria e Kosov\u00ebs s\u00eb pavarur nuk mund t\u00eb shkruhet pa Re\u00e7akun, ashtu si nuk mund t\u00eb shkruhet pa Prekazin, Gjakov\u00ebn e shum\u00eb fshatra e qytete t\u00eb tjera t\u00eb Kosov\u00ebs, t\u00eb cilat njoh\u00ebn mbi 400 masakra, qindra mij\u00ebra t\u00eb vrar\u00eb, t\u00eb plagosur, t\u00eb dhunuar e t\u00eb d\u00ebbuar nga trojet e tyre gjat\u00eb viteve 1998 dhe 1999.<br \/>\nMasakra e Re\u00e7akut ishte ngjarja ku bota p\u00ebrfundimisht pa dhe kuptoi fytyr\u00ebn e regjimit t\u00eb Milloshevi\u00e7it, barbarin\u00eb dhe gjenocidin serb n\u00eb Kosov\u00eb.<br \/>\nIshte masakra, e cila detyroi bot\u00ebn per\u00ebndimore t\u00eb p\u00ebrshpejtonte nd\u00ebrhyrjen p\u00ebr t&#8217;i dh\u00ebn\u00eb fund gjenocidit serb.<br \/>\nN\u00eb 15 Janar 1999, n\u00eb Re\u00e7ak u vran\u00eb e u masakruan 45 shqiptar\u00eb t\u00eb pafajsh\u00ebm e t\u00eb paarmatosur.<br \/>\nSerbia n\u00eb Kosov\u00eb ka kryer masakra t\u00eb shumta gjat\u00eb viteve 1998 dhe 1999, por Masakra e Re\u00e7akut u d\u00ebshmua nga misioni i OSBE-s\u00eb n\u00eb Kosov\u00eb, i cili denoncoi se n\u00eb Kosov\u00eb po ndodhte nj\u00eb krim kund\u00ebr njer\u00ebzimit, gj\u00eb q\u00eb shtyu bashk\u00ebsin\u00eb nd\u00ebrkomb\u00ebtare t\u00eb nd\u00ebrmerrte misionin ushtarak, pas t\u00eb cilit Kosova fitoi Pavar\u00ebsin\u00eb.<br \/>\nPik\u00ebrisht p\u00ebr k\u00ebt\u00eb i jemi e duhet t&#8217;i jemi p\u00ebrjet\u00ebsisht mir\u00ebnjoh\u00ebs aleat\u00ebve tan\u00eb, NATO-s dhe Per\u00ebndimit, t\u00eb cili i p\u00ebrkasim.<br \/>\nMasakra e Re\u00e7akut dhe gjenocidi serb n\u00eb Kosov\u00eb nuk duhen harruar, &#8220;&#8230;p\u00ebr hir t\u00eb s\u00eb ardhmes dhe Ballkanit t\u00eb hapur&#8230;&#8221;, p\u00ebrndryshe Historia do t\u00eb na gjykoj\u00eb e d\u00ebnoj\u00eb!<br \/>\nAq m\u00eb tep\u00ebr kur Beogradi nuk ka k\u00ebrkuar asnj\u00ebher\u00eb ndjes\u00eb p\u00ebr gjenocidin ndaj shqiptar\u00ebve t\u00eb Kosov\u00ebs!<\/p>\n<p><img decoding=\"async\" src=\"https:\/\/scontent.ftia9-1.fna.fbcdn.net\/v\/t39.30808-6\/615405821_1478243744302376_5982447739340417078_n.jpg?stp=dst-jpg_s590x590_tt6&amp;_nc_cat=106&amp;ccb=1-7&amp;_nc_sid=833d8c&amp;_nc_ohc=lXNFCdg5HyAQ7kNvwFZ6tC9&amp;_nc_oc=AdnqwVEsqoCJEfB0qxbbcFikicOsWwEK7-WmAXwFOLzWgRZsVoHRXri0NqnkbRCra3A&amp;_nc_zt=23&amp;_nc_ht=scontent.ftia9-1.fna&amp;_nc_gid=B618tXUBStJT-j465cNiuA&amp;oh=00_AfqofQT1cYPI6Smud042MduL1nIqufrETgUxnqWl5XIaIA&amp;oe=697129BA\" \/><\/p>\n<p><img decoding=\"async\" src=\"https:\/\/scontent.ftia9-1.fna.fbcdn.net\/v\/t39.30808-6\/615353117_1478243777635706_4683375788950215673_n.jpg?stp=dst-jpg_s590x590_tt6&amp;_nc_cat=100&amp;ccb=1-7&amp;_nc_sid=833d8c&amp;_nc_ohc=IZm0r3bykloQ7kNvwFIdIM-&amp;_nc_oc=AdnLxIlMwFnwR-0SP9Utvz2sULtinHz6Dv2tMUO7yk58VvErD4qxGqRTkc8NETa_Erg&amp;_nc_zt=23&amp;_nc_ht=scontent.ftia9-1.fna&amp;_nc_gid=B618tXUBStJT-j465cNiuA&amp;oh=00_AforrhCX2ohZZB7IMhydyKrZE1ldCm9dGYXiXEfFHlDeNA&amp;oe=69711AC6\" \/><\/p>\n","protected":false},"excerpt":{"rendered":"<p>Nga Bujar Leskaj 15 janari \u00ebsht\u00eb Dita e P\u00ebrkujtimit t\u00eb Gjenocidit ndaj Shqiptar\u00ebve n\u00eb Kosov\u00eb! Sot, 15 janar, mbushen 27 vjet q\u00eb kur forcat policore, ushtarake dhe paramilitare serbe kryen nj\u00ebr\u00ebn nga masakrat m\u00eb t\u00eb dhimbshme kund\u00ebr popullit t\u00eb Kosov\u00ebs dhe njer\u00ebzimit n\u00eb Re\u00e7ak. Historia e Kosov\u00ebs s\u00eb pavarur nuk mund t\u00eb shkruhet pa Re\u00e7akun, &hellip;<\/p>\n","protected":false},"author":4,"featured_media":133705,"comment_status":"closed","ping_status":"closed","sticky":false,"template":"","format":"standard","meta":{"footnotes":""},"categories":[37],"tags":[],"class_list":["post-133704","post","type-post","status-publish","format-standard","has-post-thumbnail","","category-politike"],"_links":{"self":[{"href":"https:\/\/rdnews.al\/index.php\/wp-json\/wp\/v2\/posts\/133704","targetHints":{"allow":["GET"]}}],"collection":[{"href":"https:\/\/rdnews.al\/index.php\/wp-json\/wp\/v2\/posts"}],"about":[{"href":"https:\/\/rdnews.al\/index.php\/wp-json\/wp\/v2\/types\/post"}],"author":[{"embeddable":true,"href":"https:\/\/rdnews.al\/index.php\/wp-json\/wp\/v2\/users\/4"}],"replies":[{"embeddable":true,"href":"https:\/\/rdnews.al\/index.php\/wp-json\/wp\/v2\/comments?post=133704"}],"version-history":[{"count":1,"href":"https:\/\/rdnews.al\/index.php\/wp-json\/wp\/v2\/posts\/133704\/revisions"}],"predecessor-version":[{"id":133706,"href":"https:\/\/rdnews.al\/index.php\/wp-json\/wp\/v2\/posts\/133704\/revisions\/133706"}],"wp:featuredmedia":[{"embeddable":true,"href":"https:\/\/rdnews.al\/index.php\/wp-json\/wp\/v2\/media\/133705"}],"wp:attachment":[{"href":"https:\/\/rdnews.al\/index.php\/wp-json\/wp\/v2\/media?parent=133704"}],"wp:term":[{"taxonomy":"category","embeddable":true,"href":"https:\/\/rdnews.al\/index.php\/wp-json\/wp\/v2\/categories?post=133704"},{"taxonomy":"post_tag","embeddable":true,"href":"https:\/\/rdnews.al\/index.php\/wp-json\/wp\/v2\/tags?post=133704"}],"curies":[{"name":"wp","href":"https:\/\/api.w.org\/{rel}","templated":true}]}}