{"id":133726,"date":"2026-01-17T11:29:44","date_gmt":"2026-01-17T11:29:44","guid":{"rendered":"https:\/\/rdnews.al\/?p=133726"},"modified":"2026-01-17T22:20:33","modified_gmt":"2026-01-17T22:20:33","slug":"berisha-ne-nuk-marrim-pushtet-me-dhune-nje-kryengritje-paqesore-eshte-jetike-per-fatin-e-shqiperise","status":"publish","type":"post","link":"https:\/\/rdnews.al\/index.php\/2026\/01\/17\/berisha-ne-nuk-marrim-pushtet-me-dhune-nje-kryengritje-paqesore-eshte-jetike-per-fatin-e-shqiperise\/","title":{"rendered":"Berisha: Ne nuk marrim pushtet me dhun\u00eb, nj\u00eb kryengritje paq\u00ebsore \u00ebsht\u00eb jetike p\u00ebr fatin e Shqip\u00ebris\u00eb!"},"content":{"rendered":"<p>Kryetari i PD, Sali Berisha tha se, opozita nuk synon marrjen e pushtetit me dhun\u00eb, por p\u00ebrmes nj\u00eb kryengritjeje t\u00eb zgjatur dhe paq\u00ebsore, t\u00eb cil\u00ebn ai e cil\u00ebson jetike dhe vendimtare p\u00ebr fatin e Shqip\u00ebris\u00eb.<\/p>\n<p>N\u00eb bashk\u00ebbisedimin me qytetar\u00ebt, ai deklaroi se largimi i mazhoranc\u00ebs aktuale mund t\u00eb arrihet vet\u00ebm p\u00ebrmes q\u00ebndres\u00ebs civile dhe mobilizimit t\u00eb gjer\u00eb opozitar, duke shtuar se PD po b\u00ebn p\u00ebrgatitjet p\u00ebr nj\u00eb l\u00ebvizje paq\u00ebsore q\u00eb, sipas tij, do t\u00eb \u00e7oj\u00eb n\u00eb shp\u00ebtimin e vendit nga ajo q\u00eb e quan nj\u00eb band\u00eb kriminale n\u00eb pushtet.<\/p>\n<p><strong>Fatos Do\u00e7i:<\/strong> P\u00ebrsh\u00ebndetje doktor, edhe sa do t\u00eb vazhdojm\u00eb ta trajtojm\u00eb k\u00ebt\u00eb band\u00eb kriminale n\u00eb m\u00ebnyr\u00eb paq\u00ebsore. Ne jemi PD apo jemi media q\u00eb merremi vet\u00ebm me denoncime, sepse iku dhe janari.<\/p>\n<p><strong>Sali Berisha:<\/strong> Pyetja juaj \u00ebsht\u00eb e drejt\u00eb. Ne jemi PD, do t\u00eb ndalemi k\u00ebtu. \u00c7far\u00eb do t\u00eb thot\u00eb kjo. Ne jemi partia q\u00eb nuk e kemi synuar kurr\u00eb pushtetin me dhun\u00eb, p\u00ebrkundrazi, kur k\u00ebta e kan\u00eb marr\u00eb me dhun\u00eb pushtetin ne i kemi p\u00ebrz\u00ebn\u00eb me vot\u00eb.<br \/>\nNe besojm\u00eb se me nj\u00eb kryengritje paq\u00ebsore t\u00eb q\u00ebndrueshme, \u00ebsht\u00eb plot\u00ebsisht e mundur largimi i tyre nga pushteti. Ndaj dhe duhet t\u00eb krijojm\u00eb nj\u00eb bindje t\u00eb gjer\u00eb, tek q\u00ebndrestar\u00ebt, opozitar\u00ebt, tek t\u00eb gjith\u00eb ata q\u00eb duan t\u00eb shp\u00ebtojn\u00eb Shqip\u00ebrin\u00eb nga kjo e keqe; se nj\u00eb kryengritje e zgjatur, paq\u00ebsore \u00ebsht\u00eb jetike dhe vendimtare p\u00ebr fatin e Shqip\u00ebris\u00eb, p\u00ebr shp\u00ebtimin nga kjo band\u00eb, organizat\u00eb kriminale t\u00eb vendit.<br \/>\nPo b\u00ebjm\u00eb p\u00ebrgatitjet tona dhe besojm\u00eb se shum\u00eb shpejt\u00eb qytetar\u00ebt, opozitar\u00ebt do t\u00eb jen\u00eb t\u00eb gatsh\u00ebm p\u00ebr k\u00ebt\u00eb akt, proces, l\u00ebvizje.<\/p>\n","protected":false},"excerpt":{"rendered":"<p>Kryetari i PD, Sali Berisha tha se, opozita nuk synon marrjen e pushtetit me dhun\u00eb, por p\u00ebrmes nj\u00eb kryengritjeje t\u00eb zgjatur dhe paq\u00ebsore, t\u00eb cil\u00ebn ai e cil\u00ebson jetike dhe vendimtare p\u00ebr fatin e Shqip\u00ebris\u00eb. N\u00eb bashk\u00ebbisedimin me qytetar\u00ebt, ai deklaroi se largimi i mazhoranc\u00ebs aktuale mund t\u00eb arrihet vet\u00ebm p\u00ebrmes q\u00ebndres\u00ebs civile dhe mobilizimit &hellip;<\/p>\n","protected":false},"author":4,"featured_media":133727,"comment_status":"closed","ping_status":"closed","sticky":false,"template":"","format":"standard","meta":{"footnotes":""},"categories":[134],"tags":[],"class_list":["post-133726","post","type-post","status-publish","format-standard","has-post-thumbnail","","category-news"],"_links":{"self":[{"href":"https:\/\/rdnews.al\/index.php\/wp-json\/wp\/v2\/posts\/133726","targetHints":{"allow":["GET"]}}],"collection":[{"href":"https:\/\/rdnews.al\/index.php\/wp-json\/wp\/v2\/posts"}],"about":[{"href":"https:\/\/rdnews.al\/index.php\/wp-json\/wp\/v2\/types\/post"}],"author":[{"embeddable":true,"href":"https:\/\/rdnews.al\/index.php\/wp-json\/wp\/v2\/users\/4"}],"replies":[{"embeddable":true,"href":"https:\/\/rdnews.al\/index.php\/wp-json\/wp\/v2\/comments?post=133726"}],"version-history":[{"count":1,"href":"https:\/\/rdnews.al\/index.php\/wp-json\/wp\/v2\/posts\/133726\/revisions"}],"predecessor-version":[{"id":133728,"href":"https:\/\/rdnews.al\/index.php\/wp-json\/wp\/v2\/posts\/133726\/revisions\/133728"}],"wp:featuredmedia":[{"embeddable":true,"href":"https:\/\/rdnews.al\/index.php\/wp-json\/wp\/v2\/media\/133727"}],"wp:attachment":[{"href":"https:\/\/rdnews.al\/index.php\/wp-json\/wp\/v2\/media?parent=133726"}],"wp:term":[{"taxonomy":"category","embeddable":true,"href":"https:\/\/rdnews.al\/index.php\/wp-json\/wp\/v2\/categories?post=133726"},{"taxonomy":"post_tag","embeddable":true,"href":"https:\/\/rdnews.al\/index.php\/wp-json\/wp\/v2\/tags?post=133726"}],"curies":[{"name":"wp","href":"https:\/\/api.w.org\/{rel}","templated":true}]}}