{"id":133732,"date":"2026-01-17T11:43:42","date_gmt":"2026-01-17T11:43:42","guid":{"rendered":"https:\/\/rdnews.al\/?p=133732"},"modified":"2026-01-17T11:45:17","modified_gmt":"2026-01-17T11:45:17","slug":"berisha-prokuroria-publike-europiane-te-hetojne-aferen-rama-mogherini-me-kampusin-ne-tirane","status":"publish","type":"post","link":"https:\/\/rdnews.al\/index.php\/2026\/01\/17\/berisha-prokuroria-publike-europiane-te-hetojne-aferen-rama-mogherini-me-kampusin-ne-tirane\/","title":{"rendered":"Berisha: Prokuroria publike Europiane t\u00eb hetojn\u00eb afer\u00ebn Rama-Mogherini me kampusin n\u00eb Tiran\u00eb!"},"content":{"rendered":"<p>Kryetari i PD, Sali Berisha i k\u00ebrkoi prokuroris\u00eb publike Europiane t\u00eb hetojn\u00eb afer\u00ebn Rama-Mogherini me kampusin n\u00eb Tiran\u00eb, \u00ebsht\u00eb 7-8 her\u00eb m\u00eb e madhe se ajo e Bryzhit.<\/p>\n<p>Ai deklaroi se sipas t\u00eb dh\u00ebnave paraprake, skandali \u00ebsht\u00eb 7-8 her\u00eb m\u00eb i madh se ai i Bryzhit, duke akuzuar kryeministrin Edi Rama dhe Frederica Mogherinin p\u00ebr nj\u00eb marr\u00ebveshje sekrete q\u00eb sipas tij ka lejuar p\u00ebrvet\u00ebsimin e tok\u00ebs s\u00eb student\u00ebve, n\u00eb d\u00ebm t\u00eb interesit publik dhe t\u00eb taksapaguesve shqiptar\u00eb dhe europian\u00eb.<\/p>\n<p><strong>Ejona Rusa:<\/strong> Kampusi i Universitetit t\u00eb Tiran\u00ebs do t\u00eb kaloj\u00eb n\u00eb Durr\u00ebs, sipas Ram\u00ebs. Kjo po ndodh n\u00eb nj\u00eb koh\u00eb kur kolegji i Mogherinit ka marr\u00eb tok\u00ebn e Universitetit Publik t\u00eb Tiran\u00ebs dhe kur kampusi i premtuar prej vitesh k\u00ebtu n\u00eb Tiran\u00eb, nuk po ngrihet. Cili \u00ebsht\u00eb q\u00ebndrimi juaj?<\/p>\n<p><strong>Sali Berisha:<\/strong> Q\u00ebndrimi yn\u00eb \u00ebsht\u00eb ky. Ne i b\u00ebjm\u00eb thirrje Komisionit Europian, prokuroris\u00eb publike Europiane, OLAFI-t dhe EuroJust t\u00eb hetojn\u00eb afer\u00ebn Mogherini n\u00eb Shqip\u00ebri, e cila sipas t\u00eb dh\u00ebnave tona paraprake \u00ebsht\u00eb t\u00eb pakt\u00ebn 7-8 her\u00eb m\u00eb e madhe se ajo e Bryzhit.<br \/>\nFrederica Mogherini lobistja e Edi Ram\u00ebs, ka nj\u00eb marr\u00ebveshje sekrete me Ram\u00ebn p\u00ebr kampusin e Kolegjit Europian, t\u00eb cil\u00ebn Edi Rama e mban sekret dhe nuk ja dha ndonj\u00ebher\u00eb parlamentit me t\u00eb cil\u00ebn k\u00ebta grabisnin tok\u00ebn e kampusit p\u00ebr student\u00ebt e Universitetit t\u00eb Tiran\u00ebs. Tok\u00eb e kadastruar dhe p\u00ebrcaktuar p\u00ebrfundimisht kampusin e student\u00ebve. P\u00ebr t\u00eb cilin \u00ebsht\u00eb b\u00ebr\u00eb dhe projekti. P\u00ebr t\u00eb cilin ishin p\u00ebrcaktuar dhe fondet dhe n\u00eb nj\u00eb marr\u00ebveshje korruptive t\u00eb plot\u00eb, k\u00ebt\u00eb tok\u00eb Edi Rama e grabit s\u00eb bashku me Mogherinin dhe nuk dihet se \u00e7far\u00eb fature kan\u00eb taksapaguesit shqiptar\u00eb dhe \u00e7far\u00eb fature kan\u00eb taks\u00ebpaguesit europian\u00eb.<br \/>\nPrandaj e garantoj Edi Ram\u00ebn se, pa nj\u00eb hetim t\u00eb plot\u00eb nga institucionet kompetente t\u00eb akuz\u00ebs s\u00eb BE-s\u00eb, asnj\u00eb lloj veprimi nuk do pranohet n\u00eb k\u00ebt\u00eb vend, dhe se historia e turpshme e korrupsioni Rama-Mogherini duhet t\u00eb sqarohet n\u00eb gjykat\u00eb.<\/p>\n","protected":false},"excerpt":{"rendered":"<p>Kryetari i PD, Sali Berisha i k\u00ebrkoi prokuroris\u00eb publike Europiane t\u00eb hetojn\u00eb afer\u00ebn Rama-Mogherini me kampusin n\u00eb Tiran\u00eb, \u00ebsht\u00eb 7-8 her\u00eb m\u00eb e madhe se ajo e Bryzhit. Ai deklaroi se sipas t\u00eb dh\u00ebnave paraprake, skandali \u00ebsht\u00eb 7-8 her\u00eb m\u00eb i madh se ai i Bryzhit, duke akuzuar kryeministrin Edi Rama dhe Frederica Mogherinin p\u00ebr &hellip;<\/p>\n","protected":false},"author":4,"featured_media":129989,"comment_status":"closed","ping_status":"closed","sticky":false,"template":"","format":"standard","meta":{"footnotes":""},"categories":[37],"tags":[],"class_list":["post-133732","post","type-post","status-publish","format-standard","has-post-thumbnail","","category-politike"],"_links":{"self":[{"href":"https:\/\/rdnews.al\/index.php\/wp-json\/wp\/v2\/posts\/133732","targetHints":{"allow":["GET"]}}],"collection":[{"href":"https:\/\/rdnews.al\/index.php\/wp-json\/wp\/v2\/posts"}],"about":[{"href":"https:\/\/rdnews.al\/index.php\/wp-json\/wp\/v2\/types\/post"}],"author":[{"embeddable":true,"href":"https:\/\/rdnews.al\/index.php\/wp-json\/wp\/v2\/users\/4"}],"replies":[{"embeddable":true,"href":"https:\/\/rdnews.al\/index.php\/wp-json\/wp\/v2\/comments?post=133732"}],"version-history":[{"count":1,"href":"https:\/\/rdnews.al\/index.php\/wp-json\/wp\/v2\/posts\/133732\/revisions"}],"predecessor-version":[{"id":133734,"href":"https:\/\/rdnews.al\/index.php\/wp-json\/wp\/v2\/posts\/133732\/revisions\/133734"}],"wp:featuredmedia":[{"embeddable":true,"href":"https:\/\/rdnews.al\/index.php\/wp-json\/wp\/v2\/media\/129989"}],"wp:attachment":[{"href":"https:\/\/rdnews.al\/index.php\/wp-json\/wp\/v2\/media?parent=133732"}],"wp:term":[{"taxonomy":"category","embeddable":true,"href":"https:\/\/rdnews.al\/index.php\/wp-json\/wp\/v2\/categories?post=133732"},{"taxonomy":"post_tag","embeddable":true,"href":"https:\/\/rdnews.al\/index.php\/wp-json\/wp\/v2\/tags?post=133732"}],"curies":[{"name":"wp","href":"https:\/\/api.w.org\/{rel}","templated":true}]}}