{"id":133737,"date":"2026-01-17T11:50:45","date_gmt":"2026-01-17T11:50:45","guid":{"rendered":"https:\/\/rdnews.al\/?p=133737"},"modified":"2026-01-17T11:50:45","modified_gmt":"2026-01-17T11:50:45","slug":"berisha-salianji-eshte-veteperjashtuar-ndarja-me-keta-njerez-nuk-na-dobeson-por-na-forcon","status":"publish","type":"post","link":"https:\/\/rdnews.al\/index.php\/2026\/01\/17\/berisha-salianji-eshte-veteperjashtuar-ndarja-me-keta-njerez-nuk-na-dobeson-por-na-forcon\/","title":{"rendered":"Berisha: Salianji \u00ebsht\u00eb vet\u00ebp\u00ebrjashtuar! Ndarja me k\u00ebta njer\u00ebz nuk na dob\u00ebson, por na forcon"},"content":{"rendered":"<p>Kryetari i PD, Sali Berisha, gjat\u00eb bashk\u00ebbisedimit me qytetar\u00ebt tha se, Salianji \u00ebsht\u00eb vet\u00ebp\u00ebrjashtuar nga Partia Demokratike dhe se ndarja me njer\u00ebz t\u00eb till\u00eb nuk e dob\u00ebson, por e forcon partin\u00eb.<\/p>\n<p>Ai theksoi se veprimet e tij jan\u00eb private dhe nuk lidhen me PD-n\u00eb, duke n\u00ebnvizuar se partia mbetet e hapur, por nuk lejon q\u00eb interesi personal i individ\u00ebve t\u00eb shfryt\u00ebzoj\u00eb organizat\u00ebn p\u00ebr q\u00ebllime t\u00eb paligjshme.<\/p>\n<p><strong>Arb\u00ebr Mitrushaj:<\/strong> Ftes\u00ebs s\u00eb Salianjit p\u00ebr foltore, si duhet t\u2019i p\u00ebrgjigjemi?<\/p>\n<p><strong>Sali Berisha:<\/strong> Salianjit t\u2019i p\u00ebrgjigjeni si nj\u00eb njeri q\u00eb ka p\u00ebrjashtuar veten nga PD.<br \/>\nI dashur Arb\u00ebr, as ti, as un\u00eb dhe asnj\u00eb njeri, asnj\u00eb njeri, nuk \u00ebsht\u00eb p\u00ebrgjegj\u00ebs p\u00ebr aktet e paligjshme ndaj atyre q\u00eb jan\u00eb p\u00ebrgjegj\u00ebs p\u00ebr aktet e tyre t\u00eb paligjshme.<br \/>\nNdaj atyre q\u00eb mbrojn\u00eb interesa t\u00eb paligjshme.<br \/>\nNuk ka asnj\u00eb p\u00ebrgjegj\u00ebsi.<br \/>\nNdaj dhe u garantoj q\u00eb ai ka vet\u00ebm interesa private, strikt private, t\u00eb faktuara me dokumente, ndaj dhe i \u00ebsht\u00eb th\u00ebn\u00eb an\u00ebtar\u00ebsis\u00eb se ai zot\u00ebria ka p\u00ebrjashtuar veten nga PD.<br \/>\nKemi nj\u00eb nen ne, neni 24 i statutit, kur kapesh n\u00eb shkelje flagrante t\u00eb tij, dhe t\u00eb detyrojn\u00eb pastaj t\u00eb sh\u00ebtis\u00ebsh posht\u00eb e p\u00ebrpjet\u00eb, ajo \u00ebsht\u00eb veprimtari private e jotja, nuk ka asnj\u00eb lidhje me PD-n\u00eb.<br \/>\nKjo \u00ebsht\u00eb p\u00ebrgjigjia ime p\u00ebr ju dhe \u00e7do demokrat.<br \/>\nMos harroni nj\u00eb gj\u00eb, opozitarizmi \u00ebsht\u00eb i v\u00ebshtir\u00eb, nuk \u00ebsht\u00eb i thjesht\u00eb, dhe t\u00eb mos mendoj\u00eb kush se ndarja me k\u00ebta njer\u00ebz, e d\u00ebmton PD-n\u00eb.<br \/>\nU garantoj se e forcon.<br \/>\nA e pat\u00eb tjetrin? Disa vrapojn\u00eb drejtora, disa vrapojn\u00eb andej, nuk na duhen ne \u00ebkta Arb\u00ebr, ata jan\u00eb mish i huaj n\u00eb opozit\u00eb.<br \/>\nAta nuk jan\u00eb opozitar\u00eb, jan\u00eb pseudoopozitar\u00eb.<br \/>\nNe duhet t\u00eb q\u00ebndrojm\u00eb parti e hapur pa asnj\u00eb m\u00ebdyshje, por kur\u00eb ndaj atyre q\u00eb interesave t\u00eb tyre personale p\u00ebrpiqen t\u00eb shfryt\u00ebzojn\u00eb partin\u00eb p\u00ebr t\u00eb avancuar interesa t\u00eb paligjshme apo veprimtari n\u00eb shkelje t\u00eb r\u00ebnda t\u00eb ligjeve.<br \/>\nJo, at\u00eb nuk e b\u00ebjm\u00eb ne.<br \/>\nNuk jemi ne avoket\u00ebr.<br \/>\nNe jemi parti e shtetit ligjor dhe i q\u00ebndrojm\u00eb asaj.<\/p>\n","protected":false},"excerpt":{"rendered":"<p>Kryetari i PD, Sali Berisha, gjat\u00eb bashk\u00ebbisedimit me qytetar\u00ebt tha se, Salianji \u00ebsht\u00eb vet\u00ebp\u00ebrjashtuar nga Partia Demokratike dhe se ndarja me njer\u00ebz t\u00eb till\u00eb nuk e dob\u00ebson, por e forcon partin\u00eb. Ai theksoi se veprimet e tij jan\u00eb private dhe nuk lidhen me PD-n\u00eb, duke n\u00ebnvizuar se partia mbetet e hapur, por nuk lejon q\u00eb &hellip;<\/p>\n","protected":false},"author":4,"featured_media":133738,"comment_status":"closed","ping_status":"closed","sticky":false,"template":"","format":"standard","meta":{"footnotes":""},"categories":[37],"tags":[],"class_list":["post-133737","post","type-post","status-publish","format-standard","has-post-thumbnail","","category-politike"],"_links":{"self":[{"href":"https:\/\/rdnews.al\/index.php\/wp-json\/wp\/v2\/posts\/133737","targetHints":{"allow":["GET"]}}],"collection":[{"href":"https:\/\/rdnews.al\/index.php\/wp-json\/wp\/v2\/posts"}],"about":[{"href":"https:\/\/rdnews.al\/index.php\/wp-json\/wp\/v2\/types\/post"}],"author":[{"embeddable":true,"href":"https:\/\/rdnews.al\/index.php\/wp-json\/wp\/v2\/users\/4"}],"replies":[{"embeddable":true,"href":"https:\/\/rdnews.al\/index.php\/wp-json\/wp\/v2\/comments?post=133737"}],"version-history":[{"count":1,"href":"https:\/\/rdnews.al\/index.php\/wp-json\/wp\/v2\/posts\/133737\/revisions"}],"predecessor-version":[{"id":133739,"href":"https:\/\/rdnews.al\/index.php\/wp-json\/wp\/v2\/posts\/133737\/revisions\/133739"}],"wp:featuredmedia":[{"embeddable":true,"href":"https:\/\/rdnews.al\/index.php\/wp-json\/wp\/v2\/media\/133738"}],"wp:attachment":[{"href":"https:\/\/rdnews.al\/index.php\/wp-json\/wp\/v2\/media?parent=133737"}],"wp:term":[{"taxonomy":"category","embeddable":true,"href":"https:\/\/rdnews.al\/index.php\/wp-json\/wp\/v2\/categories?post=133737"},{"taxonomy":"post_tag","embeddable":true,"href":"https:\/\/rdnews.al\/index.php\/wp-json\/wp\/v2\/tags?post=133737"}],"curies":[{"name":"wp","href":"https:\/\/api.w.org\/{rel}","templated":true}]}}