{"id":133776,"date":"2026-01-17T18:43:21","date_gmt":"2026-01-17T18:43:21","guid":{"rendered":"https:\/\/rdnews.al\/?p=133776"},"modified":"2026-01-17T18:43:21","modified_gmt":"2026-01-17T18:43:21","slug":"kellici-ne-24-janar-ne-shesh-deri-ne-rrezimin-e-kreut-te-narko-shtetit-te-pare-te-europes-edi-rama","status":"publish","type":"post","link":"https:\/\/rdnews.al\/index.php\/2026\/01\/17\/kellici-ne-24-janar-ne-shesh-deri-ne-rrezimin-e-kreut-te-narko-shtetit-te-pare-te-europes-edi-rama\/","title":{"rendered":"K\u00eblli\u00e7i: N\u00eb 24 janar n\u00eb shesh deri n\u00eb rr\u00ebzimin e kreut t\u00eb narko-shtetit t\u00eb par\u00eb t\u00eb Europ\u00ebs, Edi Rama"},"content":{"rendered":"<p>N\u00eb nj\u00eb takim me an\u00ebtar\u00ebt e PD n\u00eb zon\u00ebn e Laprak\u00ebs, deputeti i PD, Belind K\u00eblli\u00e7i u b\u00ebri thirrje demokrat\u00ebve t\u00eb bashkohen n\u00eb protest\u00ebn komb\u00ebtare t\u00eb 24 janarit, me synim rr\u00ebzimin e qeveris\u00eb s\u00eb kryeministrit Edi Rama. Duke folur para demokrat\u00ebve, pasditen e sotme i deleguari politik i qarkut t\u00eb Tiran\u00ebs\u00a0K\u00eblli\u00e7i theksoi se kjo protest\u00eb do t\u00eb jet\u00eb kulmi i nj\u00eb rezistence 13-vje\u00e7are kund\u00ebr asaj q\u00eb ai e cil\u00ebsoi si \u201cnarko-shtet\u201d.<\/p>\n<p>Gjat\u00eb fjal\u00ebs s\u00eb tij, ai vler\u00ebsoi lart q\u00ebndres\u00ebn e demokrat\u00ebve, duke i cil\u00ebsuar ata si\u00a0\u201cshp\u00ebtimtar\u00ebt e demokracis\u00eb n\u00eb Shqip\u00ebri\u201d.<\/p>\n<p>&nbsp;<\/p>\n<p><strong>Fjala e Belind K\u00eblli\u00e7it<\/strong><\/p>\n<p>Un\u00eb mendoj q\u00eb sot \u00e7do zyrtar i Partis\u00eb Demokratike, deputet apo funksionar, n\u00eb radh\u00eb t\u00eb par\u00eb, n\u00eb momentin e par\u00eb q\u00eb paraqitet para demokrat\u00ebve, do t\u00eb duhet ta nis\u00eb me nj\u00eb falenderim t\u00eb jasht\u00ebzakonsh\u00ebm p\u00ebr secilin prej jush, nj\u00eb nga nj\u00eb, p\u00ebr gjith\u00eb ju q\u00eb n\u00eb 13 vite me q\u00ebndres\u00ebn tuaj, jo vet\u00ebm shp\u00ebtuat Shqip\u00ebrin\u00eb nga fakti q\u00eb ishte nj\u00eb plan o zi p\u00ebr ta l\u00ebn\u00eb vendin pa opozit\u00eb, keni shp\u00ebtuar Partin\u00eb Demokratike, por mbi t\u00eb gjitha i keni q\u00ebndruar luajal dhe besnik p\u00ebrher\u00eb k\u00ebsaj force politike q\u00eb \u00ebsht\u00eb e vetmja forc\u00eb per\u00ebndimore, \u00a0e cila an\u00ebtar\u00ebsoi Shqip\u00ebrin\u00eb n\u00eb NATO, hoqi vizat dhe q\u00eb pa diskutim do t\u00eb an\u00ebtar\u00ebsoj\u00eb edhe Shqip\u00ebrin\u00eb s\u00eb bashku me ju n\u00eb Bashkimin Europian.<\/p>\n<p>Faleminderit t\u00eb gjith\u00ebve p\u00ebr pun\u00ebn, kontributin, lodhjen, sakrificat, v\u00ebshtir\u00ebsit\u00eb me t\u00eb cilat ju p\u00ebrballeni n\u00eb 13 vite. 13 vite goditje, represion, paligjshm\u00ebri, nd\u00ebshkim p\u00ebr k\u00ebdo q\u00eb nuk i n\u00ebnshtrohet Edi Ram\u00ebs dhe rregullat t\u00eb narko-shtetit t\u00eb tij.<\/p>\n<p>Sot \u00ebsht\u00eb dita q\u00eb ne t\u00eb flasim shum\u00eb pak dhe t\u00eb d\u00ebgjojm\u00eb shum\u00eb prej jush, se me eksperienc\u00ebn tuaj n\u00eb Partin\u00eb Demokratike dhe n\u00eb k\u00ebto vite, jam i bindur q\u00eb p\u00ebrher\u00eb zgjidhjet kur vijn\u00eb nga baza dhe propozohen nga baza, jan\u00eb zgjidhjet m\u00eb t\u00eb mira dhe p\u00ebr k\u00ebt\u00eb arsye, mos harroni q\u00eb dhe n\u00eb kuvendin e rithemelimit q\u00eb kemi b\u00ebr\u00eb s\u00eb bashku n\u00eb 2021-shin, me n\u00eb krye doktor Berish\u00ebn, q\u00eb fal\u00eb l\u00ebvizjes s\u00eb tij u shp\u00ebtua dhe Partia Demokratike dhe opozita, ne do ja dalim q\u00eb PD-n\u00eb ta kthejm\u00eb s\u00ebrish forc\u00eb fituese dhe forc\u00eb qeveris\u00ebse.<\/p>\n<p>Un\u00eb kam vet\u00ebm falenderime p\u00ebr ju, mir\u00ebnjohje t\u00eb pafundme dhe nj\u00eb th\u00ebnie q\u00eb dua t&#8217;ja rikujtoj q\u00eb \u00ebsht\u00eb p\u00ebrdorur shpesh n\u00eb per\u00ebndim. Q\u00eb fati favorizon guximtar\u00ebt. Ju jeni guximtar\u00eb, ju jeni heronj, ju jeni q\u00ebndrestar\u00eb, ju jeni shp\u00ebtimtar\u00ebt e demokracis\u00eb n\u00eb Shqip\u00ebri. Dhe jam i bindur q\u00eb p\u00ebrpos p\u00ebrgatitjes son\u00eb, p\u00ebrpos pun\u00ebs s\u00eb padiskutueshme, lodhjes tuaj, kontributit dhe sakrificave, edhe fati do t&#8217;i buz\u00ebqesh\u00eb Partis\u00eb Demokratike dhe gjith\u00eb Shqip\u00ebris\u00eb, p\u00ebr shkak se jeni ju n\u00eb krye, guximtar\u00ebt dhe heronjt\u00eb e k\u00ebtij vendi. Mir\u00ebnjohje pafund, faleminderit pafund. \u00a0Shihemi n\u00eb shesh n\u00eb dat\u00eb 24 janar, n\u00eb or\u00ebn 17:00, p\u00ebr t\u00eb mos ndalur deri n\u00eb rr\u00ebzimin e kreut t\u00eb narko-shtetit t\u00eb par\u00eb t\u00eb Europ\u00ebs, Edi Ram\u00ebs. Faleminderit, fitore, fitore, fitore.<\/p>\n<p>Pas fjalimit t\u00eb K\u00eblli\u00e7it, n\u00eb podium u ftua kryetari i Partis\u00eb Demokratike, Sali Berisha, i pritur me ovacione nga t\u00eb pranishmit.<\/p>\n","protected":false},"excerpt":{"rendered":"<p>N\u00eb nj\u00eb takim me an\u00ebtar\u00ebt e PD n\u00eb zon\u00ebn e Laprak\u00ebs, deputeti i PD, Belind K\u00eblli\u00e7i u b\u00ebri thirrje demokrat\u00ebve t\u00eb bashkohen n\u00eb protest\u00ebn komb\u00ebtare t\u00eb 24 janarit, me synim rr\u00ebzimin e qeveris\u00eb s\u00eb kryeministrit Edi Rama. Duke folur para demokrat\u00ebve, pasditen e sotme i deleguari politik i qarkut t\u00eb Tiran\u00ebs\u00a0K\u00eblli\u00e7i theksoi se kjo protest\u00eb &hellip;<\/p>\n","protected":false},"author":4,"featured_media":133777,"comment_status":"closed","ping_status":"closed","sticky":false,"template":"","format":"standard","meta":{"footnotes":""},"categories":[37],"tags":[],"class_list":["post-133776","post","type-post","status-publish","format-standard","has-post-thumbnail","","category-politike"],"_links":{"self":[{"href":"https:\/\/rdnews.al\/index.php\/wp-json\/wp\/v2\/posts\/133776","targetHints":{"allow":["GET"]}}],"collection":[{"href":"https:\/\/rdnews.al\/index.php\/wp-json\/wp\/v2\/posts"}],"about":[{"href":"https:\/\/rdnews.al\/index.php\/wp-json\/wp\/v2\/types\/post"}],"author":[{"embeddable":true,"href":"https:\/\/rdnews.al\/index.php\/wp-json\/wp\/v2\/users\/4"}],"replies":[{"embeddable":true,"href":"https:\/\/rdnews.al\/index.php\/wp-json\/wp\/v2\/comments?post=133776"}],"version-history":[{"count":1,"href":"https:\/\/rdnews.al\/index.php\/wp-json\/wp\/v2\/posts\/133776\/revisions"}],"predecessor-version":[{"id":133778,"href":"https:\/\/rdnews.al\/index.php\/wp-json\/wp\/v2\/posts\/133776\/revisions\/133778"}],"wp:featuredmedia":[{"embeddable":true,"href":"https:\/\/rdnews.al\/index.php\/wp-json\/wp\/v2\/media\/133777"}],"wp:attachment":[{"href":"https:\/\/rdnews.al\/index.php\/wp-json\/wp\/v2\/media?parent=133776"}],"wp:term":[{"taxonomy":"category","embeddable":true,"href":"https:\/\/rdnews.al\/index.php\/wp-json\/wp\/v2\/categories?post=133776"},{"taxonomy":"post_tag","embeddable":true,"href":"https:\/\/rdnews.al\/index.php\/wp-json\/wp\/v2\/tags?post=133776"}],"curies":[{"name":"wp","href":"https:\/\/api.w.org\/{rel}","templated":true}]}}