{"id":133797,"date":"2026-01-18T21:15:53","date_gmt":"2026-01-18T21:15:53","guid":{"rendered":"https:\/\/rdnews.al\/?p=133797"},"modified":"2026-01-18T21:15:53","modified_gmt":"2026-01-18T21:15:53","slug":"deklarata-e-berishes-shqiperia-do-te-clirohet-nga-narko-diktatura","status":"publish","type":"post","link":"https:\/\/rdnews.al\/index.php\/2026\/01\/18\/deklarata-e-berishes-shqiperia-do-te-clirohet-nga-narko-diktatura\/","title":{"rendered":"Deklarata e Berish\u00ebs\/ &#8220;Shqip\u00ebria do t\u00eb \u00e7lirohet nga narko-diktatura"},"content":{"rendered":"<p>Kreu i Partis\u00eb Demokratike, Sali Berisha, zhvilloi nj\u00eb takim me strukturat lokale t\u00eb PD n\u00eb Kombinat, ku u shpreh optimist p\u00ebr perspektiv\u00ebn e opozit\u00ebs dhe kritkoi qeverisjen e Edi Ram\u00ebs.<\/p>\n<p>Ai akuzoi qeverin\u00eb aktuale p\u00ebr t\u00eb shtypur pluralizmin dhe p\u00ebr t\u00eb goditur opozit\u00ebn.<\/p>\n<p>\u201cMir\u00ebmbr\u00ebma\u00a0dhe p\u00ebrsh\u00ebndetjet m\u00eb t\u00eb p\u00ebrzem\u00ebrta ju, demokrate dhe demokrat\u00eb, drejtues t\u00eb strukturave t\u00eb PD n\u00eb Kombinat, t\u00eb gjith\u00eb qytetar\u00ebve t\u00eb Kombinatit, Tiran\u00ebs dhe mbar\u00eb Shqip\u00ebris\u00eb. nj\u00eb p\u00ebrsh\u00ebndetje t\u00eb p\u00ebrzem\u00ebrt drejtuesve qendror\u00eb dhe lokal\u00eb t\u00eb PD, t\u00eb pranish\u00ebm n\u00eb k\u00ebt\u00eb k\u00ebt\u00eb sall\u00eb, znj.kryetare, z.Klevis, z.Ilir, Andia dhe t\u00eb gjith\u00eb sa jeni k\u00ebtu.<\/p>\n<p>Kam ardhur sot tek ju p\u00ebr nj\u00eb bised\u00eb q\u00eb duhet ta b\u00ebjm\u00eb me nj\u00ebri-tjetrin, duhet ta b\u00ebjm\u00eb me \u00e7do demokrat, n\u00eb m\u00ebnyr\u00eb q\u00eb t\u00eb kuptojm\u00eb, t\u00eb realizojm\u00eb se sot ne jemi n\u00eb agune v\u00ebrtet\u00eb t\u00eb nj\u00eb transformimi t\u00eb madh. Sot, ne jemi n\u00eb agun e v\u00ebrtet\u00eb t\u00eb nj\u00eb fitoreje t\u00eb pashmangshme n\u00eb betejat e saj, t\u00eb opozit\u00ebs shqiptare. Un\u00eb, jam i vet\u00ebdijsh\u00ebm se ju me t\u00eb drejt\u00eb jeni t\u00eb d\u00ebshp\u00ebruar, jeni t\u00eb lodhur, t\u00eb m\u00ebrzitur, nj\u00eb opozit\u00eb e pamerituar 13 vje\u00e7are \u00ebsht\u00eb st\u00ebrmunduese. Jam i vetdijsh\u00ebm se armiku q\u00eb ne kemi p\u00ebrball\u00eb nuk respekton asnj\u00eb rregull, por nga ana tjet\u00ebr jam i vet\u00ebdijsh\u00ebm dhe i sigurt\u00eb se ne s\u00eb bashku sot, jemi n\u00eb prag t\u00eb p\u00ebrmbushjes s\u00eb misionit ton\u00eb historik t\u00eb shp\u00ebtimit t\u00eb Shqip\u00ebris\u00eb dhe shqiptar\u00ebve nga narkodiktatura, apo diktatura autokratike, e cila n\u00eb shum\u00eb aspekte ka shkat\u00ebrruar dhe d\u00ebmtuar q\u00ebnien shqiptare m\u00eb shum\u00eb se \u00e7do regjim tjet\u00ebr n\u00eb t\u00ebr\u00eb historin\u00eb e k\u00ebtij vendi.<\/p>\n<p>Kreu i narkoekzekutivit t\u00eb sot\u00ebm, Edi Rama \u00ebsht\u00eb sjell\u00eb me opozit\u00ebn me t\u00eb nj\u00ebjt\u00ebn moral, me t\u00eb nj\u00ebjt\u00ebn urrejtje, me t\u00eb nj\u00ebjt\u00ebn armiq\u00ebsi t\u00eb paraardh\u00ebsve t\u00eb tij.\u00a0Natyrisht, nuk \u00ebsht\u00eb m\u00eb koha e diktaturave totalitare ku pluralizmi ndalohej me Kushtetut\u00eb, por sot ky p\u00ebrdor \u00e7do mjet p\u00ebr t\u00eb shtypur pluralizmin, p\u00ebr t\u00eb shtypur opozit\u00ebn.<\/p>\n<p>P\u00ebrve\u00e7 gjahut t\u00eb shtrigave q\u00eb b\u00ebn ndaj opozitar\u00ebve, pun\u00ebs s\u00eb tyre, bizneseve t\u00eb tyre e me radh\u00eb, nuk ngurron t\u00eb arrestoj\u00eb, persekutoj\u00eb, nj\u00eblloj si et\u00ebrit e tij, drejtuesit e opozit\u00ebs. Edi Rama n\u00eb k\u00ebto 13 vite shkat\u00ebrroi institucionin m\u00eb themelor t\u00eb demkracis\u00eb, por edhe t\u00eb dinjitetit, vot\u00ebn e lir\u00eb. Ai qendron n\u00eb pushtet duke pla\u00e7kitur vot\u00ebn. Me lidhjet e tij t\u00eb krimit, ai ka ngritur n\u00eb piedestal kartelet e drog\u00ebs, vras\u00ebsit serial\u00eb, me qeveritar\u00ebt e tij dhe familjen e tij ka vendosur sistemin e pla\u00e7kitjes m\u00eb t\u00eb pam\u00ebshir\u00eb q\u00eb shqiptar\u00ebt kan\u00eb njohur n\u00eb t\u00ebr\u00eb historin\u00eb.\u201d, tha Berisha.<\/p>\n","protected":false},"excerpt":{"rendered":"<p>Kreu i Partis\u00eb Demokratike, Sali Berisha, zhvilloi nj\u00eb takim me strukturat lokale t\u00eb PD n\u00eb Kombinat, ku u shpreh optimist p\u00ebr perspektiv\u00ebn e opozit\u00ebs dhe kritkoi qeverisjen e Edi Ram\u00ebs. Ai akuzoi qeverin\u00eb aktuale p\u00ebr t\u00eb shtypur pluralizmin dhe p\u00ebr t\u00eb goditur opozit\u00ebn. \u201cMir\u00ebmbr\u00ebma\u00a0dhe p\u00ebrsh\u00ebndetjet m\u00eb t\u00eb p\u00ebrzem\u00ebrta ju, demokrate dhe demokrat\u00eb, drejtues t\u00eb strukturave &hellip;<\/p>\n","protected":false},"author":3,"featured_media":133798,"comment_status":"closed","ping_status":"closed","sticky":false,"template":"","format":"standard","meta":{"footnotes":""},"categories":[37],"tags":[],"class_list":["post-133797","post","type-post","status-publish","format-standard","has-post-thumbnail","","category-politike"],"_links":{"self":[{"href":"https:\/\/rdnews.al\/index.php\/wp-json\/wp\/v2\/posts\/133797","targetHints":{"allow":["GET"]}}],"collection":[{"href":"https:\/\/rdnews.al\/index.php\/wp-json\/wp\/v2\/posts"}],"about":[{"href":"https:\/\/rdnews.al\/index.php\/wp-json\/wp\/v2\/types\/post"}],"author":[{"embeddable":true,"href":"https:\/\/rdnews.al\/index.php\/wp-json\/wp\/v2\/users\/3"}],"replies":[{"embeddable":true,"href":"https:\/\/rdnews.al\/index.php\/wp-json\/wp\/v2\/comments?post=133797"}],"version-history":[{"count":1,"href":"https:\/\/rdnews.al\/index.php\/wp-json\/wp\/v2\/posts\/133797\/revisions"}],"predecessor-version":[{"id":133799,"href":"https:\/\/rdnews.al\/index.php\/wp-json\/wp\/v2\/posts\/133797\/revisions\/133799"}],"wp:featuredmedia":[{"embeddable":true,"href":"https:\/\/rdnews.al\/index.php\/wp-json\/wp\/v2\/media\/133798"}],"wp:attachment":[{"href":"https:\/\/rdnews.al\/index.php\/wp-json\/wp\/v2\/media?parent=133797"}],"wp:term":[{"taxonomy":"category","embeddable":true,"href":"https:\/\/rdnews.al\/index.php\/wp-json\/wp\/v2\/categories?post=133797"},{"taxonomy":"post_tag","embeddable":true,"href":"https:\/\/rdnews.al\/index.php\/wp-json\/wp\/v2\/tags?post=133797"}],"curies":[{"name":"wp","href":"https:\/\/api.w.org\/{rel}","templated":true}]}}