{"id":133820,"date":"2026-01-19T09:56:59","date_gmt":"2026-01-19T09:56:59","guid":{"rendered":"https:\/\/rdnews.al\/?p=133820"},"modified":"2026-01-19T09:56:59","modified_gmt":"2026-01-19T09:56:59","slug":"berisha-kushtetuesja-seksion-i-ps-mori-vendim-ne-favor-te-lubise-dhe-lubive-te-tjera-qe-do-te-shkojne-aty","status":"publish","type":"post","link":"https:\/\/rdnews.al\/index.php\/2026\/01\/19\/berisha-kushtetuesja-seksion-i-ps-mori-vendim-ne-favor-te-lubise-dhe-lubive-te-tjera-qe-do-te-shkojne-aty\/","title":{"rendered":"Berisha: Kushtetuesja seksion i PS! Mori vendim n\u00eb favor t\u00eb Lubis\u00eb dhe Lubive t\u00eb tjera q\u00eb do t\u00eb shkojn\u00eb aty"},"content":{"rendered":"<p>Lideri i opozit\u00ebs, Sali Berisha foli edhe pwr vendimin e &#8220;arrestit nw shtwpi&#8221;. Ai tha se, Gjykata Kushtetuese trajton me standarde t\u00eb dyfishta \u00e7\u00ebshtjet, duke vonuar ato q\u00eb lidhen me opozit\u00ebn dhe duke p\u00ebrshpejtuar rastet q\u00eb prekin qeveritar\u00ebt.<\/p>\n<p>Berisha theksoi se, vendimi ndaj tij u shpall antikushtetues, por nuk u shfuqizua, edhe pse pasojat e tij vazhdojn\u00eb ende sot.<\/p>\n<p>&#8220;Gjykata Kushtetuese \u00ebsht\u00eb nj\u00eb seksion i nj\u00eb organizate partie t\u00eb PS-s\u00eb. Komenti i par\u00eb. At\u00eb \u00e7\u00ebshtje Gjykata Kushtetuese e trajtoi pas 8 muajve paraqitje. N\u00eb nj\u00eb koh\u00eb kur \u00e7do \u00e7\u00ebshtje q\u00eb ka t\u00eb b\u00ebj\u00eb me qeveritar\u00ebt e trajton brenda 2-3 jav\u00ebve.<\/p>\n<p>K\u00ebto jan\u00eb standardet partiake t\u00eb Gjykat\u00ebs Kushtetuese.<\/p>\n<p>S\u00eb dyti, Gjykata Kushtetuese me nj\u00eb vendim t\u00eb koduar, partia, shpalli jo kushtetues vendimin ndaj meje por nuk e shfuqizoi at\u00eb. Nd\u00ebrkoh\u00eb q\u00eb ai vendim ka pasoja edhe sot.<\/p>\n<p>Pra, nuk e shfuqizoi duke pretenduar se nuk \u00ebsht\u00eb m\u00eb n\u00eb fuqi, por n\u00eb fuqi jan\u00eb pasojat e tij. Dhe vendimi n\u00eb \u00e7do doktrin\u00eb, p\u00ebrve\u00e7 n\u00eb at\u00eb t\u00eb partis\u00eb s\u00eb krimit, vendimi duhej shfuqizuar.<\/p>\n<p>\u00c7far\u00eb b\u00ebri me vendimin q\u00eb mori.<\/p>\n<p>Mori nj\u00eb vendim n\u00eb favor t\u00eb Lubis\u00eb dhe Lubive t\u00eb tjera q\u00eb do t\u00eb shkojn\u00eb aty. Sepse hapi rrug\u00ebn t\u00eb shfuqizoj\u00eb vendimet e tjera. Vendimin tim nuk e shfuqizoi duke pretenduar se nuk \u00ebsht\u00eb n\u00eb fuqi, duke pretenduar se ajo merret vet\u00ebm m\u00eb vendimet q\u00eb jan\u00eb n\u00eb fuqi, \u00e7ka nuk \u00ebsht\u00eb ashtu.<\/p>\n<p>Ajo merret me vendimet q\u00eb jan\u00eb n\u00eb fuqi dhe q\u00eb kan\u00eb pasoja. Nuk \u00ebsht\u00eb zhdukur. Pasoja e atij vendimi \u00ebsht\u00eb fakti q\u00eb un\u00eb jam sot k\u00ebtu para jush. Kjo \u00ebsht\u00eb nj\u00eb nga pasojat.<\/p>\n<p>Plus pasojat e tjera.<\/p>\n<p>Ja pra, besoj se e mor\u00ebt vesh se \u00e7\u2019p\u00ebrfaq\u00ebsojn\u00eb, njer\u00ebz t\u00eb kapur peng me dhjet\u00ebra e dhjet\u00ebra m\u00ebkate dhe gj\u00ebra t\u00eb padenja&#8221;, u shpreh Berisha.<\/p>\n","protected":false},"excerpt":{"rendered":"<p>Lideri i opozit\u00ebs, Sali Berisha foli edhe pwr vendimin e &#8220;arrestit nw shtwpi&#8221;. Ai tha se, Gjykata Kushtetuese trajton me standarde t\u00eb dyfishta \u00e7\u00ebshtjet, duke vonuar ato q\u00eb lidhen me opozit\u00ebn dhe duke p\u00ebrshpejtuar rastet q\u00eb prekin qeveritar\u00ebt. Berisha theksoi se, vendimi ndaj tij u shpall antikushtetues, por nuk u shfuqizua, edhe pse pasojat e &hellip;<\/p>\n","protected":false},"author":4,"featured_media":133812,"comment_status":"closed","ping_status":"closed","sticky":false,"template":"","format":"standard","meta":{"footnotes":""},"categories":[37],"tags":[],"class_list":["post-133820","post","type-post","status-publish","format-standard","has-post-thumbnail","","category-politike"],"_links":{"self":[{"href":"https:\/\/rdnews.al\/index.php\/wp-json\/wp\/v2\/posts\/133820","targetHints":{"allow":["GET"]}}],"collection":[{"href":"https:\/\/rdnews.al\/index.php\/wp-json\/wp\/v2\/posts"}],"about":[{"href":"https:\/\/rdnews.al\/index.php\/wp-json\/wp\/v2\/types\/post"}],"author":[{"embeddable":true,"href":"https:\/\/rdnews.al\/index.php\/wp-json\/wp\/v2\/users\/4"}],"replies":[{"embeddable":true,"href":"https:\/\/rdnews.al\/index.php\/wp-json\/wp\/v2\/comments?post=133820"}],"version-history":[{"count":1,"href":"https:\/\/rdnews.al\/index.php\/wp-json\/wp\/v2\/posts\/133820\/revisions"}],"predecessor-version":[{"id":133821,"href":"https:\/\/rdnews.al\/index.php\/wp-json\/wp\/v2\/posts\/133820\/revisions\/133821"}],"wp:featuredmedia":[{"embeddable":true,"href":"https:\/\/rdnews.al\/index.php\/wp-json\/wp\/v2\/media\/133812"}],"wp:attachment":[{"href":"https:\/\/rdnews.al\/index.php\/wp-json\/wp\/v2\/media?parent=133820"}],"wp:term":[{"taxonomy":"category","embeddable":true,"href":"https:\/\/rdnews.al\/index.php\/wp-json\/wp\/v2\/categories?post=133820"},{"taxonomy":"post_tag","embeddable":true,"href":"https:\/\/rdnews.al\/index.php\/wp-json\/wp\/v2\/tags?post=133820"}],"curies":[{"name":"wp","href":"https:\/\/api.w.org\/{rel}","templated":true}]}}