{"id":133822,"date":"2026-01-19T10:07:09","date_gmt":"2026-01-19T10:07:09","guid":{"rendered":"https:\/\/rdnews.al\/?p=133822"},"modified":"2026-01-19T10:07:09","modified_gmt":"2026-01-19T10:07:09","slug":"procesi-partizani-berisha-rama-ka-nje-mori-firmash-ne-ate-dosje-kraja-e-altin-troplini-nuk-kane-guxuar-ta-therrasin","status":"publish","type":"post","link":"https:\/\/rdnews.al\/index.php\/2026\/01\/19\/procesi-partizani-berisha-rama-ka-nje-mori-firmash-ne-ate-dosje-kraja-e-altin-troplini-nuk-kane-guxuar-ta-therrasin\/","title":{"rendered":"Procesi &#8220;Partizani&#8221;\/ Berisha: Rama ka nj\u00eb mori firmash n\u00eb at\u00eb dosje! Kraja e Altin &#8220;Troplini&#8221; nuk kan\u00eb guxuar ta th\u00ebrrasin"},"content":{"rendered":"<p>Kryetari i PD, Sali Berisha, duke ju p\u00ebrgjigjur interesit t\u00eb gazetar\u00ebve p\u00ebr thirrjen e Edi Ram\u00ebs d\u00ebshmitar n\u00eb procesin \u201cPartizani\u201d tha se, Rama ka nj\u00eb mori firmash n\u00eb at\u00eb dosje vet\u00eb, por Kraja, Altin Troplini nuk kan\u00eb guxuar ta th\u00ebrrasin.<\/p>\n<p>&#8220;N\u00eb qoft\u00eb se p\u00ebr Sali Berish\u00ebn n\u00eb at\u00eb dosje gjith\u00e7ka \u00ebsht\u00eb e thurur mbi mashtrimin, falsifikimin, manipulimin e dokumenteve si\u00e7 ju kam th\u00ebn\u00eb, aty vendime gjykatash sanksionojn\u00eb faj\u00ebsin\u00eb e Edi Ram\u00ebs.<\/p>\n<p>Dhe xhelati i sigurimit t\u00eb Shtetit, Arben Kraja, Poja i Skapit, Altin Troplini dhe Enkelejda Fetahu, nuk kan\u00eb guxuar ta th\u00ebrrasin qoft\u00eb edhe nj\u00ebher\u00eb t\u00eb vetme Edi Ram\u00ebn.<\/p>\n<p>Edi Rama ka aty nj\u00eb mori firmash n\u00eb at\u00eb dosje vet\u00eb.<\/p>\n<p>Kurse Sali Berisha nuk ka asnj\u00eb firm\u00eb n\u00eb t\u00eb t\u00ebr\u00eb procesin e njohjes, kthimit dhe parablerjes. Ka nj\u00eb firm\u00eb mbi firm\u00ebn e Edi Ram\u00ebs, t\u00eb vetmen firm\u00eb.<\/p>\n<p>Po ai ka disa dhe ai \u00ebsht\u00eb i d\u00ebnuar nga gjykata, \u00ebsht\u00eb i d\u00ebnuar. I ka b\u00ebr\u00eb nj\u00eb d\u00ebm shtetit prej 320 mij\u00eb eurosh, Edi Rama.<\/p>\n<p>Un\u00eb uroj q\u00eb gjykat\u00ebsit ta th\u00ebrrasin n\u00eb sall\u00ebn e gjyqit, dhe po t\u00eb ken\u00eb guximin ta shpallin t\u00eb pandehur n\u00eb sall\u00ebn e gjyqit, t\u00eb shpallin at\u00eb q\u00eb meriton. Por mesa duket Lubia po e merr me vete&#8221;, tha Berisha.<\/p>\n","protected":false},"excerpt":{"rendered":"<p>Kryetari i PD, Sali Berisha, duke ju p\u00ebrgjigjur interesit t\u00eb gazetar\u00ebve p\u00ebr thirrjen e Edi Ram\u00ebs d\u00ebshmitar n\u00eb procesin \u201cPartizani\u201d tha se, Rama ka nj\u00eb mori firmash n\u00eb at\u00eb dosje vet\u00eb, por Kraja, Altin Troplini nuk kan\u00eb guxuar ta th\u00ebrrasin. &#8220;N\u00eb qoft\u00eb se p\u00ebr Sali Berish\u00ebn n\u00eb at\u00eb dosje gjith\u00e7ka \u00ebsht\u00eb e thurur mbi mashtrimin, &hellip;<\/p>\n","protected":false},"author":4,"featured_media":133815,"comment_status":"closed","ping_status":"closed","sticky":false,"template":"","format":"standard","meta":{"footnotes":""},"categories":[37],"tags":[],"class_list":["post-133822","post","type-post","status-publish","format-standard","has-post-thumbnail","","category-politike"],"_links":{"self":[{"href":"https:\/\/rdnews.al\/index.php\/wp-json\/wp\/v2\/posts\/133822","targetHints":{"allow":["GET"]}}],"collection":[{"href":"https:\/\/rdnews.al\/index.php\/wp-json\/wp\/v2\/posts"}],"about":[{"href":"https:\/\/rdnews.al\/index.php\/wp-json\/wp\/v2\/types\/post"}],"author":[{"embeddable":true,"href":"https:\/\/rdnews.al\/index.php\/wp-json\/wp\/v2\/users\/4"}],"replies":[{"embeddable":true,"href":"https:\/\/rdnews.al\/index.php\/wp-json\/wp\/v2\/comments?post=133822"}],"version-history":[{"count":1,"href":"https:\/\/rdnews.al\/index.php\/wp-json\/wp\/v2\/posts\/133822\/revisions"}],"predecessor-version":[{"id":133823,"href":"https:\/\/rdnews.al\/index.php\/wp-json\/wp\/v2\/posts\/133822\/revisions\/133823"}],"wp:featuredmedia":[{"embeddable":true,"href":"https:\/\/rdnews.al\/index.php\/wp-json\/wp\/v2\/media\/133815"}],"wp:attachment":[{"href":"https:\/\/rdnews.al\/index.php\/wp-json\/wp\/v2\/media?parent=133822"}],"wp:term":[{"taxonomy":"category","embeddable":true,"href":"https:\/\/rdnews.al\/index.php\/wp-json\/wp\/v2\/categories?post=133822"},{"taxonomy":"post_tag","embeddable":true,"href":"https:\/\/rdnews.al\/index.php\/wp-json\/wp\/v2\/tags?post=133822"}],"curies":[{"name":"wp","href":"https:\/\/api.w.org\/{rel}","templated":true}]}}