{"id":133833,"date":"2026-01-19T11:55:18","date_gmt":"2026-01-19T11:55:18","guid":{"rendered":"https:\/\/rdnews.al\/?p=133833"},"modified":"2026-01-19T11:55:18","modified_gmt":"2026-01-19T11:55:18","slug":"imuniteti-i-ballukut-zhupa-rama-po-i-trajton-socialistet-si-kartona","status":"publish","type":"post","link":"https:\/\/rdnews.al\/index.php\/2026\/01\/19\/imuniteti-i-ballukut-zhupa-rama-po-i-trajton-socialistet-si-kartona\/","title":{"rendered":"Imuniteti i Ballukut\/ Zhupa: Rama po i trajton socialist\u00ebt si kartona!"},"content":{"rendered":"<p>Deputetja e PD, Ina Zhupa ka deklaruar k\u00ebt\u00eb t\u00eb h\u00ebn\u00eb se K\u00ebshilli i Mandateve dhe Imunitetit p\u00ebr t\u00eb shqyrtuar k\u00ebrkes\u00ebn e SPAK p\u00ebr arrestimin e Belinda Ballukut, duhet t\u00eb mblidhet sipas rregullores.<\/p>\n<p>N\u00eb mbledhjen e Kryetar\u00ebve, Zhupa u shpreh se, opozita ka k\u00ebrkuar disa her\u00eb mbledhjen, por kjo e fundit \u00ebsht\u00eb zvarritur nga pala socialiste.<\/p>\n<p>Sipas Zhup\u00ebs, socialist\u00ebt po p\u00ebrdoren nga Rama si \u201ckartona\u201d duke shkelur rregulloren p\u00ebr mbledhjen e K\u00ebshillit.<\/p>\n<p>\u201cDuhet t\u00eb kesh guxim t\u00eb tepruar dhe pafytyr\u00ebsi t\u00eb thuash q\u00eb sesioni i kaluar ishte sukses dhe dh\u00ebnie hap\u00ebsire p\u00ebr deputet\u00ebt e opozit\u00ebs. Treguesi kohor q\u00eb citon Balla, ku opozita ka folur 48 or\u00eb dhe mazhoranca 40 or\u00eb, tregon q\u00eb paskeni folur shum\u00eb. Sepse Edi Rama ju trajtoi si kartona dhe ushtar\u00eb pa personalitet, teksa ju tha: ju mos diskutoni, por vet\u00ebm miratoni projektligje. Edhe n\u00eb k\u00ebt\u00eb porosi, ku askush nga ju s\u2019e kund\u00ebrshtoi, ju ftoj q\u00eb k\u00ebt\u00eb sesion t\u00eb flisni 4 or\u00eb gjithsej, sepse at\u00eb rol ua kan\u00eb dh\u00ebn\u00eb: si kartona.<\/p>\n<p>Opozita k\u00ebrkon mbledhjen e K\u00ebshillit t\u00eb Mandateve sipas rregullores, ju e shkelni. Opozita k\u00ebrkon mocion me debat p\u00ebr problemet e shqiptar\u00ebve, ju e mohoni. Opozita k\u00ebrkon interpelanca me kryeministrin, ju s\u2019i lejoni. P\u00ebr \u00e7far\u00eb flisni at\u00ebher\u00eb?<\/p>\n<p>Mjafton t\u00eb shikosh edhe k\u00ebt\u00eb projekt-kalendar: asnj\u00eb nga projektligjet e deputet\u00ebve t\u00eb opozit\u00ebs nuk ka nj\u00eb dat\u00eb p\u00ebr shqyrtim. Zero, asnj\u00eb, sa p\u00ebr sy e faqe. Data kan\u00eb vet\u00ebm projektligjet e qeveris\u00eb dhe ato t\u00eb deputet\u00ebve tuaj, q\u00eb nuk i kan\u00eb b\u00ebr\u00eb as vet\u00eb, por i sjellin t\u00eb qeveris\u00eb p\u00ebr t\u00eb shmangur procesin e konsultimit publik.<\/p>\n<p>S\u2019keni as guxim t\u2019i fusni dhe t\u2019i rr\u00ebzoni, sepse nuk thoni dot publikisht q\u00eb kund\u00ebrshtoni interesin qytetar. Rri n\u00eb sirtar projektligji im p\u00ebr pagat e m\u00ebsuesve, heqja e 5-mij\u00eb lek\u00ebshit t\u00eb kategoris\u00eb. Nuk e fusni, sepse nuk e rr\u00ebzoni dot, por as nuk e miratoni, sepse s\u2019ju l\u00eb qeveria. Ky \u00ebsht\u00eb realiteti i nj\u00eb parlamenti q\u00eb nuk respekton asgj\u00eb dhe nuk ka asnj\u00eb rol p\u00ebrtej d\u00ebshirave dhe vullnetit t\u00eb Edi Ram\u00ebs\u201d, u shpreh Zhupa.<\/p>\n","protected":false},"excerpt":{"rendered":"<p>Deputetja e PD, Ina Zhupa ka deklaruar k\u00ebt\u00eb t\u00eb h\u00ebn\u00eb se K\u00ebshilli i Mandateve dhe Imunitetit p\u00ebr t\u00eb shqyrtuar k\u00ebrkes\u00ebn e SPAK p\u00ebr arrestimin e Belinda Ballukut, duhet t\u00eb mblidhet sipas rregullores. N\u00eb mbledhjen e Kryetar\u00ebve, Zhupa u shpreh se, opozita ka k\u00ebrkuar disa her\u00eb mbledhjen, por kjo e fundit \u00ebsht\u00eb zvarritur nga pala socialiste. &hellip;<\/p>\n","protected":false},"author":4,"featured_media":131547,"comment_status":"closed","ping_status":"closed","sticky":false,"template":"","format":"standard","meta":{"footnotes":""},"categories":[37],"tags":[],"class_list":["post-133833","post","type-post","status-publish","format-standard","has-post-thumbnail","","category-politike"],"_links":{"self":[{"href":"https:\/\/rdnews.al\/index.php\/wp-json\/wp\/v2\/posts\/133833","targetHints":{"allow":["GET"]}}],"collection":[{"href":"https:\/\/rdnews.al\/index.php\/wp-json\/wp\/v2\/posts"}],"about":[{"href":"https:\/\/rdnews.al\/index.php\/wp-json\/wp\/v2\/types\/post"}],"author":[{"embeddable":true,"href":"https:\/\/rdnews.al\/index.php\/wp-json\/wp\/v2\/users\/4"}],"replies":[{"embeddable":true,"href":"https:\/\/rdnews.al\/index.php\/wp-json\/wp\/v2\/comments?post=133833"}],"version-history":[{"count":1,"href":"https:\/\/rdnews.al\/index.php\/wp-json\/wp\/v2\/posts\/133833\/revisions"}],"predecessor-version":[{"id":133834,"href":"https:\/\/rdnews.al\/index.php\/wp-json\/wp\/v2\/posts\/133833\/revisions\/133834"}],"wp:featuredmedia":[{"embeddable":true,"href":"https:\/\/rdnews.al\/index.php\/wp-json\/wp\/v2\/media\/131547"}],"wp:attachment":[{"href":"https:\/\/rdnews.al\/index.php\/wp-json\/wp\/v2\/media?parent=133833"}],"wp:term":[{"taxonomy":"category","embeddable":true,"href":"https:\/\/rdnews.al\/index.php\/wp-json\/wp\/v2\/categories?post=133833"},{"taxonomy":"post_tag","embeddable":true,"href":"https:\/\/rdnews.al\/index.php\/wp-json\/wp\/v2\/tags?post=133833"}],"curies":[{"name":"wp","href":"https:\/\/api.w.org\/{rel}","templated":true}]}}