{"id":133835,"date":"2026-01-19T12:03:06","date_gmt":"2026-01-19T12:03:06","guid":{"rendered":"https:\/\/rdnews.al\/?p=133835"},"modified":"2026-01-19T12:03:06","modified_gmt":"2026-01-19T12:03:06","slug":"berisha-me-projektin-smart-city-edi-rama-kompleton-survejimin-me-te-paligjshem-dhe-me-total-te-qytetareve","status":"publish","type":"post","link":"https:\/\/rdnews.al\/index.php\/2026\/01\/19\/berisha-me-projektin-smart-city-edi-rama-kompleton-survejimin-me-te-paligjshem-dhe-me-total-te-qytetareve\/","title":{"rendered":"Berisha: Me projektin Smart City Edi Rama kompleton survejimin m\u00eb t\u00eb paligjsh\u00ebm dhe m\u00eb total t\u00eb qytetar\u00ebve"},"content":{"rendered":"<p>Kryetari i PD, Sali Berisha tha se, me projektin Smart City Edi Rama kompleton survejimin m\u00eb t\u00eb paligjsh\u00ebm dhe m\u00eb total t\u00eb qytetar\u00ebve.<\/p>\n<p>N\u00eb nj\u00eb dalje p\u00ebr mediat, Berisha u shpreh se kjo nism\u00eb synon kontrollin e plot\u00eb t\u00eb l\u00ebvizjeve dhe jet\u00ebs private t\u00eb \u00e7do individi, duke sh\u00ebnuar asgj\u00ebsimin e privacis\u00eb dhe duke krijuar rreziqe serioze p\u00ebr sigurin\u00eb e t\u00eb dh\u00ebnave personale.<\/p>\n<p><strong>Berisha:<\/strong> Sot jam para jush p\u00ebr t\u00eb denoncuar p\u00ebrs\u00ebri projektin e quajtur Smart City, Qyteti i Men\u00e7ur, t\u00eb themi.<\/p>\n<p>S\u00eb pari, si projekt ky synon survejimin e plot\u00eb t\u00eb l\u00ebvizjeve t\u00eb \u00e7do qytetari.<\/p>\n<p>N\u00eb qoft\u00eb se nj\u00eb vit m\u00eb par\u00eb u vendos\u00ebn n\u00eb t\u00eb gjitha kompanit\u00eb e telefonave aparaturat e regjistrimit t\u00eb plot\u00eb t\u00eb internetit dhe telefonave t\u00eb celular\u00ebve me pretekstin e nd\u00ebrprerjes s\u00eb TikTokut, tani me Smart City, Edi Rama kompleton survejimin m\u00eb t\u00eb paligjsh\u00ebm dhe m\u00eb total t\u00eb qytetar\u00ebve shqiptar\u00eb, t\u00eb \u00e7do l\u00ebvizje t\u00eb tyre.<\/p>\n<p>Ky p\u00ebrb\u00ebn asgj\u00ebsimin e plot\u00eb t\u00eb privacis\u00eb s\u00eb tyre, pasi ky sistem regjistron jo vet\u00ebm individin, por dhe fytyr\u00ebn me t\u00eb gjith\u00eb emotivitetin e saj t\u00eb individit.<\/p>\n<p>L\u00ebvizjet e tij n\u00eb \u00e7do destinacion.<\/p>\n<p>Vizitat e tij tek miqt\u00eb, tek t\u00eb af\u00ebrmit, tek shok\u00ebt.<\/p>\n<p>Privacin\u00eb e tij n\u00eb lokale dhe kudo q\u00eb shkon.<\/p>\n<p>Kjo \u00ebsht\u00eb vendosja e qytetar\u00ebve shqiptar\u00eb n\u00eb kontroll t\u00eb plot\u00eb, automjeteve t\u00eb tyre, l\u00ebvizjeve t\u00eb tyre. Dhe n\u00eb k\u00ebt\u00eb aspekt, aq sa t\u00eb dh\u00ebnat e nj\u00eb individi jan\u00eb private, ato b\u00ebhen shtet\u00ebrore.<\/p>\n<p>Aq sa t\u00eb dh\u00ebnat e nj\u00eb shoq\u00ebrie jan\u00eb shtet\u00ebrore, ato eksportohen n\u00eb duart e kujtdo.<\/p>\n<p>Tani \u00e7do organizat\u00eb kriminale nuk ka m\u00eb nevoj\u00eb p\u00ebrve\u00e7se t\u00eb fus\u00eb kthetrat n\u00eb kamera dhe t\u00eb marr\u00eb vesh se ku e ka gjahun e vet p\u00ebr ta marr\u00eb peng, p\u00ebr ta vrar\u00eb, p\u00ebr ta ekzekutuar, etj, etj.<\/p>\n","protected":false},"excerpt":{"rendered":"<p>Kryetari i PD, Sali Berisha tha se, me projektin Smart City Edi Rama kompleton survejimin m\u00eb t\u00eb paligjsh\u00ebm dhe m\u00eb total t\u00eb qytetar\u00ebve. N\u00eb nj\u00eb dalje p\u00ebr mediat, Berisha u shpreh se kjo nism\u00eb synon kontrollin e plot\u00eb t\u00eb l\u00ebvizjeve dhe jet\u00ebs private t\u00eb \u00e7do individi, duke sh\u00ebnuar asgj\u00ebsimin e privacis\u00eb dhe duke krijuar rreziqe &hellip;<\/p>\n","protected":false},"author":4,"featured_media":133836,"comment_status":"closed","ping_status":"closed","sticky":false,"template":"","format":"standard","meta":{"footnotes":""},"categories":[37],"tags":[],"class_list":["post-133835","post","type-post","status-publish","format-standard","has-post-thumbnail","","category-politike"],"_links":{"self":[{"href":"https:\/\/rdnews.al\/index.php\/wp-json\/wp\/v2\/posts\/133835","targetHints":{"allow":["GET"]}}],"collection":[{"href":"https:\/\/rdnews.al\/index.php\/wp-json\/wp\/v2\/posts"}],"about":[{"href":"https:\/\/rdnews.al\/index.php\/wp-json\/wp\/v2\/types\/post"}],"author":[{"embeddable":true,"href":"https:\/\/rdnews.al\/index.php\/wp-json\/wp\/v2\/users\/4"}],"replies":[{"embeddable":true,"href":"https:\/\/rdnews.al\/index.php\/wp-json\/wp\/v2\/comments?post=133835"}],"version-history":[{"count":1,"href":"https:\/\/rdnews.al\/index.php\/wp-json\/wp\/v2\/posts\/133835\/revisions"}],"predecessor-version":[{"id":133837,"href":"https:\/\/rdnews.al\/index.php\/wp-json\/wp\/v2\/posts\/133835\/revisions\/133837"}],"wp:featuredmedia":[{"embeddable":true,"href":"https:\/\/rdnews.al\/index.php\/wp-json\/wp\/v2\/media\/133836"}],"wp:attachment":[{"href":"https:\/\/rdnews.al\/index.php\/wp-json\/wp\/v2\/media?parent=133835"}],"wp:term":[{"taxonomy":"category","embeddable":true,"href":"https:\/\/rdnews.al\/index.php\/wp-json\/wp\/v2\/categories?post=133835"},{"taxonomy":"post_tag","embeddable":true,"href":"https:\/\/rdnews.al\/index.php\/wp-json\/wp\/v2\/tags?post=133835"}],"curies":[{"name":"wp","href":"https:\/\/api.w.org\/{rel}","templated":true}]}}