{"id":133842,"date":"2026-01-19T12:11:02","date_gmt":"2026-01-19T12:11:02","guid":{"rendered":"https:\/\/rdnews.al\/?p=133842"},"modified":"2026-01-19T12:11:02","modified_gmt":"2026-01-19T12:11:02","slug":"berisha-shqiptaret-me-24-janar-do-ti-japin-pergjigjen-taos-se-krimit-dhe-edi-rames","status":"publish","type":"post","link":"https:\/\/rdnews.al\/index.php\/2026\/01\/19\/berisha-shqiptaret-me-24-janar-do-ti-japin-pergjigjen-taos-se-krimit-dhe-edi-rames\/","title":{"rendered":"Berisha: Shqiptar\u00ebt m\u00eb 24 janar do t&#8217;i japin p\u00ebrgjigjen Taos s\u00eb krimit dhe Edi Ram\u00ebs!"},"content":{"rendered":"<p>Kryetari i PD, Sali Berisha tha se, shqiptar\u00ebt do t\u00eb japin p\u00ebrgjigjen e merituar p\u00ebr Edi Ram\u00ebn dhe Taulant Ball\u00ebn m\u00eb 24 janar.<\/p>\n<p>N\u00eb konferenc\u00ebn me gazetar\u00ebt, Berisha tha se, qytetar\u00ebt jan\u00eb t\u00eb vetmit q\u00eb kan\u00eb t\u00eb drejt\u00ebn dhe fuqin\u00eb t\u00eb vendosin p\u00ebr t\u00eb ardhmen e vendit, dhe se kjo p\u00ebrgjigje do t\u00eb jet\u00eb e fuqishme ndaj veprimeve t\u00eb qeveris\u00eb, t\u00eb cilat ai i sheh si tentativ\u00eb p\u00ebr t\u00eb shp\u00ebrfillur dhe manipuluar vullnetin e popullit shqiptar.<\/p>\n<p><strong>Marsi Korreshi, SYRI TV:<\/strong> Taulant Balla, kreu i grupit parlamentar t\u00eb PS n\u00eb konferenc\u00ebn e kryetar\u00ebve, ka k\u00ebrc\u00ebnuar opozit\u00ebn se n\u00ebse nuk merr pjes\u00eb n\u00eb dy reformat, zgjedhoren dhe territorialen, at\u00ebher\u00eb ndryshon formula dhe PS do t\u00eb vijoj\u00eb pun\u00ebn e vetme. Keni nj\u00eb p\u00ebrgjigje p\u00ebr Ball\u00ebn. Nj\u00eb ide e till\u00eb \u00ebsht\u00eb artikuluar edhe nga Rama m\u00eb her\u00ebt.<\/p>\n<p><strong>Sali Berisha:<\/strong> Asnj\u00eb p\u00ebrgjigje p\u00ebrve\u00e7 asaj q\u00eb do i japin shqiptar\u00ebt m\u00eb 24 janar Taos s\u00eb famsh\u00ebm t\u00eb krimit dhe Edi Ram\u00ebs.<\/p>\n<p>Ata kan\u00eb aneksuar parlamentin dhe qytetar\u00ebt shqiptar\u00eb do thon\u00eb fjal\u00ebn e tyre.<\/p>\n<p>Kjo \u00ebsht\u00eb p\u00ebrgjigja ime p\u00ebr ta.<\/p>\n","protected":false},"excerpt":{"rendered":"<p>Kryetari i PD, Sali Berisha tha se, shqiptar\u00ebt do t\u00eb japin p\u00ebrgjigjen e merituar p\u00ebr Edi Ram\u00ebn dhe Taulant Ball\u00ebn m\u00eb 24 janar. N\u00eb konferenc\u00ebn me gazetar\u00ebt, Berisha tha se, qytetar\u00ebt jan\u00eb t\u00eb vetmit q\u00eb kan\u00eb t\u00eb drejt\u00ebn dhe fuqin\u00eb t\u00eb vendosin p\u00ebr t\u00eb ardhmen e vendit, dhe se kjo p\u00ebrgjigje do t\u00eb jet\u00eb e &hellip;<\/p>\n","protected":false},"author":4,"featured_media":133843,"comment_status":"closed","ping_status":"closed","sticky":false,"template":"","format":"standard","meta":{"footnotes":""},"categories":[37],"tags":[],"class_list":["post-133842","post","type-post","status-publish","format-standard","has-post-thumbnail","","category-politike"],"_links":{"self":[{"href":"https:\/\/rdnews.al\/index.php\/wp-json\/wp\/v2\/posts\/133842","targetHints":{"allow":["GET"]}}],"collection":[{"href":"https:\/\/rdnews.al\/index.php\/wp-json\/wp\/v2\/posts"}],"about":[{"href":"https:\/\/rdnews.al\/index.php\/wp-json\/wp\/v2\/types\/post"}],"author":[{"embeddable":true,"href":"https:\/\/rdnews.al\/index.php\/wp-json\/wp\/v2\/users\/4"}],"replies":[{"embeddable":true,"href":"https:\/\/rdnews.al\/index.php\/wp-json\/wp\/v2\/comments?post=133842"}],"version-history":[{"count":1,"href":"https:\/\/rdnews.al\/index.php\/wp-json\/wp\/v2\/posts\/133842\/revisions"}],"predecessor-version":[{"id":133844,"href":"https:\/\/rdnews.al\/index.php\/wp-json\/wp\/v2\/posts\/133842\/revisions\/133844"}],"wp:featuredmedia":[{"embeddable":true,"href":"https:\/\/rdnews.al\/index.php\/wp-json\/wp\/v2\/media\/133843"}],"wp:attachment":[{"href":"https:\/\/rdnews.al\/index.php\/wp-json\/wp\/v2\/media?parent=133842"}],"wp:term":[{"taxonomy":"category","embeddable":true,"href":"https:\/\/rdnews.al\/index.php\/wp-json\/wp\/v2\/categories?post=133842"},{"taxonomy":"post_tag","embeddable":true,"href":"https:\/\/rdnews.al\/index.php\/wp-json\/wp\/v2\/tags?post=133842"}],"curies":[{"name":"wp","href":"https:\/\/api.w.org\/{rel}","templated":true}]}}