{"id":133845,"date":"2026-01-19T12:14:56","date_gmt":"2026-01-19T12:14:56","guid":{"rendered":"https:\/\/rdnews.al\/?p=133845"},"modified":"2026-01-19T12:16:48","modified_gmt":"2026-01-19T12:16:48","slug":"berisha-nuk-kemi-bojkotuar-parlamentin-do-jemi-aty-per-te-qene-zeri-i-qytetareve","status":"publish","type":"post","link":"https:\/\/rdnews.al\/index.php\/2026\/01\/19\/berisha-nuk-kemi-bojkotuar-parlamentin-do-jemi-aty-per-te-qene-zeri-i-qytetareve\/","title":{"rendered":"Berisha: Nuk kemi bojkotuar parlamentin! Do jemi aty p\u00ebr t\u00eb qen\u00eb z\u00ebri i qytetar\u00ebve"},"content":{"rendered":"<p>Kryetari i PD, Sali Berisha gjat\u00eb konferenc\u00ebs p\u00ebr shtyp tha se, ne nuk kemi bojkotuar parlamentin, do jemi aty p\u00ebr t\u00eb qen\u00eb z\u00ebri i qytetar\u00ebve.<\/p>\n<p><strong>Marsi Korreshi, SYRI TV:<\/strong> Do t\u00eb jet\u00eb PD sot n\u00eb seanc\u00ebn e par\u00eb plenare n\u00eb legjislatur\u00ebn e re?<\/p>\n<p><strong>Sali Berisha:<\/strong> Ne nuk kemi bojkotuar parlamentin\u2019.<\/p>\n<p>Do jemi aty p\u00ebr t\u00eb qen\u00eb z\u00ebri i qytetar\u00ebve.<\/p>\n","protected":false},"excerpt":{"rendered":"<p>Kryetari i PD, Sali Berisha gjat\u00eb konferenc\u00ebs p\u00ebr shtyp tha se, ne nuk kemi bojkotuar parlamentin, do jemi aty p\u00ebr t\u00eb qen\u00eb z\u00ebri i qytetar\u00ebve. Marsi Korreshi, SYRI TV: Do t\u00eb jet\u00eb PD sot n\u00eb seanc\u00ebn e par\u00eb plenare n\u00eb legjislatur\u00ebn e re? Sali Berisha: Ne nuk kemi bojkotuar parlamentin\u2019. Do jemi aty p\u00ebr t\u00eb &hellip;<\/p>\n","protected":false},"author":4,"featured_media":133839,"comment_status":"closed","ping_status":"closed","sticky":false,"template":"","format":"standard","meta":{"footnotes":""},"categories":[37],"tags":[],"class_list":["post-133845","post","type-post","status-publish","format-standard","has-post-thumbnail","","category-politike"],"_links":{"self":[{"href":"https:\/\/rdnews.al\/index.php\/wp-json\/wp\/v2\/posts\/133845","targetHints":{"allow":["GET"]}}],"collection":[{"href":"https:\/\/rdnews.al\/index.php\/wp-json\/wp\/v2\/posts"}],"about":[{"href":"https:\/\/rdnews.al\/index.php\/wp-json\/wp\/v2\/types\/post"}],"author":[{"embeddable":true,"href":"https:\/\/rdnews.al\/index.php\/wp-json\/wp\/v2\/users\/4"}],"replies":[{"embeddable":true,"href":"https:\/\/rdnews.al\/index.php\/wp-json\/wp\/v2\/comments?post=133845"}],"version-history":[{"count":1,"href":"https:\/\/rdnews.al\/index.php\/wp-json\/wp\/v2\/posts\/133845\/revisions"}],"predecessor-version":[{"id":133846,"href":"https:\/\/rdnews.al\/index.php\/wp-json\/wp\/v2\/posts\/133845\/revisions\/133846"}],"wp:featuredmedia":[{"embeddable":true,"href":"https:\/\/rdnews.al\/index.php\/wp-json\/wp\/v2\/media\/133839"}],"wp:attachment":[{"href":"https:\/\/rdnews.al\/index.php\/wp-json\/wp\/v2\/media?parent=133845"}],"wp:term":[{"taxonomy":"category","embeddable":true,"href":"https:\/\/rdnews.al\/index.php\/wp-json\/wp\/v2\/categories?post=133845"},{"taxonomy":"post_tag","embeddable":true,"href":"https:\/\/rdnews.al\/index.php\/wp-json\/wp\/v2\/tags?post=133845"}],"curies":[{"name":"wp","href":"https:\/\/api.w.org\/{rel}","templated":true}]}}