{"id":133847,"date":"2026-01-19T12:31:41","date_gmt":"2026-01-19T12:31:41","guid":{"rendered":"https:\/\/rdnews.al\/?p=133847"},"modified":"2026-01-19T12:31:41","modified_gmt":"2026-01-19T12:31:41","slug":"gjekmarkaj-do-ta-keni-perballe-opoziten-ne-kuvend-dhe-ne-sheshe","status":"publish","type":"post","link":"https:\/\/rdnews.al\/index.php\/2026\/01\/19\/gjekmarkaj-do-ta-keni-perballe-opoziten-ne-kuvend-dhe-ne-sheshe\/","title":{"rendered":"Gjekmarkaj: Do ta keni p\u00ebrball\u00eb opozit\u00ebn n\u00eb Kuvend dhe n\u00eb sheshe!"},"content":{"rendered":"<p>Mbledhja e par\u00eb e Konferenc\u00ebs s\u00eb Kryetar\u00ebve p\u00ebr k\u00ebt\u00eb vit \u00ebsht\u00eb shoq\u00ebruar me debate t\u00eb ashpra mes maxhoranc\u00ebs dhe opozit\u00ebs.<\/p>\n<p>N\u00ebnkryetari i Kuvendit, Agron Gjekmarkaj tha se, opozita \u00ebsht\u00eb dhunuar n\u00eb Kuvend n\u00eb sesionin e par\u00eb t\u00eb k\u00ebsaj legjislature dhe nga 11 seanca vet\u00ebm n\u00eb dy prej tyre u b\u00eb debat normal.<\/p>\n<p>\u201cViti nuk ka filluar mbar\u00eb, sepse viti tjet\u00ebr mbaroi keq! Kater muajt nga shtatori n\u00eb dhjetor kan\u00eb qen\u00eb muajt m\u00eb t\u00eb sh\u00ebmtuar t\u00eb parlamentarizmit, dhunim i rregullores, dhunim i opozit\u00ebs, n\u00eb 11 seanca vet\u00ebm nj\u00eb a dy her\u00eb kemi b\u00ebr\u00eb debat normal, sepse keni patur frik\u00eb nga fjala e opozit\u00ebs t\u00eb perfshire nga skandalet tuaja! Q\u00eb t\u00eb kemi vit t\u00eb mbare duhet q\u00eb drejtesia t\u00eb mos merret peng, q\u00eb viti mos t\u00eb filloje me hung\u00ebrima, p\u00ebr\u00e7artje e \u00e7jerrje se si do ti tregoni vendin opozites! Ju them mos guxoni\u201d, tha Gjekmarkaj.<\/p>\n<p>\u201cDo ta keni p\u00ebrballe opozit\u00ebn n\u00eb Kuvend dhe shesh\u00ebt e Shqip\u00ebris\u00eb! Mqs zoti Balla ju referuar raportit t\u00eb OSBE-ODIHR i them se ai raport jua rr\u00ebzoi zgjedhjet e vjedhura t\u00eb 11 Majit, ato dy t\u00eb tretat q\u00eb ju thoni! Zoti Balla foli p\u00ebr nj\u00eb Shqiperi q\u00eb nuk ekziston, foli p\u00ebr vizione, duke shmangur at\u00eb q\u00eb Shqip\u00ebria reale pret t\u00eb d\u00ebgjoj\u00eb, at\u00eb q\u00eb qytetar\u00ebt duan, d\u00ebnimin e korrupsionit! Hakmarrja e drejtesis\u00eb jo \u201chakmarrja p\u00ebr drejtesi\u201d do t\u00eb bjer\u00eb mbi ju, nga brenda, nga jashte \u00ebsht\u00eb dialektike nuk i shmangeni dot\u201d.<\/p>\n","protected":false},"excerpt":{"rendered":"<p>Mbledhja e par\u00eb e Konferenc\u00ebs s\u00eb Kryetar\u00ebve p\u00ebr k\u00ebt\u00eb vit \u00ebsht\u00eb shoq\u00ebruar me debate t\u00eb ashpra mes maxhoranc\u00ebs dhe opozit\u00ebs. N\u00ebnkryetari i Kuvendit, Agron Gjekmarkaj tha se, opozita \u00ebsht\u00eb dhunuar n\u00eb Kuvend n\u00eb sesionin e par\u00eb t\u00eb k\u00ebsaj legjislature dhe nga 11 seanca vet\u00ebm n\u00eb dy prej tyre u b\u00eb debat normal. \u201cViti nuk ka &hellip;<\/p>\n","protected":false},"author":4,"featured_media":126266,"comment_status":"closed","ping_status":"closed","sticky":false,"template":"","format":"standard","meta":{"footnotes":""},"categories":[37],"tags":[],"class_list":["post-133847","post","type-post","status-publish","format-standard","has-post-thumbnail","","category-politike"],"_links":{"self":[{"href":"https:\/\/rdnews.al\/index.php\/wp-json\/wp\/v2\/posts\/133847","targetHints":{"allow":["GET"]}}],"collection":[{"href":"https:\/\/rdnews.al\/index.php\/wp-json\/wp\/v2\/posts"}],"about":[{"href":"https:\/\/rdnews.al\/index.php\/wp-json\/wp\/v2\/types\/post"}],"author":[{"embeddable":true,"href":"https:\/\/rdnews.al\/index.php\/wp-json\/wp\/v2\/users\/4"}],"replies":[{"embeddable":true,"href":"https:\/\/rdnews.al\/index.php\/wp-json\/wp\/v2\/comments?post=133847"}],"version-history":[{"count":1,"href":"https:\/\/rdnews.al\/index.php\/wp-json\/wp\/v2\/posts\/133847\/revisions"}],"predecessor-version":[{"id":133848,"href":"https:\/\/rdnews.al\/index.php\/wp-json\/wp\/v2\/posts\/133847\/revisions\/133848"}],"wp:featuredmedia":[{"embeddable":true,"href":"https:\/\/rdnews.al\/index.php\/wp-json\/wp\/v2\/media\/126266"}],"wp:attachment":[{"href":"https:\/\/rdnews.al\/index.php\/wp-json\/wp\/v2\/media?parent=133847"}],"wp:term":[{"taxonomy":"category","embeddable":true,"href":"https:\/\/rdnews.al\/index.php\/wp-json\/wp\/v2\/categories?post=133847"},{"taxonomy":"post_tag","embeddable":true,"href":"https:\/\/rdnews.al\/index.php\/wp-json\/wp\/v2\/tags?post=133847"}],"curies":[{"name":"wp","href":"https:\/\/api.w.org\/{rel}","templated":true}]}}